{"id":175179,"date":"2021-08-18T11:20:50","date_gmt":"2021-08-18T11:20:50","guid":{"rendered":"https:\/\/dimensionturistica.com\/es\/?p=175179"},"modified":"2021-08-18T11:20:50","modified_gmt":"2021-08-18T11:20:50","slug":"los-viajes-y-el-consumo-se-disparan-en-tarragona-pese-a-la-quinta-ola","status":"publish","type":"post","link":"https:\/\/dimensionturistica.com\/es\/los-viajes-y-el-consumo-se-disparan-en-tarragona-pese-a-la-quinta-ola\/","title":{"rendered":"Los viajes y el consumo se disparan en Tarragona pese a la quinta ola"},"content":{"rendered":"<p> <br \/>\n<\/p>\n<div>\n<p>La campa\u00f1a \u2018Para\u2019, lanzada por la Generalitat en pleno agosto, con el objetivo de mermar la interacci\u00f3n social por la virulencia de la quinta ola, no parece tener mucho efecto. Salut esgrimi\u00f3 el esl\u00f3gan \u2018Tu que pots parar, fes-ho!\u2019, en relaci\u00f3n a que los sanitarios deb\u00edan seguir al pie del ca\u00f1\u00f3n, pero la ciudadan\u00eda common s\u00ed pod\u00eda levantar el pie del acelerador.<\/p>\n<p>Diversos indicadores econ\u00f3micos y de seguimiento muestran que Tarragona apenas ha bajado el ritmo, a pesar del increase de contagios, de las UCI llenas y de la mortalidad en aumento. Aunque la disaster en sectores como el comercio o la restauraci\u00f3n sigue siendo profunda, lo cierto es que el consumo repunta, superando los niveles de 2019, y que la movilidad tambi\u00e9n se ha disparado, por efecto de las vacaciones.<\/p>\n<p>La situaci\u00f3n sanitaria, desbocada desde finales de junio \u2013la ocupaci\u00f3n desciende pero los \u00edndices son a\u00fan muy altos\u2013, no parece haber replegado a la sociedad. La recuperaci\u00f3n va por barrios y var\u00eda mucho seg\u00fan el sector, pero en l\u00edneas generales el consumo est\u00e1 en marcha. El \u00faltimo informe de BBVA Analysis indica que las compras presenciales aumentaron un 30% en julio, en relaci\u00f3n al mismo mes de 2019, cuando no estaba impactado por la pandemia. El gasto con tarjetas espa\u00f1olas fue el pasado mes un 38% superior al de hace dos a\u00f1os.<\/p>\n<p>El informe bancario indica un incremento claro \u00aben todos los sectores, excepto en grandes superficies, belleza, moda y viajes\u00bb, y a\u00f1ade: \u00abDestac\u00f3 el repunte del consumo en bares y restaurantes, y sobre todo en alojamiento, que recuper\u00f3 los niveles de hace dos a\u00f1os por primera vez desde el principio de la pandemia\u00bb.<\/p>\n<p>Hay que tener en cuenta que puede influir tambi\u00e9n el issue de un mayor uso de tarjeta en detrimento del dinero en efectivo a ra\u00edz de la pandemia. En todo caso, se trata, fundamentalmente, de consumo aut\u00f3ctono, nacional, teniendo en cuenta que la econom\u00eda tarraconense sigue lastrada por la escasa afluencia de turistas internacionales, por segundo verano consecutivo. El gasto de for\u00e1neos en Tarragona llega al 75% del que hubo en julio de 2019 y se percibe que, seg\u00fan los informes de BBVA Reserach, no se ha recuperado todav\u00eda. Eso s\u00ed, en julio, un mes afectado seriamente por la quinta ola, el turismo creci\u00f3, porque el gasto de los extranjeros con tarjeta en nuestras comarcas no lleg\u00f3 en junio ni al 40% de lo que se hab\u00eda alcanzado en el periodo de referencia, esto es, 2019. \u00abEl avance del gasto con tarjetas espa\u00f1olas, tanto presencial como on line, compens\u00f3 el descenso de las transacciones con tarjetas extranjeras. Con todo, estas moderaron su ca\u00edda, sobre todo en el canal presencial\u00bb, apuntan los informes financieros.<\/p>\n<p><b>\u00abIncremento estacional\u00bb<\/b><\/p>\n<p>Juan Gallardo, economista del gabiente de estudios de la Confederaci\u00f3 Empresarial de la Prov\u00edncia de Tarragona (CEPTA), cree que \u00abhay una doble din\u00e1mica\u00bb, con una \u00abnormalizaci\u00f3n de los sectores de consumo social, de servicios que tienen m\u00e1s relaci\u00f3n con la actividad tur\u00edstica, y tambi\u00e9n se produce un incremento estacional\u00bb.<\/p>\n<p>Las retiradas de dinero en efectivo de los cajeros tambi\u00e9n superaron a las de 2019. Otra aplicaci\u00f3n, en este caso Pulso, del Banc Sabadell, monitoriza este consumo dom\u00e9stico y ofrece datos reveladores de que la rueda econ\u00f3mica va girando en verano, algo ajena a las subidas de contagios. En relaci\u00f3n con 2020, un verano en el que hubo cierta normalidad pero con un turismo muy tocado, tambi\u00e9n se ha incrementado el gasto en conceptos como la restauraci\u00f3n, el transporte o las gasolineras, lo que nos lleva a otro bar\u00f3metro clave, m\u00e1s all\u00e1 de lo econ\u00f3mico, como es la movilidad.<\/p>\n<p>Esa aplicaci\u00f3n bancaria radiograf\u00eda las din\u00e1micas de ese consumo extranjero que va a ser la clave: el gasto con tarjetas procedentes del Reino Unido ha bajado un 27%, lo que muestra la escasez de este tipo de turistas debido a las restricciones, que por otra parte es la pieza clave de la campa\u00f1a tur\u00edstica en la Costa Daurada. De hecho, su poca presencia provoca un segundo a\u00f1o flojo en cuanto al turismo en Tarragona, marcado por un mercado nacional que en ning\u00fan caso compensa. Sin embargo, s\u00ed sube el dispendio hecho por franceses, holandeses, belgas, alemanes o italianos, seg\u00fan el steadiness del \u00faltimo mes.<\/p>\n<p>Los informes de movilidad native m\u00e1s recientes de Google se\u00f1alan, por ejemplo, un 263% m\u00e1s de salidas a los parques en Tarragona y un 37% m\u00e1s a tiendas y ocio, en relaci\u00f3n con el periodo de referencia, que son varias semanas antes del estallido de la emergencia sanitaria, en marzo de 2020. Bien es verdad que estos indicadores suelen ir al alza en verano (los desplazamientos a los lugares de trabajo bajan un 26%) pero tambi\u00e9n que reflejan un aumento de los movimientos ciudadanos.<\/p>\n<p>Otras estad\u00edsticas en esa l\u00ednea proceden de la plataforma Metropolis Analytics, desarrollada por Endesa, que a su vez se apoyan en el procesamiento de Huge Information de diferentes fuentes. Ah\u00ed tambi\u00e9n se disecciona una movilidad \u2018in crescendo\u2019, que supera los registros del a\u00f1o pasado y tambi\u00e9n los previos a la emergencia sanitaria. Se trata, en todo caso, de bar\u00f3metros en common sobre la movilidad y el consumo social, aunque la clave la otorgar\u00e1 la campa\u00f1a tur\u00edstica. \u00abA\u00fan hay muchos indicadores por debajo respecto a 2019. En el turismo, se percibe que el alojamiento tipo casa rural, apartamento o incluso los campings van bien o incluso muy bien pero los hoteles lo est\u00e1n pasando mal. En common, hay mucha m\u00e1s ocupaci\u00f3n que en 2020 pero no tiene nada que ver con una temporada regular\u00bb, cuenta Juan Gallardo, que culmina: \u00abNos fijamos mucho en magnitudes f\u00edsicas pero tambi\u00e9n hay que tener en cuenta los precios, que son m\u00e1s bajos y eso tambi\u00e9n va a influir en los balances de negocio que se hagan\u00bb.<\/p>\n<section class=\"mod mod-tags\">\n<\/section>\n<section class=\"mod mod-list\">\n<\/section><\/div>\n\n<p><em> &#8221; Fuentes www.diaridetarragona.com &#8221; <\/em><\/p>\n","protected":false},"excerpt":{"rendered":"<p>La campa\u00f1a \u2018Para\u2019, lanzada por la Generalitat en pleno agosto, con el objetivo de mermar la interacci\u00f3n social por la virulencia de la quinta ola, no parece tener mucho efecto. Salut esgrimi\u00f3 el esl\u00f3gan \u2018Tu que pots parar, fes-ho!\u2019, en relaci\u00f3n a que los sanitarios deb\u00edan seguir al pie del ca\u00f1\u00f3n, pero la ciudadan\u00eda common [&hellip;]<\/p>\n","protected":false},"author":4,"featured_media":175180,"comment_status":"open","ping_status":"closed","sticky":false,"template":"","format":"standard","meta":{"om_disable_all_campaigns":false,"jnews-multi-image_gallery":[],"jnews_single_post":[],"jnews_primary_category":[],"jnews_social_meta":[],"footnotes":""},"categories":[39],"tags":[954,55,715,5430,545],"class_list":["post-175179","post","type-post","status-publish","format-standard","has-post-thumbnail","hentry","category-viajes","tag-consumo","tag-coronavirus","tag-economia","tag-tarragona","tag-viajes"],"_links":{"self":[{"href":"https:\/\/dimensionturistica.com\/es\/wp-json\/wp\/v2\/posts\/175179","targetHints":{"allow":["GET"]}}],"collection":[{"href":"https:\/\/dimensionturistica.com\/es\/wp-json\/wp\/v2\/posts"}],"about":[{"href":"https:\/\/dimensionturistica.com\/es\/wp-json\/wp\/v2\/types\/post"}],"author":[{"embeddable":true,"href":"https:\/\/dimensionturistica.com\/es\/wp-json\/wp\/v2\/users\/4"}],"replies":[{"embeddable":true,"href":"https:\/\/dimensionturistica.com\/es\/wp-json\/wp\/v2\/comments?post=175179"}],"version-history":[{"count":0,"href":"https:\/\/dimensionturistica.com\/es\/wp-json\/wp\/v2\/posts\/175179\/revisions"}],"wp:featuredmedia":[{"embeddable":true,"href":"https:\/\/dimensionturistica.com\/es\/wp-json\/wp\/v2\/media\/175180"}],"wp:attachment":[{"href":"https:\/\/dimensionturistica.com\/es\/wp-json\/wp\/v2\/media?parent=175179"}],"wp:term":[{"taxonomy":"category","embeddable":true,"href":"https:\/\/dimensionturistica.com\/es\/wp-json\/wp\/v2\/categories?post=175179"},{"taxonomy":"post_tag","embeddable":true,"href":"https:\/\/dimensionturistica.com\/es\/wp-json\/wp\/v2\/tags?post=175179"}],"curies":[{"name":"wp","href":"https:\/\/api.w.org\/{rel}","templated":true}]}}