{"id":174978,"date":"2021-08-17T23:27:45","date_gmt":"2021-08-17T23:27:45","guid":{"rendered":"https:\/\/dimensionturistica.com\/es\/?p=174978"},"modified":"2021-08-17T23:27:45","modified_gmt":"2021-08-17T23:27:45","slug":"cancelan-llegadas-de-cruceros-a-cozumel-por-la-tormenta-tropical-grace","status":"publish","type":"post","link":"https:\/\/dimensionturistica.com\/es\/cancelan-llegadas-de-cruceros-a-cozumel-por-la-tormenta-tropical-grace\/","title":{"rendered":"Cancelan llegadas de cruceros a Cozumel por la tormenta tropical \u00abGrace\u00bb"},"content":{"rendered":"<p> <br \/>\n<\/p>\n<div>\n<figure class=\"wp-block-image size-full\"><img decoding=\"async\" loading=\"lazy\" width=\"708\" height=\"308\" src=\"https:\/\/dimensionturistica.com\/es\/wp-content\/uploads\/2021\/08\/1629242859_54_Cancelan-llegadas-de-cruceros-a-Cozumel-por-la-tormenta-tropical.jpeg\" alt=\"\" class=\"wp-image-190684 jetpack-lazy-image\" data-recalc-dims=\"1\" data-lazy- data-lazy- data-lazy-src=\"https:\/\/dimensionturistica.com\/es\/wp-content\/uploads\/2021\/08\/Cancelan-llegadas-de-cruceros-a-Cozumel-por-la-tormenta-tropical.jpeg\" \/><noscript><img decoding=\"async\" loading=\"lazy\" width=\"708\" height=\"308\" src=\"https:\/\/dimensionturistica.com\/es\/wp-content\/uploads\/2021\/08\/1629242859_54_Cancelan-llegadas-de-cruceros-a-Cozumel-por-la-tormenta-tropical.jpeg\" alt=\"\" class=\"wp-image-190684\"   data-recalc-dims=\"1\"\/><\/noscript><\/figure>\n<p><strong><em>Canc\u00fan, Quintana Roo, a 17 de agosto del 2021.<\/em><\/strong>\u2014\u00a0 Cozumel est\u00e1 preparado para hacer frente a una posible contingencia por la Tormenta Tropical \u201cGrace\u201d, asever\u00f3 el Presidente Municipal, Pedro Joaqu\u00edn Delbouis, al participar en la Sesi\u00f3n Extraordinaria del Consejo Estatal de Protecci\u00f3n Civil y Seguimiento del Comit\u00e9 de Atenci\u00f3n de Fen\u00f3menos Hidrometeorol\u00f3gicos.<\/p>\n<p>En la sesi\u00f3n, que encabez\u00f3 el Gobernador del Estado, Carlos Joaqu\u00edn Gonz\u00e1lez y en la que tambi\u00e9n participaron representantes de los tres \u00f3rdenes de gobierno y fuerzas armadas, se inform\u00f3 que, seg\u00fan los pron\u00f3sticos meteorol\u00f3gicos, la Tormenta Tropical \u201cGrace\u201d podr\u00eda llegar a las costas de Quintana Roo como Hurac\u00e1n categor\u00eda 1, impactando al sur de Tulum la madrugada de este jueves.<\/p>\n<figure class=\"wp-block-image size-full\"><img decoding=\"async\" loading=\"lazy\" width=\"708\" height=\"366\" src=\"https:\/\/dimensionturistica.com\/es\/wp-content\/uploads\/2021\/08\/1629242861_428_Cancelan-llegadas-de-cruceros-a-Cozumel-por-la-tormenta-tropical.jpeg\" alt=\"\" class=\"wp-image-190686 jetpack-lazy-image\" data-recalc-dims=\"1\" data-lazy- data-lazy- data-lazy-src=\"https:\/\/dimensionturistica.com\/es\/wp-content\/uploads\/2021\/08\/1629242861_449_Cancelan-llegadas-de-cruceros-a-Cozumel-por-la-tormenta-tropical.jpeg\" \/><noscript><img decoding=\"async\" loading=\"lazy\" width=\"708\" height=\"366\" src=\"https:\/\/dimensionturistica.com\/es\/wp-content\/uploads\/2021\/08\/1629242861_428_Cancelan-llegadas-de-cruceros-a-Cozumel-por-la-tormenta-tropical.jpeg\" alt=\"\" class=\"wp-image-190686\"   data-recalc-dims=\"1\"\/><\/noscript><\/figure>\n<p>A su vez, en la S\u00e9ptima Sesi\u00f3n Ordinaria del Consejo Municipal de Protecci\u00f3n Civil del Municipio de Cozumel, en la que se instal\u00f3 el Comit\u00e9 Operativo Especializado en Fen\u00f3menos Hidrometeorol\u00f3gicos Temporada 2021, el meteor\u00f3logo municipal Enrique Ch\u00e1vez Sevilla dijo que, si la tormenta mantiene el rumbo, la isla ser\u00eda afectada por el cuadrante 1, el de mayor peligro, con vientos entre los 120 y 140 km\/h, que comenzar\u00edan a sentirse ma\u00f1ana.<\/p>\n<p>En ese contexto, el Presidente Municipal, Pedro Joaqu\u00edn Delbouis, inform\u00f3 que Cozumel tiene listos tres refugios de primera apertura, en el CONALEP, Colegio de Bachilleres y la Escuela Secundaria \u201cCarlos Monsiv\u00e1is\u201d, con los protocolos sanitarios debido a la pandemia por Covid-19.<\/p>\n<figure class=\"wp-block-image size-full\"><img decoding=\"async\" loading=\"lazy\" width=\"708\" height=\"398\" src=\"https:\/\/dimensionturistica.com\/es\/wp-content\/uploads\/2021\/08\/1629242863_420_Cancelan-llegadas-de-cruceros-a-Cozumel-por-la-tormenta-tropical.jpeg\" alt=\"\" class=\"wp-image-190685 jetpack-lazy-image\" data-recalc-dims=\"1\" data-lazy- data-lazy- data-lazy-src=\"https:\/\/dimensionturistica.com\/es\/wp-content\/uploads\/2021\/08\/1629242863_914_Cancelan-llegadas-de-cruceros-a-Cozumel-por-la-tormenta-tropical.jpeg\" \/><noscript><img decoding=\"async\" loading=\"lazy\" width=\"708\" height=\"398\" src=\"https:\/\/dimensionturistica.com\/es\/wp-content\/uploads\/2021\/08\/1629242863_420_Cancelan-llegadas-de-cruceros-a-Cozumel-por-la-tormenta-tropical.jpeg\" alt=\"\" class=\"wp-image-190685\"   data-recalc-dims=\"1\"\/><\/noscript><\/figure>\n<p>En complete son 10 refugios temporales y ocho hoteles designados como refugios, los que est\u00e1n listos para ser activados de ser necesario para albergar a 3,978 turistas que est\u00e1n actualmente en la isla.<\/p>\n<p>En cuanto a los suministros, se inform\u00f3 que los supermercados tienen existencias suficientes para un periodo de entre 15 y 21 d\u00edas; las empresas de abastecimiento de bebidas y alimentos reportan reservas para 20 d\u00edas y las gasolineras podr\u00edan brindar servicio durante 10 d\u00edas.<\/p>\n<p>Asimismo, se notific\u00f3 que se cancel\u00f3 el arribo de los cruceros Symphony of the Seas, que se esperaba el d\u00eda de ma\u00f1ana; Journey of the Seas y Attract of the Seas, que llegar\u00edan a la isla el jueves.<\/p>\n<p>Adem\u00e1s, la naviera Winjet anunci\u00f3 que ma\u00f1ana mi\u00e9rcoles s\u00f3lo tendr\u00e1 cruces desde Cozumel en los horarios de 7, 8, 10 y 12 del d\u00eda; en tanto que de Playa del Carmen a las 8, 9 y 11 de la ma\u00f1ana; Ultramar, por su parte, notific\u00f3 que hoy opera normalmente, pero el jueves podr\u00edan darse afectaciones.<\/p>\n<p>Como parte de las actividades preventivas, desde hace varias semanas se lleva a cabo la poda de \u00e1rboles, limpieza de registros pluviales y de 170 pozos profundos. En las colonias Emiliano Zapata, Flores Mag\u00f3n 1 y 2 se construyeron recientemente nuevos pozos de absorci\u00f3n, a fin de prevenir inundaciones.<\/p>\n<p>Por \u00faltimo, se pidi\u00f3 a la poblaci\u00f3n estar atenta a los avisos emitidos en los medios de comunicaci\u00f3n oficiales del Ayuntamiento y del Gobierno del Estado, evitar compras de p\u00e1nico y llevar a cabo acciones preventivas en los hogares.<\/p>\n<\/p><\/div>\n<p><script data-cfasync=\"false\">(function(d, s, id){\n\t\t\t\t\t  var js, fjs = d.getElementsByTagName(s)[0];\n\t\t\t\t\t  if (d.getElementById(id)) return;\n\t\t\t\t\t  js = d.createElement(s); js.id = id;\n\t\t\t\t\t  js.src = \"\/\/connect.facebook.net\/es_ES\/sdk.js#xfbml=1&version=v3.2\";\n\t\t\t\t\t  fjs.parentNode.insertBefore(js, fjs);\n\t\t\t\t\t}(document, 'script', 'facebook-jssdk'));<\/script><br \/>\n<br \/><\/p>\n<p><em> &#8221; Fuentes www.cancunmio.com &#8221; <\/em><\/p>\n","protected":false},"excerpt":{"rendered":"<p>Canc\u00fan, Quintana Roo, a 17 de agosto del 2021.\u2014\u00a0 Cozumel est\u00e1 preparado para hacer frente a una posible contingencia por la Tormenta Tropical \u201cGrace\u201d, asever\u00f3 el Presidente Municipal, Pedro Joaqu\u00edn Delbouis, al participar en la Sesi\u00f3n Extraordinaria del Consejo Estatal de Protecci\u00f3n Civil y Seguimiento del Comit\u00e9 de Atenci\u00f3n de Fen\u00f3menos Hidrometeorol\u00f3gicos. En la sesi\u00f3n, [&hellip;]<\/p>\n","protected":false},"author":4,"featured_media":174979,"comment_status":"open","ping_status":"closed","sticky":false,"template":"","format":"standard","meta":{"om_disable_all_campaigns":false,"jnews-multi-image_gallery":[],"jnews_single_post":[],"jnews_primary_category":[],"jnews_social_meta":[],"footnotes":""},"categories":[41],"tags":[2010,2151],"class_list":["post-174978","post","type-post","status-publish","format-standard","has-post-thumbnail","hentry","category-cruceros","tag-cancun","tag-principal"],"_links":{"self":[{"href":"https:\/\/dimensionturistica.com\/es\/wp-json\/wp\/v2\/posts\/174978","targetHints":{"allow":["GET"]}}],"collection":[{"href":"https:\/\/dimensionturistica.com\/es\/wp-json\/wp\/v2\/posts"}],"about":[{"href":"https:\/\/dimensionturistica.com\/es\/wp-json\/wp\/v2\/types\/post"}],"author":[{"embeddable":true,"href":"https:\/\/dimensionturistica.com\/es\/wp-json\/wp\/v2\/users\/4"}],"replies":[{"embeddable":true,"href":"https:\/\/dimensionturistica.com\/es\/wp-json\/wp\/v2\/comments?post=174978"}],"version-history":[{"count":0,"href":"https:\/\/dimensionturistica.com\/es\/wp-json\/wp\/v2\/posts\/174978\/revisions"}],"wp:featuredmedia":[{"embeddable":true,"href":"https:\/\/dimensionturistica.com\/es\/wp-json\/wp\/v2\/media\/174979"}],"wp:attachment":[{"href":"https:\/\/dimensionturistica.com\/es\/wp-json\/wp\/v2\/media?parent=174978"}],"wp:term":[{"taxonomy":"category","embeddable":true,"href":"https:\/\/dimensionturistica.com\/es\/wp-json\/wp\/v2\/categories?post=174978"},{"taxonomy":"post_tag","embeddable":true,"href":"https:\/\/dimensionturistica.com\/es\/wp-json\/wp\/v2\/tags?post=174978"}],"curies":[{"name":"wp","href":"https:\/\/api.w.org\/{rel}","templated":true}]}}