{"id":174969,"date":"2021-08-17T22:45:21","date_gmt":"2021-08-17T22:45:21","guid":{"rendered":"https:\/\/dimensionturistica.com\/es\/?p=174969"},"modified":"2021-08-17T22:45:21","modified_gmt":"2021-08-17T22:45:21","slug":"desembarcan-de-emergencia-a-pasajero-del-crucero-independence-of-the-seas-en-cozumel","status":"publish","type":"post","link":"https:\/\/dimensionturistica.com\/es\/desembarcan-de-emergencia-a-pasajero-del-crucero-independence-of-the-seas-en-cozumel\/","title":{"rendered":"Desembarcan de emergencia a pasajero del crucero &#8216;Independence Of The Seas&#8217; en Cozumel"},"content":{"rendered":"<p> <br \/>\n<\/p>\n<div id=\"cuerpo-nota\">\n<p>\u201c<strong>Independence Of The Seas<\/strong>\u201d, fue desviado a <strong>Cozumel <\/strong>para desembarcar de urgencia a pasajero que debi\u00f3 de ser sometido a <strong>protocolos anticovid <\/strong>para su desembarque en el puerto. El trasatl\u00e1ntico continu\u00f3 su ruta hacia Roat\u00e1n, Honduras, sin contratiempos y se espera su retorno de visita el pr\u00f3ximo viernes 20 de agosto.\u00a0<\/p>\n<p>Debido a una emergencia m\u00e9dica, arrib\u00f3 a <strong>Cozumel <\/strong>de manera inesperada el <strong>crucero<\/strong> \u201cIndependence Of The Seas\u201d, a fin de poder realizar el desembarque de un pasajero y para lo cual se tuvieron que aplicar <strong>protocolos anticovid <\/strong>para aprobar su \u00a0descenso y traslado en el puerto, destac\u00e1ndose que desde la reactivaci\u00f3n de la industria de cruceros, es la primera vez que surge tal acontecimiento por urgencia m\u00e9dica de un pasajero.\u00a0<\/p>\n<aside class=\"htmlinline\"\/>\n<aside class=\"relacionadas con-foto\">\n<h5>Noticias Relacionadas<\/h5>\n<\/aside>\n<p>Es por ello que private de Sanidad Internacional (SI), as\u00ed como de la Agencia Consignataria (AC) \u00a0y del Instituto Nacional de Migraci\u00f3n (INM), se traslad\u00f3 la tarde de este martes a la terminal mar\u00edtima SSA M\u00e9xico ante el arribo no programado del <strong>crucero<\/strong> de la Royal Caribbean Cruise Line, a fin de corroborar la situaci\u00f3n de un pasajero masculino que hab\u00eda presentado problemas de salud luego de que zarparon del puerto de Florida. \u00a0<\/p>\n<p>Aunque la informaci\u00f3n se mantuvo de manera herm\u00e9tica, trascendi\u00f3 que las complicaciones en el paciente eran similares a los s\u00edntomas de <strong>COVID-19<\/strong>, por lo que se realizaron las pruebas inmediatas desde la embarcaci\u00f3n y aunque estas salieron negativas, fueron repetidas por el private de Salud Internacional durante el atraque, a fin de que pudiera aprobarse el desembarque.\u00a0<\/p>\n<aside class=\"htmlinline\"\/>\n<aside class=\"relacionadas con-foto\">\n<h5>Noticias Relacionadas<\/h5>\n<\/aside>\n<p>Una vez arrojado el resultado negativo de <strong>COVID-19<\/strong>, private de la Agencia Consignataria y del INM, continuaron con las diligencias del desembarque para su posterior desembarque en una camilla de la unidad de emergencias de Life Internacional, donde fue trasladado el paciente junto con su acompa\u00f1ante hacia el hospital Internacional para su inmediata atenci\u00f3n.<\/p>\n<p>Paralelamente el crucero realiz\u00f3 un proceso de avituallamiento para luego de una hora del desembarque continuar con su traves\u00eda hacia el puerto de Roat\u00e1n, Honduras y posteriormente a Bahamas y Mahahual para que el jueves inicie su recorrido hacia <strong>Cozumel<\/strong> de acuerdo a la programaci\u00f3n contemplada.<\/p>\n<p>S\u00edguenos en <a rel=\"nofollow noopener\" target=\"_blank\" href=\"https:\/\/news.google.com\/publications\/CAAqBwgKMMLDmwswhs6zAw?oc=3&amp;ceid=MX:es-419&amp;hl=es-419&amp;gl=MX\">Google News<\/a> y recibe la mejor informaci\u00f3n<\/p>\n<p>MA\n<\/p>\n<\/div>\n<p><script>\n      window.fbAsyncInit = function() {\n        FB.init({\n          appId      : '{292213061927134}',\n          status     : true,\n\t\t  version:  'v2.7',\n          xfbml      : true\n        });\nFB.Event.subscribe('comment.create', function (response) {grabacom_compa(272904)});\t\nFB.Event.subscribe('comment.remove',  function (response) {grabacom_compa(272904)});\t\nFB.Event.subscribe('edge.create',  function (response) {grabacom_compa(272904)});\nFB.Event.subscribe('edge.remove',  function (response) {grabacom_compa(272904)});\n      };\n(function(d, s, id) {\n  var js, fjs = d.getElementsByTagName(s)[0];\n  if (d.getElementById(id)) return;\n  js = d.createElement(s); js.id = id;\n  js.src = \"\/\/connect.facebook.net\/es_LA\/sdk.js#xfbml=1&version=v2.7&appId=292213061927134\";\n  fjs.parentNode.insertBefore(js, fjs);\n}(document, 'script', 'facebook-jssdk'));\n    <\/script><br \/>\n<br \/><\/p>\n<p><em> &#8221; Fuentes www.poresto.net &#8221; <\/em><\/p>\n","protected":false},"excerpt":{"rendered":"<p>\u201cIndependence Of The Seas\u201d, fue desviado a Cozumel para desembarcar de urgencia a pasajero que debi\u00f3 de ser sometido a protocolos anticovid para su desembarque en el puerto. El trasatl\u00e1ntico continu\u00f3 su ruta hacia Roat\u00e1n, Honduras, sin contratiempos y se espera su retorno de visita el pr\u00f3ximo viernes 20 de agosto.\u00a0 Debido a una emergencia [&hellip;]<\/p>\n","protected":false},"author":4,"featured_media":174970,"comment_status":"open","ping_status":"closed","sticky":false,"template":"","format":"standard","meta":{"om_disable_all_campaigns":false,"jnews-multi-image_gallery":[],"jnews_single_post":[],"jnews_primary_category":[],"jnews_social_meta":[],"footnotes":""},"categories":[41],"tags":[510,1065,543,2288,1064],"class_list":["post-174969","post","type-post","status-publish","format-standard","has-post-thumbnail","hentry","category-cruceros","tag-covid-19","tag-cozumel","tag-cruceros","tag-emergencia","tag-quintana-roo"],"_links":{"self":[{"href":"https:\/\/dimensionturistica.com\/es\/wp-json\/wp\/v2\/posts\/174969","targetHints":{"allow":["GET"]}}],"collection":[{"href":"https:\/\/dimensionturistica.com\/es\/wp-json\/wp\/v2\/posts"}],"about":[{"href":"https:\/\/dimensionturistica.com\/es\/wp-json\/wp\/v2\/types\/post"}],"author":[{"embeddable":true,"href":"https:\/\/dimensionturistica.com\/es\/wp-json\/wp\/v2\/users\/4"}],"replies":[{"embeddable":true,"href":"https:\/\/dimensionturistica.com\/es\/wp-json\/wp\/v2\/comments?post=174969"}],"version-history":[{"count":0,"href":"https:\/\/dimensionturistica.com\/es\/wp-json\/wp\/v2\/posts\/174969\/revisions"}],"wp:featuredmedia":[{"embeddable":true,"href":"https:\/\/dimensionturistica.com\/es\/wp-json\/wp\/v2\/media\/174970"}],"wp:attachment":[{"href":"https:\/\/dimensionturistica.com\/es\/wp-json\/wp\/v2\/media?parent=174969"}],"wp:term":[{"taxonomy":"category","embeddable":true,"href":"https:\/\/dimensionturistica.com\/es\/wp-json\/wp\/v2\/categories?post=174969"},{"taxonomy":"post_tag","embeddable":true,"href":"https:\/\/dimensionturistica.com\/es\/wp-json\/wp\/v2\/tags?post=174969"}],"curies":[{"name":"wp","href":"https:\/\/api.w.org\/{rel}","templated":true}]}}