{"id":174384,"date":"2021-08-16T20:44:24","date_gmt":"2021-08-16T20:44:24","guid":{"rendered":"https:\/\/dimensionturistica.com\/es\/?p=174384"},"modified":"2021-08-16T20:44:25","modified_gmt":"2021-08-16T20:44:25","slug":"las-razones-de-camila-vallejo-para-no-repostular-a-la-camara-de-diputados-diario-y-radio-u-chile","status":"publish","type":"post","link":"https:\/\/dimensionturistica.com\/es\/las-razones-de-camila-vallejo-para-no-repostular-a-la-camara-de-diputados-diario-y-radio-u-chile\/","title":{"rendered":"Las razones de Camila Vallejo para no repostular a la C\u00e1mara de Diputados \u00ab Diario y Radio U Chile"},"content":{"rendered":"<p> <br \/>\n<\/p>\n<div id=\"articulo-639695\">\n<header class=\"article-header\">\n<p>\t<!-- Epigrafe --><br \/>\n                        <!-- titulo--><\/p>\n<p>        <!--Bajada--><\/p>\n<div class=\"bajada \" style=\"font-family: 'Cabin', serif; font-size:12pt;\">\n<p style=\"text-align: justify !important;\">Si bien la decisi\u00f3n fue dada a conocer como parte de una reflexi\u00f3n de la propia parlamentaria, la thought es que se integre al comando presidencial de Gabriel Boric, adem\u00e1s de abrirle paso a un eventual gabinete del candidato magall\u00e1nico y apostar por una carrera a La Moneda en 2025.<\/p>\n<\/p><\/div>\n<p>        <!--barra contenido meta--><\/p>\n<div class=\"row\">\n<div class=\"col-md-12\">\n                <!--1--><\/p>\n<div style=\"float:left;\">\n<p class=\"infotitle\">\n                        <span class=\"autor\"><br \/>\n                            <span>Diario Universidad de Chile<\/span><br \/>\n                                                  <\/span><\/p>\n<\/p><\/div>\n<p>                <!--2--><\/p>\n<p>\u00a0<br \/>\n                    <span class=\"fecha\"><span content=\"2021-08-16T16:23:30-04:00\" pubdate=\"\">Lunes  16 de agosto 2021<\/span> 16:23 hrs.\u00a0<\/span>\n                <\/p>\n<p>                <!--3--><\/p><\/div><\/div>\n<p>        <!--fin barra contenido meta--><\/p>\n<div class=\"\" style=\"text-align:center; \">\n<p>                    <img decoding=\"async\" width=\"900\" height=\"560\" src=\"https:\/\/radio.uchile.cl\/wp-content\/uploads\/2020\/11\/camila-vallejo.jpg\" class=\"img-responsive\" alt=\"camila-vallejo\" srcset=\"https:\/\/radio.uchile.cl\/wp-content\/uploads\/2020\/11\/camila-vallejo.jpg 900w, https:\/\/radio.uchile.cl\/wp-content\/uploads\/2020\/11\/camila-vallejo-620x386.jpg 620w, https:\/\/radio.uchile.cl\/wp-content\/uploads\/2020\/11\/camila-vallejo-768x478.jpg 768w, https:\/\/radio.uchile.cl\/wp-content\/uploads\/2020\/11\/camila-vallejo-395x246.jpg 395w, https:\/\/radio.uchile.cl\/wp-content\/uploads\/2020\/11\/camila-vallejo-678x422.jpg 678w\" sizes=\"(max-width: 900px) 100vw, 900px\"\/>                <\/div>\n<div class=\"col-xs-12 hidden-xs\" style=\"margin: 0 0 25px 0 !important;padding: 0 !important;\">\n<div class=\"social-share\" data-url=\"http:\/\/radio.uchile.cl\/2021\/08\/16\/las-razones-de-camila-vallejo-para-no-repostular-a-la-camara-de-diputados\/\">\n<div class=\"ruch-like pull-left\">\n<p>\t\t\t    <button class=\"btn btn-ruch-like like_btn\" data-act=\"\"><i class=\"fa fa-thumbs-o-up \"\/>\u00a0Me Gusta\u00a0<b class=\"count_like\" style=\"font-size:13px;font-family: Helvetica, Arial, sans-serif;\"><img decoding=\"async\" src=\"https:\/\/radio.uchile.cl\/wp-content\/uploads\/2018\/01\/counter2.gif\" style=\"height: 16px; vertical-align: middle;\"\/><\/b><\/button><\/div>\n<\/div><\/div>\n<\/header>\n<div><a rel=\"nofollow noopener\" target=\"_blank\" href=\"https:\/\/open.spotify.com\/search\/Radio%20universidad%20de%20chile\"><img decoding=\"async\" src=\"https:\/\/radio.uchile.cl\/wp-includes\/images\/RUCHPODCAST.png\" class=\"img-responsive\"\/><\/a><\/div>\n<div class=\"maintext hidden-xs\" style=\"font-family: 'Cabin', serif;\">\n<p>Sorpresa provoc\u00f3 la decisi\u00f3n de la diputada Camila Vallejo de no repostular a un nuevo periodo en el Parlamento o disputar un cupo en el Senado.<\/p>\n<p>En el pleno del comit\u00e9 central del Partido Comunista realizado este fin de semana, la posici\u00f3n adoptada por la representante del distrito 12 fue aceptada por el resto de sus integrantes, para luego darla a conocer p\u00fablicamente. Al menos as\u00ed se mostr\u00f3 ante los medios de comunicaci\u00f3n y a su propia militancia.<\/p>\n<p>A eso se sum\u00f3 que el presidente de la colectividad, el diputado Guillermo Teillier, anunci\u00f3 que asumir\u00e1 la carrera por el Senado en la Regi\u00f3n Metropolitana.<\/p>\n<p>Otra de las definiciones adoptadas por el PC en el encuentro fue que enfrentar\u00e1n la carrera parlamentaria en una lista com\u00fan con el Frente Amplio, con quienes ya comparten al candidato presidencial, el diputado por Magallanes Gabriel Boric.<\/p>\n<p>La decisi\u00f3n fue celebrada desde el FA por el diputado Diego Ib\u00e1\u00f1ez, quien subray\u00f3 que esto va en la l\u00ednea de disputar el espacio parlamentario que permita avanzar con los cambios que impulse la Convenci\u00f3n Constituyente y para dar gobernabilidad en caso de un triunfo en la presidencial de Boric.<\/p>\n<p>\u201cEstamos claros que para llevar un pr\u00f3ximo gobierno de Gabriel Boric con \u00e9xito, que aspire a recuperar derechos y a terminar con los privilegios de algunos pocos, se va a necesitar una mayor\u00eda robusta en el Congreso que acompa\u00f1e estos cambios y no los torpedee\u201d, indic\u00f3 el legislador frenteamplista.<\/p>\n<p>Ib\u00e1\u00f1ez agreg\u00f3 que \u201cpara tener los mejores resultados electorales posibles, es fundamental la unidad en una sola lista por parte del pacto Apruebo Dignidad. Por tanto, celebramos la decisi\u00f3n del Partido Comunista de acoger el llamado a la unidad del Frente Amplio y avanzar en una lista \u00fanica que lidere desde el Poder Legislativo las transformaciones que Chile hoy exige\u201d.<\/p>\n<p><strong>Camila Vallejo: \u201cCreo en la importancia del recambio\u201d<\/strong><\/p>\n<p>A trav\u00e9s de las redes sociales, la diputada Camila Vallejo ahond\u00f3 en la decisi\u00f3n de no presentarse a una nueva candidatura a la C\u00e1mara. \u201cHay m\u00faltiples espacios de lucha y el Congreso es solo uno de ellos!\u201d, coment\u00f3.<\/p>\n<blockquote class=\"twitter-tweet\">\n<p lang=\"es\" dir=\"ltr\">Hay m\u00faltiples espacios de lucha y el Congreso es solo uno de ellos! &#x270a;&#x1f3fc; Muchas gracias a todos y todas (y a mi partido) por el cari\u00f1o y apa\u00f1e&#x1f49c; ustedes saben q no dejar\u00e9 de luchar por las transformaciones que Chile requiere&#x270a;&#x1f3fc;<\/p>\n<p>\u2014 Camila Vallejo Dowling #APRUEBO (@camila_vallejo) <a rel=\"nofollow noopener\" target=\"_blank\" href=\"https:\/\/twitter.com\/camila_vallejo\/status\/1427074806273425411?ref_src=twsrc%5Etfw\">August 16, 2021<\/a><\/p>\n<\/blockquote>\n<p>Vallejo agreg\u00f3 en otro tuit que \u201cmi decisi\u00f3n es tambi\u00e9n porque creo en la importancia del recambio. El recambio no es abandono, es abrir paso a otr@s y es tambi\u00e9n poder reinventarse una misma, para experimentar y aprender desde otros espacios\u201d.<\/p>\n<p>Uno de los destinos que se espera que la parlamentaria comunista asuma en las pr\u00f3ximas semanas es como integrante del comando presidencial de Gabriel Boric para intentar convencer a su militancia de respaldar a la carta de Apruebo Dignidad que contra todos sus pron\u00f3sticos se impuso de manera holgada al alcalde de la comuna de Recoleta, Daniel Jadue, en la primaria presidencial del bloque.<\/p>\n<p>Si bien Vallejo siempre manifest\u00f3 que s\u00f3lo estar\u00eda en la C\u00e1mara de Diputados durante dos periodos, la determinaci\u00f3n de no repostularla le deja la v\u00eda libre para eventualmente asumir alg\u00fan ministerio en caso de que Boric se imponga en la elecci\u00f3n presidencial y adem\u00e1s le abre el camino para convertirse en la carta a La Moneda del PC en el 2025.<\/p>\n<\/p><\/div>\n<div class=\"maintext visible-xs\" style=\"font-family: 'Cabin', serif !important;\">\n<p>Sorpresa provoc\u00f3 la decisi\u00f3n de la diputada Camila Vallejo de no repostular a un nuevo periodo en el Parlamento o disputar un cupo en el Senado.<\/p>\n<p>En el pleno del comit\u00e9 central del Partido Comunista realizado este fin de semana, la posici\u00f3n adoptada por la representante del distrito 12 fue aceptada por el resto de sus integrantes, para luego darla a conocer p\u00fablicamente. Al menos as\u00ed se mostr\u00f3 ante los medios de comunicaci\u00f3n y a su propia militancia.<\/p>\n<p>A eso se sum\u00f3 que el presidente de la colectividad, el diputado Guillermo Teillier, anunci\u00f3 que asumir\u00e1 la carrera por el Senado en la Regi\u00f3n Metropolitana.<\/p>\n<p>Otra de las definiciones adoptadas por el PC en el encuentro fue que enfrentar\u00e1n la carrera parlamentaria en una lista com\u00fan con el Frente Amplio, con quienes ya comparten al candidato presidencial, el diputado por Magallanes Gabriel Boric.<\/p>\n<p>La decisi\u00f3n fue celebrada desde el FA por el diputado Diego Ib\u00e1\u00f1ez, quien subray\u00f3 que esto va en la l\u00ednea de disputar el espacio parlamentario que permita avanzar con los cambios que impulse la Convenci\u00f3n Constituyente y para dar gobernabilidad en caso de un triunfo en la presidencial de Boric.<\/p>\n<p>\u201cEstamos claros que para llevar un pr\u00f3ximo gobierno de Gabriel Boric con \u00e9xito, que aspire a recuperar derechos y a terminar con los privilegios de algunos pocos, se va a necesitar una mayor\u00eda robusta en el Congreso que acompa\u00f1e estos cambios y no los torpedee\u201d, indic\u00f3 el legislador frenteamplista.<\/p>\n<p>Ib\u00e1\u00f1ez agreg\u00f3 que \u201cpara tener los mejores resultados electorales posibles, es fundamental la unidad en una sola lista por parte del pacto Apruebo Dignidad. Por tanto, celebramos la decisi\u00f3n del Partido Comunista de acoger el llamado a la unidad del Frente Amplio y avanzar en una lista \u00fanica que lidere desde el Poder Legislativo las transformaciones que Chile hoy exige\u201d.<\/p>\n<p><strong>Camila Vallejo: \u201cCreo en la importancia del recambio\u201d<\/strong><\/p>\n<p>A trav\u00e9s de las redes sociales, la diputada Camila Vallejo ahond\u00f3 en la decisi\u00f3n de no presentarse a una nueva candidatura a la C\u00e1mara. \u201cHay m\u00faltiples espacios de lucha y el Congreso es solo uno de ellos!\u201d, coment\u00f3.<\/p>\n<blockquote class=\"twitter-tweet\">\n<p lang=\"es\" dir=\"ltr\">Hay m\u00faltiples espacios de lucha y el Congreso es solo uno de ellos! &#x270a;&#x1f3fc; Muchas gracias a todos y todas (y a mi partido) por el cari\u00f1o y apa\u00f1e&#x1f49c; ustedes saben q no dejar\u00e9 de luchar por las transformaciones que Chile requiere&#x270a;&#x1f3fc;<\/p>\n<p>\u2014 Camila Vallejo Dowling #APRUEBO (@camila_vallejo) <a rel=\"nofollow noopener\" target=\"_blank\" href=\"https:\/\/twitter.com\/camila_vallejo\/status\/1427074806273425411?ref_src=twsrc%5Etfw\">August 16, 2021<\/a><\/p>\n<\/blockquote>\n<p>Vallejo agreg\u00f3 en otro tuit que \u201cmi decisi\u00f3n es tambi\u00e9n porque creo en la importancia del recambio. El recambio no es abandono, es abrir paso a otr@s y es tambi\u00e9n poder reinventarse una misma, para experimentar y aprender desde otros espacios\u201d.<\/p>\n<p>Uno de los destinos que se espera que la parlamentaria comunista asuma en las pr\u00f3ximas semanas es como integrante del comando presidencial de Gabriel Boric para intentar convencer a su militancia de respaldar a la carta de Apruebo Dignidad que contra todos sus pron\u00f3sticos se impuso de manera holgada al alcalde de la comuna de Recoleta, Daniel Jadue, en la primaria presidencial del bloque.<\/p>\n<p>Si bien Vallejo siempre manifest\u00f3 que s\u00f3lo estar\u00eda en la C\u00e1mara de Diputados durante dos periodos, la determinaci\u00f3n de no repostularla le deja la v\u00eda libre para eventualmente asumir alg\u00fan ministerio en caso de que Boric se imponga en la elecci\u00f3n presidencial y adem\u00e1s le abre el camino para convertirse en la carta a La Moneda del PC en el 2025.<\/p>\n<\/p><\/div>\n<div class=\"fullmaintext hidden-sm hidden-md hidden-lg hidden-xs\" style=\"font-family: 'Raleway', sans-serif !important; line-height: 1.5em;\">\n<p>Sorpresa provoc\u00f3 la decisi\u00f3n de la diputada Camila Vallejo de no repostular a un nuevo periodo en el Parlamento o disputar un cupo en el Senado.<\/p>\n<p>En el pleno del comit\u00e9 central del Partido Comunista realizado este fin de semana, la posici\u00f3n adoptada por la representante del distrito 12 fue aceptada por el resto de sus integrantes, para luego darla a conocer p\u00fablicamente. Al menos as\u00ed se mostr\u00f3 ante los medios de comunicaci\u00f3n y a su propia militancia.<\/p>\n<p>A eso se sum\u00f3 que el presidente de la colectividad, el diputado Guillermo Teillier, anunci\u00f3 que asumir\u00e1 la carrera por el Senado en la Regi\u00f3n Metropolitana.<\/p>\n<p>Otra de las definiciones adoptadas por el PC en el encuentro fue que enfrentar\u00e1n la carrera parlamentaria en una lista com\u00fan con el Frente Amplio, con quienes ya comparten al candidato presidencial, el diputado por Magallanes Gabriel Boric.<\/p>\n<p>La decisi\u00f3n fue celebrada desde el FA por el diputado Diego Ib\u00e1\u00f1ez, quien subray\u00f3 que esto va en la l\u00ednea de disputar el espacio parlamentario que permita avanzar con los cambios que impulse la Convenci\u00f3n Constituyente y para dar gobernabilidad en caso de un triunfo en la presidencial de Boric.<\/p>\n<p>\u201cEstamos claros que para llevar un pr\u00f3ximo gobierno de Gabriel Boric con \u00e9xito, que aspire a recuperar derechos y a terminar con los privilegios de algunos pocos, se va a necesitar una mayor\u00eda robusta en el Congreso que acompa\u00f1e estos cambios y no los torpedee\u201d, indic\u00f3 el legislador frenteamplista.<\/p>\n<p>Ib\u00e1\u00f1ez agreg\u00f3 que \u201cpara tener los mejores resultados electorales posibles, es fundamental la unidad en una sola lista por parte del pacto Apruebo Dignidad. Por tanto, celebramos la decisi\u00f3n del Partido Comunista de acoger el llamado a la unidad del Frente Amplio y avanzar en una lista \u00fanica que lidere desde el Poder Legislativo las transformaciones que Chile hoy exige\u201d.<\/p>\n<p><strong>Camila Vallejo: \u201cCreo en la importancia del recambio\u201d<\/strong><\/p>\n<p>A trav\u00e9s de las redes sociales, la diputada Camila Vallejo ahond\u00f3 en la decisi\u00f3n de no presentarse a una nueva candidatura a la C\u00e1mara. \u201cHay m\u00faltiples espacios de lucha y el Congreso es solo uno de ellos!\u201d, coment\u00f3.<\/p>\n<blockquote class=\"twitter-tweet\">\n<p lang=\"es\" dir=\"ltr\">Hay m\u00faltiples espacios de lucha y el Congreso es solo uno de ellos! &#x270a;&#x1f3fc; Muchas gracias a todos y todas (y a mi partido) por el cari\u00f1o y apa\u00f1e&#x1f49c; ustedes saben q no dejar\u00e9 de luchar por las transformaciones que Chile requiere&#x270a;&#x1f3fc;<\/p>\n<p>\u2014 Camila Vallejo Dowling #APRUEBO (@camila_vallejo) <a rel=\"nofollow noopener\" target=\"_blank\" href=\"https:\/\/twitter.com\/camila_vallejo\/status\/1427074806273425411?ref_src=twsrc%5Etfw\">August 16, 2021<\/a><\/p>\n<\/blockquote>\n<p>Vallejo agreg\u00f3 en otro tuit que \u201cmi decisi\u00f3n es tambi\u00e9n porque creo en la importancia del recambio. El recambio no es abandono, es abrir paso a otr@s y es tambi\u00e9n poder reinventarse una misma, para experimentar y aprender desde otros espacios\u201d.<\/p>\n<p>Uno de los destinos que se espera que la parlamentaria comunista asuma en las pr\u00f3ximas semanas es como integrante del comando presidencial de Gabriel Boric para intentar convencer a su militancia de respaldar a la carta de Apruebo Dignidad que contra todos sus pron\u00f3sticos se impuso de manera holgada al alcalde de la comuna de Recoleta, Daniel Jadue, en la primaria presidencial del bloque.<\/p>\n<p>Si bien Vallejo siempre manifest\u00f3 que s\u00f3lo estar\u00eda en la C\u00e1mara de Diputados durante dos periodos, la determinaci\u00f3n de no repostularla le deja la v\u00eda libre para eventualmente asumir alg\u00fan ministerio en caso de que Boric se imponga en la elecci\u00f3n presidencial y adem\u00e1s le abre el camino para convertirse en la carta a La Moneda del PC en el 2025.<\/p>\n<\/p><\/div>\n<\/div>\n<p><script async src=\"\/\/platform.twitter.com\/widgets.js\" charset=\"utf-8\"><\/script><script>(function(d, s, id) {\n\t\t\tvar js, fjs = d.getElementsByTagName(s)[0];\n\t\t\tif (d.getElementById(id)) return;\n\t\t\tjs = d.createElement(s); js.id = id;\n\t\t\tjs.src = \"https:\/\/connect.facebook.net\/es_LA\/sdk.js#xfbml=1&version=v2.10&appId=1865369557030270\";\n\t\t\tfjs.parentNode.insertBefore(js, fjs);\n\t\t}(document, 'script', 'facebook-jssdk'));<\/script><script>\n\t window.fbAsyncInit = function() {\n    FB.init({\n      appId      : '1723998720967901',\n      xfbml      : true,\n      version    : 'v2.5'\n\t  });\n  };\n  (function(d, s, id){\n     var js, fjs = d.getElementsByTagName(s)[0];\n     if (d.getElementById(id)) {return;}\n     js = d.createElement(s); js.id = id;\n     js.src = \"https:\/\/connect.facebook.net\/en_US\/sdk.js\";\n     fjs.parentNode.insertBefore(js, fjs);\n   }(document, 'script', 'facebook-jssdk'));\n\t$(\".ui.facebook.button\").click(function() {\n        FB.ui({\n            method: 'share',\n            href: 'https:\/\/radio.uchile.cl\/2021\/08\/16\/las-razones-de-camila-vallejo-para-no-repostular-a-la-camara-de-diputados\/', \n}, function(response){});\n    })\n\t\/*(function(d, s, id) {\n  var js, fjs = d.getElementsByTagName(s)[0];\n  if (d.getElementById(id)) return;\n  js = d.createElement(s); js.id = id;\n  js.src = \"https:\/\/connect.facebook.net\/es_LA\/sdk.js#xfbml=1&version=v2.10&appId=1865369557030270\";\n  fjs.parentNode.insertBefore(js, fjs);\n}(document, 'script', 'facebook-jssdk'));*\/\n<\/script><br \/>\n<br \/><\/p>\n<p><em> &#8221; Fuentes radio.uchile.cl &#8221; <\/em><\/p>\n","protected":false},"excerpt":{"rendered":"<p>Si bien la decisi\u00f3n fue dada a conocer como parte de una reflexi\u00f3n de la propia parlamentaria, la thought es que se integre al comando presidencial de Gabriel Boric, adem\u00e1s de abrirle paso a un eventual gabinete del candidato magall\u00e1nico y apostar por una carrera a La Moneda en 2025. Diario Universidad de Chile \u00a0 [&hellip;]<\/p>\n","protected":false},"author":4,"featured_media":174385,"comment_status":"open","ping_status":"closed","sticky":false,"template":"","format":"standard","meta":{"om_disable_all_campaigns":false,"jnews-multi-image_gallery":[],"jnews_single_post":[],"jnews_primary_category":[],"jnews_social_meta":[],"footnotes":""},"categories":[39],"tags":[29633,29634,29635,29636,16440,29637,29638],"class_list":["post-174384","post","type-post","status-publish","format-standard","has-post-thumbnail","hentry","category-viajes","tag-camila-vallejo","tag-comando","tag-diego-ibanez","tag-diputada","tag-frente-amplio","tag-gabriel-boric","tag-partido-comunista"],"_links":{"self":[{"href":"https:\/\/dimensionturistica.com\/es\/wp-json\/wp\/v2\/posts\/174384","targetHints":{"allow":["GET"]}}],"collection":[{"href":"https:\/\/dimensionturistica.com\/es\/wp-json\/wp\/v2\/posts"}],"about":[{"href":"https:\/\/dimensionturistica.com\/es\/wp-json\/wp\/v2\/types\/post"}],"author":[{"embeddable":true,"href":"https:\/\/dimensionturistica.com\/es\/wp-json\/wp\/v2\/users\/4"}],"replies":[{"embeddable":true,"href":"https:\/\/dimensionturistica.com\/es\/wp-json\/wp\/v2\/comments?post=174384"}],"version-history":[{"count":0,"href":"https:\/\/dimensionturistica.com\/es\/wp-json\/wp\/v2\/posts\/174384\/revisions"}],"wp:featuredmedia":[{"embeddable":true,"href":"https:\/\/dimensionturistica.com\/es\/wp-json\/wp\/v2\/media\/174385"}],"wp:attachment":[{"href":"https:\/\/dimensionturistica.com\/es\/wp-json\/wp\/v2\/media?parent=174384"}],"wp:term":[{"taxonomy":"category","embeddable":true,"href":"https:\/\/dimensionturistica.com\/es\/wp-json\/wp\/v2\/categories?post=174384"},{"taxonomy":"post_tag","embeddable":true,"href":"https:\/\/dimensionturistica.com\/es\/wp-json\/wp\/v2\/tags?post=174384"}],"curies":[{"name":"wp","href":"https:\/\/api.w.org\/{rel}","templated":true}]}}