{"id":174171,"date":"2021-08-16T12:23:34","date_gmt":"2021-08-16T12:23:34","guid":{"rendered":"https:\/\/dimensionturistica.com\/es\/?p=174171"},"modified":"2021-08-16T12:23:34","modified_gmt":"2021-08-16T12:23:34","slug":"los-mejores-restaurantes-de-iberoamerica-este-2021","status":"publish","type":"post","link":"https:\/\/dimensionturistica.com\/es\/los-mejores-restaurantes-de-iberoamerica-este-2021\/","title":{"rendered":"Los mejores restaurantes de Iberoam\u00e9rica este 2021"},"content":{"rendered":"<p> <br \/>\n<\/p>\n<div>\n<p class=\"text-align-justify\"><span><span><span><span><span><span><img decoding=\"async\" alt=\"\" class=\"img-responsive\" height=\"638\" src=\"https:\/\/www.expreso.info\/files\/2021-08\/50_mejores_latinoamerica.jpg\" width=\"1151\"\/>La reducci\u00f3n de viajes y el devastador impacto de la pandemia en la industria gastron\u00f3mica, el comit\u00e9 organizador de los <em>50 Mejores Restaurantes de Am\u00e9rica Latina<\/em> anunci\u00f3 un cambio de formato en su edici\u00f3n 2021.\u00a0\u00a0\u00a0 <\/span><\/span><\/span><\/span><\/span><\/span><\/p>\n<p class=\"text-align-justify\"><span><span><span><span><span><span>De este modo, el 22 de noviembre, con eventos simult\u00e1neos realizados en ciudades clave de la regi\u00f3n, se va a reconocer a un centenar de restaurantes bas\u00e1ndose en los votos acumulados de todas las ediciones anteriores; desde el a\u00f1o 2013.\u00a0\u00a0\u00a0 <\/span><\/span><\/span><\/span><\/span><\/span><\/p>\n<p class=\"text-align-justify\"><span><span><span><span><span><span>Se se\u00f1ala que la thought de la iniciativa es destacar el esp\u00edritu perseverante de la cocina iberoamericana en el pasado y el futuro.\u00a0\u00a0\u00a0 <\/span><\/span><\/span><\/span><\/span><\/span><\/p>\n<p class=\"text-align-justify\"><span><span><span><span><span><span>\u2018Estamos muy contentos de presentar esta edici\u00f3n especial y \u00fanica de <em>Latin America&#8217;s 50 Best Restaurants 2013-2021: Pasado y Futuro<\/em>. Los eventos locales dar\u00e1n a las comunidades gastron\u00f3micas de Am\u00e9rica Latina la oportunidad de reunirse de nuevo para celebrar el poder de la unidad y la recuperaci\u00f3n en tiempos desafiantes. El ranking tambi\u00e9n proporcionar\u00e1 a los amantes de la comida un poderoso punto de referencia gastron\u00f3mico para cuando los viajes internacionales vuelvan a ser la norma\u2019, ha apuntado William Drew, m\u00e1ximo responsable de la <a target=\"_blank\" href=\"https:\/\/www.theworlds50best.com\/latinamerica\/en\/\" rel=\"noopener\">iniciativa <\/a>culinaria.<\/span><\/span><\/span><\/span><\/span><\/span><\/p>\n<p class=\"text-align-justify\"><span><span><span><em><span><span><span>Expreso. Redacci\u00f3n. A.F<\/span><\/span><\/span><\/em><\/span><\/span><\/span><\/p>\n<\/div>\n\n<p><em> \u2018 The preceding article may include information circulated by third parties \u2019 <\/em><\/p>\n<p><em> \u2018 Some details of this article were extracted from the following source www.expreso.info \u2019 <\/em><\/p>\n","protected":false},"excerpt":{"rendered":"<p>La reducci\u00f3n de viajes y el devastador impacto de la pandemia en la industria gastron\u00f3mica, el comit\u00e9 organizador de los 50 Mejores Restaurantes de Am\u00e9rica Latina anunci\u00f3 un cambio de formato en su edici\u00f3n 2021.\u00a0\u00a0\u00a0 De este modo, el 22 de noviembre, con eventos simult\u00e1neos realizados en ciudades clave de la regi\u00f3n, se va a [&hellip;]<\/p>\n","protected":false},"author":2,"featured_media":174172,"comment_status":"open","ping_status":"closed","sticky":false,"template":"","format":"standard","meta":{"om_disable_all_campaigns":false,"jnews-multi-image_gallery":[],"jnews_single_post":[],"jnews_primary_category":[],"jnews_social_meta":[],"footnotes":""},"categories":[43],"tags":[],"class_list":["post-174171","post","type-post","status-publish","format-standard","has-post-thumbnail","hentry","category-gourmet"],"_links":{"self":[{"href":"https:\/\/dimensionturistica.com\/es\/wp-json\/wp\/v2\/posts\/174171","targetHints":{"allow":["GET"]}}],"collection":[{"href":"https:\/\/dimensionturistica.com\/es\/wp-json\/wp\/v2\/posts"}],"about":[{"href":"https:\/\/dimensionturistica.com\/es\/wp-json\/wp\/v2\/types\/post"}],"author":[{"embeddable":true,"href":"https:\/\/dimensionturistica.com\/es\/wp-json\/wp\/v2\/users\/2"}],"replies":[{"embeddable":true,"href":"https:\/\/dimensionturistica.com\/es\/wp-json\/wp\/v2\/comments?post=174171"}],"version-history":[{"count":0,"href":"https:\/\/dimensionturistica.com\/es\/wp-json\/wp\/v2\/posts\/174171\/revisions"}],"wp:featuredmedia":[{"embeddable":true,"href":"https:\/\/dimensionturistica.com\/es\/wp-json\/wp\/v2\/media\/174172"}],"wp:attachment":[{"href":"https:\/\/dimensionturistica.com\/es\/wp-json\/wp\/v2\/media?parent=174171"}],"wp:term":[{"taxonomy":"category","embeddable":true,"href":"https:\/\/dimensionturistica.com\/es\/wp-json\/wp\/v2\/categories?post=174171"},{"taxonomy":"post_tag","embeddable":true,"href":"https:\/\/dimensionturistica.com\/es\/wp-json\/wp\/v2\/tags?post=174171"}],"curies":[{"name":"wp","href":"https:\/\/api.w.org\/{rel}","templated":true}]}}