{"id":174099,"date":"2021-08-16T06:17:56","date_gmt":"2021-08-16T06:17:56","guid":{"rendered":"https:\/\/dimensionturistica.com\/es\/?p=174099"},"modified":"2021-08-16T06:17:56","modified_gmt":"2021-08-16T06:17:56","slug":"viajes","status":"publish","type":"post","link":"https:\/\/dimensionturistica.com\/es\/viajes\/","title":{"rendered":"Viajes"},"content":{"rendered":"<p> <br \/>\n<\/p>\n<div>\n<p class=\"paragraph con \" id=\"m91-90-92\">Llevo horas hojeando una edici\u00f3n de 1940 de <em>El tesoro de la juventud<\/em>. No es la edici\u00f3n blanca y azul con la que mi generaci\u00f3n creci\u00f3, sino una verde oscuro que ya es una rareza bibliogr\u00e1fica. Es un verdadero tesoro, aunque las enciclopedias f\u00edsicas parezcan condenadas a la extinci\u00f3n.\u00a0<\/p>\n<p class=\"paragraph con \" id=\"m101-100-102\">Al abrir el tomo I cay\u00f3 un papel: la factura por los veinte tomos, a nombre de mi abuela, Mar\u00eda de la Luz Lozano de Trujillo, en donde queda registrado que compr\u00f3 la enciclopedia a 300 pesos, a pagar en cinco mensualidades. La fecha: 11 de diciembre de 1946. Quiero pensar que fue un regalo navide\u00f1o para los cuatro hermanos Trujillo. \u00bfQu\u00e9 viaje han recorrido esos libros hasta terminar en mi poder setenta y cinco a\u00f1os despu\u00e9s? M\u00e1s interesante a\u00fan: \u00bfqu\u00e9 viajes han incitado sus p\u00e1ginas y a qui\u00e9nes? Mi padre ten\u00eda siete a\u00f1os cuando El tesoro de la juventud entr\u00f3 a su casa. No dudo que haya pasado horas, como yo ahora, en la exploraci\u00f3n de los tomos.<\/p>\n<p class=\"paragraph con \" id=\"m106-105-107\">Estoy moviendo libros de un lugar a otro, de una casa a otra, pr\u00f3ximamente de un pa\u00eds a otro. En tales movimientos, se pierde \u201cel ligero aburrimiento del orden\u201d del que habl\u00f3 Walter Benjamin y los libros parecen distintos, como si el caos los renovara. Y no es que estuvieran espectacularmente ordenados, pero el h\u00e1bito y los a\u00f1os les hab\u00edan dado ya una especie de estructura y cohesi\u00f3n. \u201c\u00bfQu\u00e9 otra cosa es esta colecci\u00f3n sino un desorden al cual el h\u00e1bito se le ha acomodado de tal forma que parece un orden?\u201d La cita es nuevamente de Benjamin, quien as\u00ed reflexionaba mientras de-sembalaba su biblioteca. Pues bien, en el desorden desordenado de una mudanza hay t\u00edtulos que parecieran salir a la superficie despu\u00e9s de a\u00f1os de bucear en el olvido. As\u00ed, una antolog\u00eda de la poes\u00eda cubana hecha por el mism\u00edsimo Jos\u00e9 Lezama Lima me reclama el abandono en que la ten\u00eda, y me obligo a leer las primeras l\u00edneas del pr\u00f3logo: \u201cNuestra isla comienza su historia dentro de la poes\u00eda. La imagen, la f\u00e1bula y los prodigios establecen su reino desde nuestra fundamentaci\u00f3n y el descubrimiento\u201d, y Lezama cuenta c\u00f3mo Col\u00f3n, al acercarse a las costas de Cuba, vio un gran ramo de fuego en el mar. Ya estoy viajando, bastan dos renglones para llevarme a la expedici\u00f3n del almirante genov\u00e9s.<\/p>\n<p class=\"paragraph con \" id=\"m116-115-117\">Tambi\u00e9n me deshice de libros. Mil, para ser exactos. \u00bfQu\u00e9 de m\u00ed se va con ellos en su camino a la librer\u00eda de viejo? Durante a\u00f1os me resist\u00ed a deshacerme de un solo libro, creyendo que hab\u00eda una especie de \u00e9tica en la acumulaci\u00f3n. Alberto Manguel cuenta que \u00e9l guardaba en su biblioteca docenas de libros muy malos, que no tiraba por si alguna vez necesitaba el ejemplo de un libro que le pareciera malo&#8230; Las bibliotecas, a quien las hace y cuida, lo convierten en un ser ligeramente mani\u00e1tico y supersticioso. Pero mi man\u00eda de la acumulaci\u00f3n ha cambiado, y me siento sorprendentemente ligero tras deshacerme de mil libros que en alg\u00fan momento fueron parte de mi vida y mi atenci\u00f3n. Eso s\u00ed, hay libros que siempre estar\u00e1n conmigo, vaya a donde vaya. Tengo desde la infancia un ejemplar de Las minas del rey Salom\u00f3n, de Rider Haggard, que hoy considero un talism\u00e1n: ha poblado durante d\u00e9cadas mi imaginaci\u00f3n y mis sue\u00f1os, y con \u00e9l viajo junto con Allan Quatermain por los mundos perdidos de \u00c1frica.<\/p>\n<p class=\"paragraph con \" id=\"m121-120-122\">\u00bfQui\u00e9n dijo que los libros son el tapiz m\u00e1s caro del mundo? No lo recuerdo, pero por su capacidad de hacernos viajar siempre, no me parece un tapiz tan caro.<\/p>\n<\/div>\n\n<p><em> &#8221; Fuentes www.razon.com.mx &#8221; <\/em><\/p>\n","protected":false},"excerpt":{"rendered":"<p>Llevo horas hojeando una edici\u00f3n de 1940 de El tesoro de la juventud. No es la edici\u00f3n blanca y azul con la que mi generaci\u00f3n creci\u00f3, sino una verde oscuro que ya es una rareza bibliogr\u00e1fica. Es un verdadero tesoro, aunque las enciclopedias f\u00edsicas parezcan condenadas a la extinci\u00f3n.\u00a0 Al abrir el tomo I cay\u00f3 [&hellip;]<\/p>\n","protected":false},"author":4,"featured_media":174100,"comment_status":"open","ping_status":"closed","sticky":false,"template":"","format":"standard","meta":{"om_disable_all_campaigns":false,"jnews-multi-image_gallery":[],"jnews_single_post":[],"jnews_primary_category":[],"jnews_social_meta":[],"footnotes":""},"categories":[39],"tags":[545],"class_list":["post-174099","post","type-post","status-publish","format-standard","has-post-thumbnail","hentry","category-viajes","tag-viajes"],"_links":{"self":[{"href":"https:\/\/dimensionturistica.com\/es\/wp-json\/wp\/v2\/posts\/174099","targetHints":{"allow":["GET"]}}],"collection":[{"href":"https:\/\/dimensionturistica.com\/es\/wp-json\/wp\/v2\/posts"}],"about":[{"href":"https:\/\/dimensionturistica.com\/es\/wp-json\/wp\/v2\/types\/post"}],"author":[{"embeddable":true,"href":"https:\/\/dimensionturistica.com\/es\/wp-json\/wp\/v2\/users\/4"}],"replies":[{"embeddable":true,"href":"https:\/\/dimensionturistica.com\/es\/wp-json\/wp\/v2\/comments?post=174099"}],"version-history":[{"count":0,"href":"https:\/\/dimensionturistica.com\/es\/wp-json\/wp\/v2\/posts\/174099\/revisions"}],"wp:featuredmedia":[{"embeddable":true,"href":"https:\/\/dimensionturistica.com\/es\/wp-json\/wp\/v2\/media\/174100"}],"wp:attachment":[{"href":"https:\/\/dimensionturistica.com\/es\/wp-json\/wp\/v2\/media?parent=174099"}],"wp:term":[{"taxonomy":"category","embeddable":true,"href":"https:\/\/dimensionturistica.com\/es\/wp-json\/wp\/v2\/categories?post=174099"},{"taxonomy":"post_tag","embeddable":true,"href":"https:\/\/dimensionturistica.com\/es\/wp-json\/wp\/v2\/tags?post=174099"}],"curies":[{"name":"wp","href":"https:\/\/api.w.org\/{rel}","templated":true}]}}