{"id":173200,"date":"2021-08-13T14:20:46","date_gmt":"2021-08-13T14:20:46","guid":{"rendered":"https:\/\/dimensionturistica.com\/es\/?p=173200"},"modified":"2021-08-13T14:20:47","modified_gmt":"2021-08-13T14:20:47","slug":"27-personas-a-bordo-de-crucero-en-belice-dan-positivo-para-covid-el-universal","status":"publish","type":"post","link":"https:\/\/dimensionturistica.com\/es\/27-personas-a-bordo-de-crucero-en-belice-dan-positivo-para-covid-el-universal\/","title":{"rendered":"27 personas a bordo de crucero en Belice dan positivo para COVID | EL UNIVERSAL"},"content":{"rendered":"<p> <br \/>\n<\/p>\n<div mlnid=\"idcon=5000657;order=6.0\">\n<p>Veintisiete personas a bordo de un crucero Carnival dieron positivo para COVID-19 justo antes de que la embarcaci\u00f3n se detuviera en Ciudad de Belice esta semana, seg\u00fan la Junta de Turismo de Belice.<\/p>\n<p>Los casos positivos fueron de 26 tripulantes y un pasajero del Carnival Vista, con m\u00e1s de 1.400 tripulantes y casi 3.000 pasajeros, inform\u00f3 la junta en un comunicado. El crucero lleg\u00f3 el mi\u00e9rcoles a Ciudad de Belice.<\/p>\n<p>Los 27 estaban vacunados y ten\u00edan s\u00edntomas leves o eran asintom\u00e1ticos, y fueron aislados, agreg\u00f3 la junta. El 99,98% de los tripulantes estaban vacunados, as\u00ed como 96,5% de los pasajeros.<\/p>\n<p>El Carnival anunci\u00f3 la semana pasada que hab\u00eda casos positivos a bordo, pero la l\u00ednea de cruceros no dio n\u00fameros espec\u00edficos, report\u00f3 The Washington Submit. El crucero sali\u00f3 de Galveston, Texas, seg\u00fan el peri\u00f3dico.<\/p>\n<\/p><\/div>\n<div mlnid=\"idcon=5000740;order=8.0\">\n<p>Carnival requiere que todos los pasajeros est\u00e9n vacunados, aunque hubo excepciones para ni\u00f1os y personas con padecimientos m\u00e9dicos. La l\u00ednea de cruceros dijo en un comunicado del 4 de agosto que todos los pasajeros deben usar mascarillas en ciertas \u00e1reas al inside y presentar una prueba negativa de COVID a tres d\u00edas de embarcar para los cruceros que inician el 14 de agosto.<\/p>\n<p>El Centro para el Management y la Prevenci\u00f3n de Enfermedades dijo en su sitio net que hab\u00eda investigado al Carnival Vista y el crucero sigue bajo observaci\u00f3n.<\/p>\n<\/p><\/div>\n<p><script>\/*<![CDATA[*\/(function(e,a,f){var c,b=e.getElementsByTagName(a)[0];if(e.getElementById(f)){return}c=e.createElement(a);c.id=f;c.src=\"https:\/\/connect.facebook.net\/es_LA\/sdk.js#xfbml=1&#038;version=v3.2&#038;appId=1434085360147717&#038;autoLogAppEvents=1\";b.parentNode.insertBefore(c,b)}(document,\"script\",\"facebook-jssdk\"));\/*]]>*\/<\/script><br \/>\n<br \/><\/p>\n<p><em> &#8221; Fuentes www.eluniversal.com.co &#8221; <\/em><\/p>\n","protected":false},"excerpt":{"rendered":"<p>Veintisiete personas a bordo de un crucero Carnival dieron positivo para COVID-19 justo antes de que la embarcaci\u00f3n se detuviera en Ciudad de Belice esta semana, seg\u00fan la Junta de Turismo de Belice. Los casos positivos fueron de 26 tripulantes y un pasajero del Carnival Vista, con m\u00e1s de 1.400 tripulantes y casi 3.000 pasajeros, [&hellip;]<\/p>\n","protected":false},"author":4,"featured_media":173201,"comment_status":"open","ping_status":"closed","sticky":false,"template":"","format":"standard","meta":{"om_disable_all_campaigns":false,"jnews-multi-image_gallery":[],"jnews_single_post":[],"jnews_primary_category":[],"jnews_social_meta":[],"footnotes":""},"categories":[41],"tags":[510],"class_list":["post-173200","post","type-post","status-publish","format-standard","has-post-thumbnail","hentry","category-cruceros","tag-covid-19"],"_links":{"self":[{"href":"https:\/\/dimensionturistica.com\/es\/wp-json\/wp\/v2\/posts\/173200","targetHints":{"allow":["GET"]}}],"collection":[{"href":"https:\/\/dimensionturistica.com\/es\/wp-json\/wp\/v2\/posts"}],"about":[{"href":"https:\/\/dimensionturistica.com\/es\/wp-json\/wp\/v2\/types\/post"}],"author":[{"embeddable":true,"href":"https:\/\/dimensionturistica.com\/es\/wp-json\/wp\/v2\/users\/4"}],"replies":[{"embeddable":true,"href":"https:\/\/dimensionturistica.com\/es\/wp-json\/wp\/v2\/comments?post=173200"}],"version-history":[{"count":0,"href":"https:\/\/dimensionturistica.com\/es\/wp-json\/wp\/v2\/posts\/173200\/revisions"}],"wp:featuredmedia":[{"embeddable":true,"href":"https:\/\/dimensionturistica.com\/es\/wp-json\/wp\/v2\/media\/173201"}],"wp:attachment":[{"href":"https:\/\/dimensionturistica.com\/es\/wp-json\/wp\/v2\/media?parent=173200"}],"wp:term":[{"taxonomy":"category","embeddable":true,"href":"https:\/\/dimensionturistica.com\/es\/wp-json\/wp\/v2\/categories?post=173200"},{"taxonomy":"post_tag","embeddable":true,"href":"https:\/\/dimensionturistica.com\/es\/wp-json\/wp\/v2\/tags?post=173200"}],"curies":[{"name":"wp","href":"https:\/\/api.w.org\/{rel}","templated":true}]}}