{"id":173059,"date":"2021-08-13T04:23:09","date_gmt":"2021-08-13T04:23:09","guid":{"rendered":"https:\/\/dimensionturistica.com\/es\/?p=173059"},"modified":"2021-08-13T04:23:09","modified_gmt":"2021-08-13T04:23:09","slug":"nueva-zelanda-comenzara-a-reabrir-para-viajes-al-extranjero-a-principios-de-2022-destinos","status":"publish","type":"post","link":"https:\/\/dimensionturistica.com\/es\/nueva-zelanda-comenzara-a-reabrir-para-viajes-al-extranjero-a-principios-de-2022-destinos\/","title":{"rendered":"Nueva Zelanda comenzar\u00e1 a reabrir para viajes al extranjero a principios de 2022 &#8211; Destinos"},"content":{"rendered":"<p> <br \/>\n<\/p>\n<div>\n<ol class=\"breadcrumb\">\n<li><a rel=\"nofollow noopener\" target=\"_blank\" href=\"https:\/\/contactonews.co\">Inicio<\/a><\/li>\n<li><a rel=\"nofollow noopener\" target=\"_blank\" href=\"https:\/\/contactonews.co\/destinos\">Destinos<\/a><\/li>\n<li class=\"active\">Nueva Zelanda comenzar\u00e1 a reabrir para viajes al extranjero a principios de 2022<\/li>\n<\/ol>\n<p class=\"article-blurb\">El Gobierno de Nueva Zelanda, anunci\u00f3 que planea comenzar a reabrir a los viajeros vacunados a partir de principios de 2022.<\/p>\n<p>                              <span class=\"pb-byline author\" itemprop=\"author\" itemscope=\"\" itemtype=\"http:\/\/schema.org\/Organization\">Por <a rel=\"nofollow noopener\" target=\"_blank\" href=\"https:\/\/contactonews.co\/autor\/contacto-editorial\"><span itemprop=\"name\">Contacto Editorial<\/span><\/a> | <\/span><br \/>\n                                <span class=\"publish-date\">12 de agosto de 2021<\/span><\/p>\n<figure>\n    <img decoding=\"async\" src=\"https:\/\/contactonews.co\/storage\/images\/thumb-large-Nueva_Zelanda_LPT_Ex.jpg\" alt=\"Nueva Zelanda comenzar\u00e1 a reabrir para viajes al extranjero a principios de 2022\"\/><br \/>\n        <\/figure>\n<\/p><\/div>\n<div>\n<p><i>&#8220;No podemos mantener las restricciones fronterizas para siempre, y para ser absolutamente claros, tampoco queremos hacer eso, ni tampoco los expertos con los que hablamos. Los cierres fronterizos fueron solo una medida temporal para mantener a COVID fuera antes de una vacuna fuera desarrollada y administrada&#8221;<\/i>, dijo la primera <b>ministra de Nueva Zelanda, Jacinda Arder.<\/b><\/p>\n<p>En preparaci\u00f3n para una reapertura gradual el pr\u00f3ximo a\u00f1o, el gobierno de Nueva Zelanda anunci\u00f3 que trabajar\u00edan para acelerar el programa de vacunaci\u00f3n. El pa\u00eds espera implementar un sistema escalonado basado en el riesgo para las llegadas extranjeras, con reglas que dependen de su pa\u00eds de origen. En cualquier caso, solo se permitir\u00e1 la entrada a los viajeros vacunados, pero los que provengan de pa\u00edses de alto riesgo a\u00fan necesitar\u00e1n estar en cuarentena durante dos semanas en una instalaci\u00f3n administrada; mientras que a los de pa\u00edses de riesgo medio se les podr\u00eda permitir aislarse por s\u00ed mismos o tener una cuarentena reducida; y los de pa\u00edses de bajo riesgo podr\u00edan ingresar sin ning\u00fan tipo de cuarentena.<\/p>\n<\/p><\/div>\n<p><script async defer src=\"https:\/\/connect.facebook.net\/es_ES\/sdk.js\"><\/script><br \/>\n<br \/><\/p>\n<p><em> &#8221; Fuentes contactonews.co &#8221; <\/em><\/p>\n","protected":false},"excerpt":{"rendered":"<p>Inicio Destinos Nueva Zelanda comenzar\u00e1 a reabrir para viajes al extranjero a principios de 2022 El Gobierno de Nueva Zelanda, anunci\u00f3 que planea comenzar a reabrir a los viajeros vacunados a partir de principios de 2022. Por Contacto Editorial | 12 de agosto de 2021 &#8220;No podemos mantener las restricciones fronterizas para siempre, y para [&hellip;]<\/p>\n","protected":false},"author":4,"featured_media":173060,"comment_status":"open","ping_status":"closed","sticky":false,"template":"","format":"standard","meta":{"om_disable_all_campaigns":false,"jnews-multi-image_gallery":[],"jnews_single_post":[],"jnews_primary_category":[],"jnews_social_meta":[],"footnotes":""},"categories":[39],"tags":[55,29482],"class_list":["post-173059","post","type-post","status-publish","format-standard","has-post-thumbnail","hentry","category-viajes","tag-coronavirus","tag-turismo-en-nueva-zelanda"],"_links":{"self":[{"href":"https:\/\/dimensionturistica.com\/es\/wp-json\/wp\/v2\/posts\/173059","targetHints":{"allow":["GET"]}}],"collection":[{"href":"https:\/\/dimensionturistica.com\/es\/wp-json\/wp\/v2\/posts"}],"about":[{"href":"https:\/\/dimensionturistica.com\/es\/wp-json\/wp\/v2\/types\/post"}],"author":[{"embeddable":true,"href":"https:\/\/dimensionturistica.com\/es\/wp-json\/wp\/v2\/users\/4"}],"replies":[{"embeddable":true,"href":"https:\/\/dimensionturistica.com\/es\/wp-json\/wp\/v2\/comments?post=173059"}],"version-history":[{"count":0,"href":"https:\/\/dimensionturistica.com\/es\/wp-json\/wp\/v2\/posts\/173059\/revisions"}],"wp:featuredmedia":[{"embeddable":true,"href":"https:\/\/dimensionturistica.com\/es\/wp-json\/wp\/v2\/media\/173060"}],"wp:attachment":[{"href":"https:\/\/dimensionturistica.com\/es\/wp-json\/wp\/v2\/media?parent=173059"}],"wp:term":[{"taxonomy":"category","embeddable":true,"href":"https:\/\/dimensionturistica.com\/es\/wp-json\/wp\/v2\/categories?post=173059"},{"taxonomy":"post_tag","embeddable":true,"href":"https:\/\/dimensionturistica.com\/es\/wp-json\/wp\/v2\/tags?post=173059"}],"curies":[{"name":"wp","href":"https:\/\/api.w.org\/{rel}","templated":true}]}}