{"id":172775,"date":"2021-08-12T17:38:23","date_gmt":"2021-08-12T17:38:23","guid":{"rendered":"https:\/\/dimensionturistica.com\/es\/?p=172775"},"modified":"2021-08-12T17:38:23","modified_gmt":"2021-08-12T17:38:23","slug":"vicky-foods-se-independiza-de-la-energia-electrica","status":"publish","type":"post","link":"https:\/\/dimensionturistica.com\/es\/vicky-foods-se-independiza-de-la-energia-electrica\/","title":{"rendered":"Vicky Foods se independiza de la energ\u00eda el\u00e9ctrica"},"content":{"rendered":"<p> <br \/>\n<\/p>\n<div>\n<p>\n\t\t\t\t\t\t\t\t                                Tras haber inaugurado el primer sistema de autoconsumo en su granja ovoproductora, Vicky Meals da un paso m\u00e1s en su compromiso por disminuir su dependencia de la energ\u00eda el\u00e9ctrica de generaci\u00f3n convencional instalando 1.500 placas solares en su planta de Villalonga                            <\/p>\n<p style=\"font-weight: 400\">La planta de <a target=\"_blank\" href=\"https:\/\/www.sweetpress.com\/vicky-foods-incrementa-un-65-su-facturacion-global-en-2020\/\" rel=\"noopener\">Vicky Foods<\/a> en <strong>Villalonga<\/strong> cuenta ya con su instalaci\u00f3n fotovoltaica formada por m\u00e1s de <strong>1.500 placas solares<\/strong> que tienen una capacidad de <strong>generaci\u00f3n de 990.575 kWh\/anuales<\/strong> y evitar\u00e1n la emisi\u00f3n de cerca de 400 toneladas de di\u00f3xido de carbono a la atm\u00f3sfera por a\u00f1o.<\/p>\n<p style=\"font-weight: 400\">As\u00ed, <a target=\"_blank\" href=\"https:\/\/vickyfoods.es\/\" rel=\"noopener\">Vicky Foods<\/a> contin\u00faa con el <strong>plan fotovoltaico<\/strong> que comenz\u00f3\u00a0a finales de 2020 con la inauguraci\u00f3n del primer sistema de <strong>autoconsumo<\/strong> en su granja ovoproductora y al que han seguido, a lo largo de este 2021, siete de sus delegaciones.<\/p>\n<p style=\"font-weight: 400\">El conjunto de todas las instalaciones mencionadas comprende m\u00e1s de <strong>2.900 paneles solares<\/strong> que generan juntos cerca de\u00a01,6 megavatios anuales y reducen la emisi\u00f3n de cerca de 700 toneladas de CO<sub>2<\/sub>. La pol\u00edtica de <a target=\"_blank\" href=\"https:\/\/www.sweetpress.com\/vicky-foods-abrira-su-primera-planta-de-produccion-en-francia\/\" rel=\"noopener\">instalaci\u00f3n de plantas de energ\u00eda solar<\/a> de Vicky Meals se extender\u00e1 durante los pr\u00f3ximos dos a\u00f1os y est\u00e1 previsto que alcance a la mayor\u00eda de sus <a target=\"_blank\" href=\"https:\/\/vickyfoods.es\/conocenos\/compania\/\" rel=\"noopener\">instalaciones productivas<\/a> en Espa\u00f1a.<\/p>\n<p style=\"font-weight: 400\">Este proyecto\u00a0se enmarca en la <strong>estrategia de sostenibilidad de la compa\u00f1\u00eda<\/strong> y significa un paso m\u00e1s en su compromiso por disminuir su dependencia de la energ\u00eda el\u00e9ctrica de generaci\u00f3n convencional. Una transici\u00f3n hacia un modelo productivo que mejora la competitividad y ayuda a reducir la huella de CO<sub>2<\/sub>, uno de sus mayores retos ambientales.<\/p>\n<p style=\"font-weight: 400\">La iniciativa del grupo contribuye a la <strong>consecuci\u00f3n de los Objetivos de Desarrollo\u00a0Sostenible<\/strong> n\u00fameros 7 y 13. Para ello, adem\u00e1s de la apuesta por energ\u00edas renovables, est\u00e1 desarrollando actuaciones destinadas a disminuir el consumo de electricidad, gasoline pure y combustibles en transporte. Todas estas acciones ayudan a cumplir el reto que se ha marcado la compa\u00f1\u00eda para este 2021 de <strong>reducir su huella de carbono en un 5%<\/strong>.<\/p>\n<h2>El compromiso social de Vicky Meals<\/h2>\n<p><strong>Vicky Meals<\/strong> puso en marcha a finales de a\u00f1o la <strong>Fundaci\u00f3n Vicky Meals <\/strong>con el objetivo de <strong>vertebrar<\/strong> la <strong>gesti\u00f3n<\/strong> de la <strong>acci\u00f3n social<\/strong> que realiza el grupo empresarial. \u00a0Su prop\u00f3sito es fomentar la <a target=\"_blank\" href=\"https:\/\/www.sweetpress.com\/vicky-foods-ha-irrumpido-con-fuerza-para-posicionarse-como-uno-de-los-referentes-de-la-alimentacion-saludable\/?highlight=vicky%20foods\" rel=\"noopener noreferrer\">innovaci\u00f3n<\/a>, el emprendimiento y el desarrollo de actividades relacionadas con la <strong>formaci\u00f3n<\/strong> y el <strong>aprendizaje.<\/strong><\/p>\n<p>Gracias a ello, la Fundaci\u00f3n promueve diferentes acciones para la<strong> promoci\u00f3n de h\u00e1bitos saludables<\/strong> y actividades de car\u00e1cter l\u00fadico y educativo para ni\u00f1os y j\u00f3venes, tanto en <strong>\u00e1mbito territorial de la Comunidad Valenciana<\/strong> como en el nacional. Se centra adem\u00e1s en el apoyo a proyectos de <strong>innovaci\u00f3n<\/strong> en el <strong>sector alimentario<\/strong> y en la creaci\u00f3n de espacios de desarrollo e intercambio de concepts sobre las nuevas tendencias en alimentaci\u00f3n.<\/p>\n<p class=\"article-num-publication\">\n                                <a target=\"_blank\" href=\"https:\/\/www.sweetpress.com\/suscripciones\/\" title=\"N\u00famero de publicaci\u00f3n\" rel=\"noopener\">Otras informaciones en la edici\u00f3n de Dulces Noticias&#8230; y algo m\u00e1s n\u00fam. 391 (septiembre 2021)<\/a>\n                            <\/p>\n<\/p><\/div>\n\n<p><em> \u2018 The preceding article may include information circulated by third parties \u2019 <\/em><\/p>\n<p><em> \u2018 Some details of this article were extracted from the following source www.sweetpress.com \u2019 <\/em><\/p>\n","protected":false},"excerpt":{"rendered":"<p>Tras haber inaugurado el primer sistema de autoconsumo en su granja ovoproductora, Vicky Meals da un paso m\u00e1s en su compromiso por disminuir su dependencia de la energ\u00eda el\u00e9ctrica de generaci\u00f3n convencional instalando 1.500 placas solares en su planta de Villalonga La planta de Vicky Foods en Villalonga cuenta ya con su instalaci\u00f3n fotovoltaica formada [&hellip;]<\/p>\n","protected":false},"author":2,"featured_media":172776,"comment_status":"open","ping_status":"closed","sticky":false,"template":"","format":"standard","meta":{"om_disable_all_campaigns":false,"jnews-multi-image_gallery":[],"jnews_single_post":[],"jnews_primary_category":[],"jnews_social_meta":[],"footnotes":""},"categories":[43],"tags":[],"class_list":["post-172775","post","type-post","status-publish","format-standard","has-post-thumbnail","hentry","category-gourmet"],"_links":{"self":[{"href":"https:\/\/dimensionturistica.com\/es\/wp-json\/wp\/v2\/posts\/172775","targetHints":{"allow":["GET"]}}],"collection":[{"href":"https:\/\/dimensionturistica.com\/es\/wp-json\/wp\/v2\/posts"}],"about":[{"href":"https:\/\/dimensionturistica.com\/es\/wp-json\/wp\/v2\/types\/post"}],"author":[{"embeddable":true,"href":"https:\/\/dimensionturistica.com\/es\/wp-json\/wp\/v2\/users\/2"}],"replies":[{"embeddable":true,"href":"https:\/\/dimensionturistica.com\/es\/wp-json\/wp\/v2\/comments?post=172775"}],"version-history":[{"count":0,"href":"https:\/\/dimensionturistica.com\/es\/wp-json\/wp\/v2\/posts\/172775\/revisions"}],"wp:featuredmedia":[{"embeddable":true,"href":"https:\/\/dimensionturistica.com\/es\/wp-json\/wp\/v2\/media\/172776"}],"wp:attachment":[{"href":"https:\/\/dimensionturistica.com\/es\/wp-json\/wp\/v2\/media?parent=172775"}],"wp:term":[{"taxonomy":"category","embeddable":true,"href":"https:\/\/dimensionturistica.com\/es\/wp-json\/wp\/v2\/categories?post=172775"},{"taxonomy":"post_tag","embeddable":true,"href":"https:\/\/dimensionturistica.com\/es\/wp-json\/wp\/v2\/tags?post=172775"}],"curies":[{"name":"wp","href":"https:\/\/api.w.org\/{rel}","templated":true}]}}