{"id":172632,"date":"2021-08-12T13:13:36","date_gmt":"2021-08-12T13:13:36","guid":{"rendered":"https:\/\/dimensionturistica.com\/es\/?p=172632"},"modified":"2021-08-12T13:13:36","modified_gmt":"2021-08-12T13:13:36","slug":"cajamarca-elige-a-yma-sumac-como-uno-de-los-personajes-del-bicentenario-de-esa-region-noticias","status":"publish","type":"post","link":"https:\/\/dimensionturistica.com\/es\/cajamarca-elige-a-yma-sumac-como-uno-de-los-personajes-del-bicentenario-de-esa-region-noticias\/","title":{"rendered":"Cajamarca elige a Yma S\u00famac como uno de los personajes del Bicentenario de esa regi\u00f3n | Noticias"},"content":{"rendered":"<p> <br \/>\n<\/p>\n<div>\n<p>                        <!-- \/\/\/\/\/\/\/\/\/\/\/\/\/\/\/\/\/\/\/\/\/\/\/\/\/\/\/\/\/\/  DESCRIPCION  \/\/\/\/\/\/\/\/\/\/\/\/\/\/\/\/\/\/\/\/\/\/\/\/\/\/\/ --><br \/>\n                        La artista Zoila Emperatriz Ch\u00e1varri del Castillo, conocida mundialmente como Yma S\u00famac, lidera la lista de 146 personalidades que fueron elegidas como personajes del Bicentenario de Cajamarca por su contribuci\u00f3n al desarrollo de esa regi\u00f3n. La lista ue elaborada por la Municipalidad Provincial cajamarquina.<\/p>\n<p>                        <!-- \/\/\/\/\/\/\/\/\/\/\/\/\/\/\/\/\/\/\/\/\/\/\/\/\/\/\/\/\/\/  CONTENIDO DE LA NOTICIA \/\/\/\/\/\/\/\/\/\/\/\/\/\/\/\/\/\/\/\/\/\/\/\/\/\/\/\/ --><\/p>\n<div>\n<div><strong><a rel=\"nofollow noopener\" target=\"_blank\" href=\"https:\/\/andina.pe\/agencia\/noticia-google-recuerda-a-yma-sumac-un-doodle-630657.aspx\" class=\"ApplyClass\">Yma S\u00famac<\/a><\/strong> fue una reconocida artista internacional nacida en Cajamarca. Su singular y potente registro vocal fue considerado como \u201cla m\u00e1s poderosa\u201d al abarcar las cinco octavas en la escala musical, siendo la primera cantante en alcanzar este impresionante rango de voz en la historia de la m\u00fasica.<\/div>\n<p>La soprano peruana hizo una gran carrera art\u00edstica que le vali\u00f3 convertirse en la \u00fanica peruana que tiene una estrella en el paseo de la fama en Hollywood, California.<\/p>\n<\/div>\n<div><img decoding=\"async\" alt=\"\" src=\"https:\/\/portal.andina.pe\/EDPFotografia3\/thumbnail\/2021\/08\/12\/000798286M.jpg\" width=\"580px\"\/><\/div>\n<p>En la relaci\u00f3n elaborada por la Municipalidad de Cajamarca destacan tambi\u00e9n pol\u00edticos como <strong>Javier Alva Orlandini y Alfonso Barrantes Ling\u00e1n<\/strong>, los pintores<strong> Jos\u00e9 Sabogal y Andr\u00e9s Zevallos<\/strong>, el jurista <strong>Jos\u00e9 G\u00e1lvez Eg\u00fasquiza<\/strong>, el fil\u00f3sofo <strong>Mariano Ib\u00e9rico Rodr\u00edguez<\/strong>, el escritor <strong>Mario Flori\u00e1n<\/strong>, el arque\u00f3logo <strong>Walter Alva<\/strong>, descubridor del Se\u00f1or de Sip\u00e1n, entre otros.<\/p>\n<div>Estos <strong><a rel=\"nofollow noopener\" target=\"_blank\" href=\"https:\/\/www.andina.pe\/agencia\/noticia-cajamarca-reconoce-a-investigadora-del-supermaiz-morado-como-personaje-del-bicentenario-854169.aspx\">personajes del Bicentenario<\/a><\/strong> forman parte de la exposici\u00f3n fotogr\u00e1fica permanente que organiza la Municipalidad de Cajamarca en la remozada casona Espinach, ubicada en el centro hist\u00f3rico de esta ciudad.<\/div>\n<p>El p\u00fablico puede apreciar la exposici\u00f3n fotografica. En la muestra se presenta las im\u00e1genes de 52 personajes en un ambiente de la casona ubicada a una cuadra de la plaza de Armas de esta ciudad. \u201cNo hemos encontrado las fotograf\u00edas de las dem\u00e1s personalidades y estamos viendo la alternativa de hacer un carboncillo o poner una foto de la obra que han hecho\u201d, afirm\u00f3 a la Agencia Andina, Jaime Rodrigo Silva Santisteban, gerente de Turismo, Cultura y Centro Hist\u00f3rico de la municipalidad.<\/p>\n<p><img decoding=\"async\" alt=\"\" src=\"https:\/\/portal.andina.pe\/EDPFotografia3\/thumbnail\/2021\/08\/12\/000798287M.jpg\" width=\"580px\"\/><\/p>\n<p>Hay personajes que no han nacido en Cajamarca pero han dedicado la mayor parte de su vida a esta regi\u00f3n, investigadores como el arque\u00f3logo japon\u00e9s Kazuo Terada. \u201cEsta labor a\u00fan no ha terminado, estamos recopilando fotograf\u00edas\u201d, sostuvo el funcionario, al precisar que han elaborado una placa con los nombres de las 146 personalidades y est\u00e1 ubicada al ingreso a la casona y pr\u00f3ximamente har\u00e1n un libro de la vida de los personajes.<\/p>\n<p>En un principio la thought fue reconocer a 200 personalidades con motivo de los 200 a\u00f1os de la Independencia del Per\u00fa, mediante una convocatoria a los alcaldes de las 13 provincias de la regi\u00f3n y colegios profesionales para que participen alcanzando sus propuestas, finalmente, la comisi\u00f3n determin\u00f3 que solo deb\u00edan ser reconocidos 146 por la trascendencia de sus obras o acciones.<\/p>\n<p>La exposici\u00f3n busca reconocer el esfuerzo, dedicaci\u00f3n y compromiso de honorables cajamarquinos que a trav\u00e9s de la historia han aportado al desarrollo de esta regi\u00f3n y del pa\u00eds en distintos campos, reiter\u00f3 Rodrigo Silva Santisteban, al invitar al p\u00fablico y especialmente a los estudiantes a apreciar la exposici\u00f3n y conocer m\u00e1s sobre la historia de Cajamarca y los personajes que contribuyeron con esta tierra.<\/p>\n<p><img decoding=\"async\" alt=\"\" src=\"https:\/\/portal.andina.pe\/EDPFotografia3\/thumbnail\/2019\/06\/18\/000594064M.jpg\" width=\"580px\"\/><\/p>\n<p>En el recorrido por la casona Espinach se puede apreciar tambi\u00e9n una exposici\u00f3n de pintura, est\u00e1 la biblioteca municipal, presentaci\u00f3n teatral: museo de la marioneta, biblioteca braille y la exposici\u00f3n fotogr\u00e1fica de la historia de Cajamarca. \u201cMediante una acci\u00f3n p\u00fablico-privada con los gu\u00edas de turismo y agencias de viaje, vamos a coordinar para que la casona sea parte del city tours\u201d, indic\u00f3 el funcionario.<\/p>\n<p>M\u00e1s en Andina:<\/p>\n<blockquote class=\"twitter-tweet\">\n<p lang=\"es\" dir=\"ltr\">Joya del Ande peruano: conoce porqu\u00e9 la fibra de alpaca es una de las m\u00e1s finas del mundo <a rel=\"nofollow noopener\" target=\"_blank\" href=\"https:\/\/t.co\/uA4PFDopii\">https:\/\/t.co\/uA4PFDopii<\/a> a trav\u00e9s de <a rel=\"nofollow noopener\" target=\"_blank\" href=\"https:\/\/twitter.com\/Agencia_Andina?ref_src=twsrc%5Etfw\">@Agencia_Andina<\/a><\/p>\n<p>\u2014 Mois\u00e9s Aylas Ortiz (@regionalesand) <a rel=\"nofollow noopener\" target=\"_blank\" href=\"https:\/\/twitter.com\/regionalesand\/status\/1425797975637479426?ref_src=twsrc%5Etfw\">August 12, 2021<\/a><\/p><\/blockquote>\n<p>(FIN) ELJ\/MAO<\/p>\n<p>\nPublicado: 12\/8\/2021<\/p>\n<p>                        <!-- PUBLICIDAD MGID --><br \/>\n                        <!-- Composite Start --><\/p>\n<p>                        <!-- Composite End --><\/p><\/div>\n<p><script async src=\"\/\/platform.twitter.com\/widgets.js\" charset=\"utf-8\"><\/script><br \/>\n<br \/><\/p>\n<p><em> &#8221; Fuentes andina.pe &#8221; <\/em><\/p>\n","protected":false},"excerpt":{"rendered":"<p>La artista Zoila Emperatriz Ch\u00e1varri del Castillo, conocida mundialmente como Yma S\u00famac, lidera la lista de 146 personalidades que fueron elegidas como personajes del Bicentenario de Cajamarca por su contribuci\u00f3n al desarrollo de esa regi\u00f3n. La lista ue elaborada por la Municipalidad Provincial cajamarquina. Yma S\u00famac fue una reconocida artista internacional nacida en Cajamarca. Su [&hellip;]<\/p>\n","protected":false},"author":4,"featured_media":172633,"comment_status":"open","ping_status":"closed","sticky":false,"template":"","format":"standard","meta":{"om_disable_all_campaigns":false,"jnews-multi-image_gallery":[],"jnews_single_post":[],"jnews_primary_category":[],"jnews_social_meta":[],"footnotes":""},"categories":[40],"tags":[13571,4868,29448,29447,29449],"class_list":["post-172632","post","type-post","status-publish","format-standard","has-post-thumbnail","hentry","category-industria","tag-bicentenario","tag-cajamarca","tag-municipalidad-de-cajamarca","tag-personajes-del-bicentenario","tag-yma-sumac"],"_links":{"self":[{"href":"https:\/\/dimensionturistica.com\/es\/wp-json\/wp\/v2\/posts\/172632","targetHints":{"allow":["GET"]}}],"collection":[{"href":"https:\/\/dimensionturistica.com\/es\/wp-json\/wp\/v2\/posts"}],"about":[{"href":"https:\/\/dimensionturistica.com\/es\/wp-json\/wp\/v2\/types\/post"}],"author":[{"embeddable":true,"href":"https:\/\/dimensionturistica.com\/es\/wp-json\/wp\/v2\/users\/4"}],"replies":[{"embeddable":true,"href":"https:\/\/dimensionturistica.com\/es\/wp-json\/wp\/v2\/comments?post=172632"}],"version-history":[{"count":0,"href":"https:\/\/dimensionturistica.com\/es\/wp-json\/wp\/v2\/posts\/172632\/revisions"}],"wp:featuredmedia":[{"embeddable":true,"href":"https:\/\/dimensionturistica.com\/es\/wp-json\/wp\/v2\/media\/172633"}],"wp:attachment":[{"href":"https:\/\/dimensionturistica.com\/es\/wp-json\/wp\/v2\/media?parent=172632"}],"wp:term":[{"taxonomy":"category","embeddable":true,"href":"https:\/\/dimensionturistica.com\/es\/wp-json\/wp\/v2\/categories?post=172632"},{"taxonomy":"post_tag","embeddable":true,"href":"https:\/\/dimensionturistica.com\/es\/wp-json\/wp\/v2\/tags?post=172632"}],"curies":[{"name":"wp","href":"https:\/\/api.w.org\/{rel}","templated":true}]}}