{"id":172594,"date":"2021-08-12T11:15:22","date_gmt":"2021-08-12T11:15:22","guid":{"rendered":"https:\/\/dimensionturistica.com\/es\/?p=172594"},"modified":"2021-08-12T11:15:23","modified_gmt":"2021-08-12T11:15:23","slug":"balance-de-las-agencias-de-viajes-andaluzas","status":"publish","type":"post","link":"https:\/\/dimensionturistica.com\/es\/balance-de-las-agencias-de-viajes-andaluzas\/","title":{"rendered":"Balance de las agencias de viajes andaluzas:"},"content":{"rendered":"<p> <br \/>\n<\/p>\n<div>\n<div class=\"wysiwyg-photo\">\n<div class=\"wysiwyg-photo\">\n<div class=\"wysiwyg-photo\">\n<div class=\"wysiwyg-photo\"><img decoding=\"async\" src=\"https:\/\/static.hosteltur.com\/app\/public\/uploads\/img\/releases\/2021\/08\/12\/L_125648_img-20210812-wa0008-faav-pequeno.jpg\" alt=\"Imagen nota de prensa Hosteltur\" width=\"350\" height=\"247\"\/><\/div><\/div><\/div><\/div>\n<p>Sevilla, 12 de agosto de 2021<\/p>\n<p>La mayor\u00eda de las ventas realizadas se centran en destinos nacionales, con especial incidencia de viajes y estancias dentro de la propia comunidad andaluza. Las reservas para las costas levantinas, la cornisa cant\u00e1brica y Galicia, as\u00ed como a las islas Baleares y Canarias, han tenido tambi\u00e9n un aceptable comportamiento.<\/p>\n<p>Sin embargo, los destinos internacionales no terminan de recuperarse, aunque se ha observado un aumento de reservas hacia Europa tras la implementaci\u00f3n del certificado verde digital. A nivel de larga distancia, las agencias andaluzas han enviado viajeros a destinos del Caribe -principalmente Rep\u00fablica Dominicana y Rivera Maya en M\u00e9xico- y tambi\u00e9n de \u00c1frica e islas del \u00cdndico, como Maldivas y Zanz\u00edbar. Los cruceros han avanzado de manera importante, tras su vuelta a las operaciones en el mes de junio.<\/p>\n<p>La Federaci\u00f3n Andaluza de Agencias de Viajes considera que \u201cla situaci\u00f3n de las agencias ha mejorado, pero lamentablemente a\u00fan nos queda mucho para recuperar la normalidad\u201d. Recuerdan que son el sector que ha sufrido una mayor afecci\u00f3n econ\u00f3mica por la disaster del Covid, tanto en facturaci\u00f3n como en empleo. \u201cSeg\u00fan los informes de la Seguridad Social, en junio crecieron todos los sectores vinculados al turismo, excepto el de las agencias de viajes. De igual manera, en julio seguimos siendo el sector con mayor porcentaje de trabajadores en situaci\u00f3n de ERTE, con un 39.77%, lejos de otros sectores tambi\u00e9n muy afectados como el transporte a\u00e9reo, con un 22.40%, y los servicios de alojamiento, con un 16.30%\u201d.<\/p>\n<p>A pesar de estas negativas credenciales, siguen sin recibir ayuda alguna por parte de la Junta de Andaluc\u00eda. Las convocadas en abril por un importe lineal de 3.000 euros a\u00fan no han llegado y la Consejer\u00eda de Turismo no aclara en qu\u00e9 momento se publicar\u00e1n las complementarias que permitir\u00edan a las agencias obtener un m\u00e1ximo de 12.000 euros dependiendo del n\u00famero de trabajadores en plantilla.<\/p>\n<p>En opini\u00f3n de la FAAV, estas ayudas son \u201cobjetivamente insuficientes\u201d, tanto en el comparativo con respecto a lo legislado en otros territorios nacionales como en el ratio de partida presupuestaria destinada por la Junta y el empleo y la facturaci\u00f3n de cada sector, \u201csaliendo perjudicados entre un 65% y un 88%, dependiendo del par\u00e1metro\u201d.<\/p>\n<p>\u201cEs lamentable observar el trato que en Andaluc\u00eda se le da a un sector tan duramente castigado y que tanta incidencia tiene sobre el turismo de calidad\u201d, apostillan.<\/p>\n<p>. . . . . o o O o o . . .<\/p>\n<p>Sobre la FAAV.<\/p>\n<p>La Federaci\u00f3n Andaluza de Agencias de Viajes est\u00e1 compuesta por las ocho asociaciones provinciales y tiene como objetivo la defensa y representaci\u00f3n del sector en la comunidad aut\u00f3noma andaluza. Est\u00e1 integrada en la Confederaci\u00f3n de Empresarios de Andaluc\u00eda (CEA) y en la Confederaci\u00f3n Espa\u00f1ola de Agencias de Viajes (CEAV), entidad esta \u00faltima que re\u00fane a la pr\u00e1ctica totalidad de las asociaciones espa\u00f1olas de agencias de viajes y que aglutina a 27 asociaciones empresariales en las que est\u00e1n integradas m\u00e1s de 5.000 agencias de viajes que cuentan con cerca de 60.000 profesionales distribuidos en m\u00e1s de 7.000 puntos de venta. Luis Arroyo Mar\u00edn, presidente de la Asociaci\u00f3n Provincial de Agencias de Viajes de Huelva, preside en la actualidad la FAAV.<\/p>\n<p>Para m\u00e1s informaci\u00f3n:<\/p>\n<p>Federaci\u00f3n Andaluza de Agencias de Viajes T &#8211; 600 944 671 secretaria@faav.es<\/p>\n<\/p><\/div>\n<p><script>\n        !function(f,b,e,v,n,t,s)\n        {if(f.fbq)return;n=f.fbq=function(){n.callMethod?\n            n.callMethod.apply(n,arguments):n.queue.push(arguments)};\n            if(!f._fbq)f._fbq=n;n.push=n;n.loaded=!0;n.version='2.0';\n            n.queue=[];t=b.createElement(e);t.async=!0;\n            t.src=v;s=b.getElementsByTagName(e)[0];\n            s.parentNode.insertBefore(t,s)}(window, document,'script',\n            'https:\/\/connect.facebook.net\/en_US\/fbevents.js');\n        fbq('init', '819396665363898');\n        fbq('track', 'PageView');\n    <\/script><br \/>\n<br \/><\/p>\n<p><em> &#8221; Fuentes www.hosteltur.com &#8221; <\/em><\/p>\n","protected":false},"excerpt":{"rendered":"<p>Sevilla, 12 de agosto de 2021 La mayor\u00eda de las ventas realizadas se centran en destinos nacionales, con especial incidencia de viajes y estancias dentro de la propia comunidad andaluza. Las reservas para las costas levantinas, la cornisa cant\u00e1brica y Galicia, as\u00ed como a las islas Baleares y Canarias, han tenido tambi\u00e9n un aceptable comportamiento. [&hellip;]<\/p>\n","protected":false},"author":4,"featured_media":172595,"comment_status":"open","ping_status":"closed","sticky":false,"template":"","format":"standard","meta":{"om_disable_all_campaigns":false,"jnews-multi-image_gallery":[],"jnews_single_post":[],"jnews_primary_category":[],"jnews_social_meta":[],"footnotes":""},"categories":[39],"tags":[572],"class_list":["post-172594","post","type-post","status-publish","format-standard","has-post-thumbnail","hentry","category-viajes","tag-distribucion"],"_links":{"self":[{"href":"https:\/\/dimensionturistica.com\/es\/wp-json\/wp\/v2\/posts\/172594","targetHints":{"allow":["GET"]}}],"collection":[{"href":"https:\/\/dimensionturistica.com\/es\/wp-json\/wp\/v2\/posts"}],"about":[{"href":"https:\/\/dimensionturistica.com\/es\/wp-json\/wp\/v2\/types\/post"}],"author":[{"embeddable":true,"href":"https:\/\/dimensionturistica.com\/es\/wp-json\/wp\/v2\/users\/4"}],"replies":[{"embeddable":true,"href":"https:\/\/dimensionturistica.com\/es\/wp-json\/wp\/v2\/comments?post=172594"}],"version-history":[{"count":0,"href":"https:\/\/dimensionturistica.com\/es\/wp-json\/wp\/v2\/posts\/172594\/revisions"}],"wp:featuredmedia":[{"embeddable":true,"href":"https:\/\/dimensionturistica.com\/es\/wp-json\/wp\/v2\/media\/172595"}],"wp:attachment":[{"href":"https:\/\/dimensionturistica.com\/es\/wp-json\/wp\/v2\/media?parent=172594"}],"wp:term":[{"taxonomy":"category","embeddable":true,"href":"https:\/\/dimensionturistica.com\/es\/wp-json\/wp\/v2\/categories?post=172594"},{"taxonomy":"post_tag","embeddable":true,"href":"https:\/\/dimensionturistica.com\/es\/wp-json\/wp\/v2\/tags?post=172594"}],"curies":[{"name":"wp","href":"https:\/\/api.w.org\/{rel}","templated":true}]}}