{"id":172543,"date":"2021-08-12T09:53:59","date_gmt":"2021-08-12T09:53:59","guid":{"rendered":"https:\/\/dimensionturistica.com\/es\/?p=172543"},"modified":"2021-08-12T09:53:59","modified_gmt":"2021-08-12T09:53:59","slug":"dan-vacaciones-respiro-a-agencias-de-viaje","status":"publish","type":"post","link":"https:\/\/dimensionturistica.com\/es\/dan-vacaciones-respiro-a-agencias-de-viaje\/","title":{"rendered":"Dan vacaciones \u2018respiro\u2019 a agencias de viaje"},"content":{"rendered":"<p> <br \/>\n<\/p>\n<div id=\"nota_firmas_fecha\">\n<p>Manuel Quezada Barr\u00f3n \/ El Diario<\/p>\n<p>                    <small>jueves, 12 agosto 2021 | 05:00 <\/small>\n                <\/div>\n<div id=\"cuerpo_nota\">\n<p>Tere Lucy Dom\u00ednguez, presidente de la Asociaci\u00f3n Mexicana de Agencias de Viaje Filial Chihuahua (AMAV) dijo que en cuanto al turismo que llega al estado de Chihuahua Tere Lucy Dom\u00ednguez indic\u00f3 que tambi\u00e9n hay una mejora respecto del a\u00f1o pasado. Subray\u00f3 que es bueno saber que el pueblo m\u00e1gico de Creel y los diversos municipios serranos tuvieron una buena afluencia de visitantes, a pesar de que hubo varias cancelaciones por los derrumbes que hubo \u00a0 sobre la v\u00eda del tren de pasajeros<\/p>\n<p>La temporada vacacional de verano \u201cvino a dar un poco respiro\u201d a las agencias de viaje, ya que el gremio registra crecimientos del 30 a 40 por ciento en promedio en la demanda de servicios de paquetes tur\u00edsticos hacia otras partes del pa\u00eds con relaci\u00f3n al 2020.<\/p>\n<p>Tere Lucy Dom\u00ednguez, presidente de la Asociaci\u00f3n Mexicana de Agencias de Viaje Filial Chihuahua (AMAV) dijo que a\u00fan los n\u00fameros son bajos, pero definitivamente la temporada fue mejor a la dif\u00edcil situaci\u00f3n econ\u00f3mica en que estaban meses atr\u00e1s.<\/p>\n<p>La empresaria apunt\u00f3 que el turismo s\u00ed se reactivo, no al cien por ciento, pero el sector va saliendo poco a poco.<\/p>\n<p>En cuanto al turismo que llega al estado de Chihuahua Tere Lucy Dom\u00ednguez indic\u00f3 que tambi\u00e9n hay una mejora respecto del a\u00f1o pasado.<\/p>\n<p>Subray\u00f3 que es bueno saber que el pueblo m\u00e1gico de Creel y los diversos municipios serranos tuvieron una buena afluencia de visitantes, a pesar de que hubo varias cancelaciones por los derrumbes que hubo \u00a0 sobre la v\u00eda del tren de pasajeros.<\/p>\n<p>Aun as\u00ed, el n\u00famero de visitantes que se ha tenido en la entidad de Chihuahua se percibe como favorable.<\/p>\n<p>Indic\u00f3 que como el periodo vacacional todav\u00eda no termina, no hay datos duros de recepci\u00f3n de turistas en zonas como la sierra. No obstante, en zonas como Creel y Barrancas s\u00ed se pudo alcanzar el 90 por ciento o m\u00e1s.<\/p>\n<p>Por lo que hace al turismo \u00a0 que va de Chihuahua hacia otras partes de M\u00e9xico, dijo que lo m\u00e1s solicitado en las agencias de viaje fue Mazatl\u00e1n y Canc\u00fan.<\/p>\n<p>Indic\u00f3 que las playas de Sinaloa son muy accesibles para el chihuahuense dadas las tarifas accesibles de hoteles y la variedad de transporte terrestre.<\/p>\n<p>Finalmente dijo a que la gente de Chihuahua, las playas son los lugares m\u00e1s atractivos, ya que lo que se busca es siempre el agua.<\/p>\n<\/p><\/div>\n\n<p><em> &#8221; Fuentes www.eldiariodechihuahua.mx &#8221; <\/em><\/p>\n","protected":false},"excerpt":{"rendered":"<p>Manuel Quezada Barr\u00f3n \/ El Diario jueves, 12 agosto 2021 | 05:00 Tere Lucy Dom\u00ednguez, presidente de la Asociaci\u00f3n Mexicana de Agencias de Viaje Filial Chihuahua (AMAV) dijo que en cuanto al turismo que llega al estado de Chihuahua Tere Lucy Dom\u00ednguez indic\u00f3 que tambi\u00e9n hay una mejora respecto del a\u00f1o pasado. Subray\u00f3 que es [&hellip;]<\/p>\n","protected":false},"author":4,"featured_media":172544,"comment_status":"open","ping_status":"closed","sticky":false,"template":"","format":"standard","meta":{"om_disable_all_campaigns":false,"jnews-multi-image_gallery":[],"jnews_single_post":[],"jnews_primary_category":[],"jnews_social_meta":[],"footnotes":""},"categories":[40],"tags":[715],"class_list":["post-172543","post","type-post","status-publish","format-standard","has-post-thumbnail","hentry","category-industria","tag-economia"],"_links":{"self":[{"href":"https:\/\/dimensionturistica.com\/es\/wp-json\/wp\/v2\/posts\/172543","targetHints":{"allow":["GET"]}}],"collection":[{"href":"https:\/\/dimensionturistica.com\/es\/wp-json\/wp\/v2\/posts"}],"about":[{"href":"https:\/\/dimensionturistica.com\/es\/wp-json\/wp\/v2\/types\/post"}],"author":[{"embeddable":true,"href":"https:\/\/dimensionturistica.com\/es\/wp-json\/wp\/v2\/users\/4"}],"replies":[{"embeddable":true,"href":"https:\/\/dimensionturistica.com\/es\/wp-json\/wp\/v2\/comments?post=172543"}],"version-history":[{"count":0,"href":"https:\/\/dimensionturistica.com\/es\/wp-json\/wp\/v2\/posts\/172543\/revisions"}],"wp:featuredmedia":[{"embeddable":true,"href":"https:\/\/dimensionturistica.com\/es\/wp-json\/wp\/v2\/media\/172544"}],"wp:attachment":[{"href":"https:\/\/dimensionturistica.com\/es\/wp-json\/wp\/v2\/media?parent=172543"}],"wp:term":[{"taxonomy":"category","embeddable":true,"href":"https:\/\/dimensionturistica.com\/es\/wp-json\/wp\/v2\/categories?post=172543"},{"taxonomy":"post_tag","embeddable":true,"href":"https:\/\/dimensionturistica.com\/es\/wp-json\/wp\/v2\/tags?post=172543"}],"curies":[{"name":"wp","href":"https:\/\/api.w.org\/{rel}","templated":true}]}}