{"id":172391,"date":"2021-08-12T00:16:13","date_gmt":"2021-08-12T00:16:13","guid":{"rendered":"https:\/\/dimensionturistica.com\/es\/?p=172391"},"modified":"2021-08-12T00:16:13","modified_gmt":"2021-08-12T00:16:13","slug":"adultos-mayores-volveran-a-disfrutar-de-viajes-turisticos-en-nuble","status":"publish","type":"post","link":"https:\/\/dimensionturistica.com\/es\/adultos-mayores-volveran-a-disfrutar-de-viajes-turisticos-en-nuble\/","title":{"rendered":"Adultos mayores volver\u00e1n a disfrutar de viajes tur\u00edsticos en \u00d1uble"},"content":{"rendered":"<p> <br \/>\n<\/p>\n<div id=\"cuerpo-ad\">\n<p style=\"text-align: justify;\">Los adultos mayores de \u00d1uble podr\u00e1n<strong> retomar los viajes de turismo para la tercera edad,<\/strong> a partir de un convenio que acaba de ser firmado entre el Servicio Nacional de Turismo (Sernatur) y el Gobierno Regional.<\/p>\n<p style=\"text-align: justify;\">Se trata del programa &#8220;<strong>Fortalecimiento de la Promoci\u00f3n del Turismo para la Tercera Edad, Regi\u00f3n de \u00d1uble&#8221;<\/strong>, para el cual se destinar\u00e1n<strong> 600 millones de pesos<\/strong> que permitir\u00e1n su ejecuci\u00f3n entre el \u00faltimo trimestre de este a\u00f1o hasta enero de 2023.<\/p>\n<p style=\"text-align: justify;\"><strong>Heidi Inostroza, <\/strong>directora de<strong> Sernatur \u00d1uble,<\/strong> se\u00f1al\u00f3 que &#8220;<strong>los adultos mayores de la Regi\u00f3n de \u00d1uble anhelan retomar estos viajes<\/strong> para poder visitar distintos atractivos y <strong>este convenio nos va a permitir cofinanciar estas experiencias<\/strong> para ellos y sus acompa\u00f1antes en distintos destinos regionales&#8221;.<\/p>\n<p style=\"text-align: justify;\">El gobernador,<strong> \u00d3scar Cris\u00f3stomo,<\/strong> a\u00f1adi\u00f3 que &#8220;<strong>ser\u00e1n dos a\u00f1os muy activos donde, sin lugar a dudas, nuestros adultos mayores van a tener una condici\u00f3n distinta,<\/strong> as\u00ed que estamos muy felices por ellos&#8221;, recordando que el programa estuvo suspendido desde marzo de 2020 por causa de la pandemia.<\/p>\n<p style=\"text-align: justify;\">Las autoridades regionales indicaron que <strong>ser\u00e1n viajes seguros y bajo estrictos protocolos sanitarios<\/strong>, ya que los empresarios de la regi\u00f3n han estado trabajando durante meses para ofrecer dichas garant\u00edas.<\/p>\n<\/div>\n\n<p><em> &#8221; Fuentes www.cooperativa.cl &#8221; <\/em><\/p>\n","protected":false},"excerpt":{"rendered":"<p>Los adultos mayores de \u00d1uble podr\u00e1n retomar los viajes de turismo para la tercera edad, a partir de un convenio que acaba de ser firmado entre el Servicio Nacional de Turismo (Sernatur) y el Gobierno Regional. Se trata del programa &#8220;Fortalecimiento de la Promoci\u00f3n del Turismo para la Tercera Edad, Regi\u00f3n de \u00d1uble&#8221;, para el [&hellip;]<\/p>\n","protected":false},"author":4,"featured_media":172392,"comment_status":"open","ping_status":"closed","sticky":false,"template":"","format":"standard","meta":{"om_disable_all_campaigns":false,"jnews-multi-image_gallery":[],"jnews_single_post":[],"jnews_primary_category":[],"jnews_social_meta":[],"footnotes":""},"categories":[39],"tags":[1794,29423],"class_list":["post-172391","post","type-post","status-publish","format-standard","has-post-thumbnail","hentry","category-viajes","tag-pais","tag-region-de-nuble"],"_links":{"self":[{"href":"https:\/\/dimensionturistica.com\/es\/wp-json\/wp\/v2\/posts\/172391","targetHints":{"allow":["GET"]}}],"collection":[{"href":"https:\/\/dimensionturistica.com\/es\/wp-json\/wp\/v2\/posts"}],"about":[{"href":"https:\/\/dimensionturistica.com\/es\/wp-json\/wp\/v2\/types\/post"}],"author":[{"embeddable":true,"href":"https:\/\/dimensionturistica.com\/es\/wp-json\/wp\/v2\/users\/4"}],"replies":[{"embeddable":true,"href":"https:\/\/dimensionturistica.com\/es\/wp-json\/wp\/v2\/comments?post=172391"}],"version-history":[{"count":0,"href":"https:\/\/dimensionturistica.com\/es\/wp-json\/wp\/v2\/posts\/172391\/revisions"}],"wp:featuredmedia":[{"embeddable":true,"href":"https:\/\/dimensionturistica.com\/es\/wp-json\/wp\/v2\/media\/172392"}],"wp:attachment":[{"href":"https:\/\/dimensionturistica.com\/es\/wp-json\/wp\/v2\/media?parent=172391"}],"wp:term":[{"taxonomy":"category","embeddable":true,"href":"https:\/\/dimensionturistica.com\/es\/wp-json\/wp\/v2\/categories?post=172391"},{"taxonomy":"post_tag","embeddable":true,"href":"https:\/\/dimensionturistica.com\/es\/wp-json\/wp\/v2\/tags?post=172391"}],"curies":[{"name":"wp","href":"https:\/\/api.w.org\/{rel}","templated":true}]}}