{"id":171494,"date":"2021-08-10T08:24:30","date_gmt":"2021-08-10T08:24:30","guid":{"rendered":"https:\/\/dimensionturistica.com\/es\/?p=171494"},"modified":"2021-08-10T08:24:31","modified_gmt":"2021-08-10T08:24:31","slug":"turismo-sostenible-y-viajes-virtuales-hacia-el-sudeste-asiatico","status":"publish","type":"post","link":"https:\/\/dimensionturistica.com\/es\/turismo-sostenible-y-viajes-virtuales-hacia-el-sudeste-asiatico\/","title":{"rendered":"Turismo sostenible y viajes virtuales hacia el sudeste asi\u00e1tico"},"content":{"rendered":"<p> <br \/>\n<\/p>\n<div>\n<div class=\"lead\">\n<ul>\n<li>\n<h2>La irrupci\u00f3n del coronavirus oblig\u00f3 a Mireia y a Lila a cambiar el sentido del viaje grupal que estaban organizando a Sri Lanka<\/h2>\n<\/li>\n<li>\n<h2>Ambas han puesto en marcha un proyecto para construir una comunidad viajera<\/h2>\n<\/li>\n<\/ul><\/div>\n<p>\t <!-- --><\/p>\n<p>Mireia y Lila son dos <strong>enamoradas de los viajes y fascinadas de Sri Lanka<\/strong> que tuvieron que cambiar el sentido de su proyecto. La thought period <strong>organizar el viaje en un grupo reducido de m\u00e1ximo 10 personas<\/strong>. Empezaron a redactar el recorrido de la ruta para publicarla en una p\u00e1gina net y al ver que la situaci\u00f3n sanitaria se alargaba, se vieron obligadas a darle la vuelta a su proyecto y organizaron un<strong> viaje digital<\/strong>. <\/p>\n<p>Ellas dos llegaron a la isla en distintos momentos y por distintas razones. La pasi\u00f3n por el pa\u00eds y las ganas de compartirlo desde su experiencia fue lo que las uni\u00f3. Mireia vivi\u00f3 en Sri Lanka hasta el mes de abril y Lila estuvo durante un a\u00f1o viviendo all\u00ed. Se conocieron en dos d\u00edas y de all\u00ed surgi\u00f3 una maravillosa amistad. Enamoradas del pa\u00eds, ten\u00edan la<strong> necesidad de ense\u00f1ar a la gente como es Sri Lanka<\/strong> y todo lo que hab\u00edan aprendido. Fue entonces cuando en<strong> mayo de 2020<\/strong> lanzaron el proyecto que bautizaron como &#8216;Sello \u00edndico&#8217;. <\/p>\n<p>Durante el verano trabajaron la net y el contenido sobre el viaje y en diciembre ya empezaron con la primera edici\u00f3n. Cogieron el itinerario del viaje actual de 12 d\u00edas y lo intentaron plasmar a trav\u00e9s de v\u00eddeos de diferentes lugares que hizo un joven del pa\u00eds. Hab\u00eda contenido en documentos pdf sobre un viaje cada d\u00eda explicando lo que estar\u00edan visitando. Por la tarde mandaban ellas sus experiencias del lugar a trav\u00e9s de audios y al grupo de WhatsApp que ten\u00edan con todos. Adem\u00e1s iban proponiendo un par o tres de preguntas al grupo bas\u00e1ndose en los<strong> tres hilos conductores<\/strong> que marcan sus viajes, que son el<strong> turismo responsable, la cooperaci\u00f3n <\/strong>(colaboran con la oeneg\u00e9 Ayuda Sri Lanka) y el tema de la <strong>introspecci\u00f3n y meditaci\u00f3n<\/strong>. Su thought es construir una <strong>comunidad viajera<\/strong> que comparta las inquietudes que tienen ellas, <strong>crear v\u00ednculos m\u00e1s fuertes y m\u00e1s \u00edntimos<\/strong>. Como cube Lila, \u201ces enriquecedor<strong> compartir y aprender entre todos<\/strong>&amp;rdquor;.<\/p>\n<p>\t <!-- --><\/p>\n<p>Hicieron otro viaje digital en febrero y a partir de aqu\u00ed se les ocurri\u00f3 la thought de hacer un<strong> retiro tem\u00e1tico<\/strong> de dos d\u00edas que har\u00e1n de cara a septiembre con la<strong> meditaci\u00f3n como hilo conductor<\/strong> adem\u00e1s de dar a conocer el pa\u00eds. Lila asegura que \u201ccuando el covid lo permita vendr\u00e1 el viaje grande&amp;rdquor;.<\/p>\n<p>Han vinculado &#8216;Sello \u00edndico&#8217; con un <strong>operador native de Sri Lanka <\/strong>y con \u00e9l van a empezar a trabajar tambi\u00e9n \u201cde puente&amp;rdquor; para compartir posibles itinerarios a medida que una persona, familia o pareja pueden hablar con ellas y de esta manera les puedan hacer una<strong> asesor\u00eda personalizada<\/strong>. Es decir, preparan los viajes grupales como acompa\u00f1antes, la asesor\u00eda personalizada, el retiro y los viajes virtuales.<\/p>\n<h3>Los viajes despu\u00e9s de la pandemia <\/h3>\n<p>Hoy <strong>se siguen adaptando a la situaci\u00f3n a medida que van pasando los d\u00edas<\/strong> y cambiando las condiciones. A pesar de la situaci\u00f3n sanitaria precise, en un principio los viajes ser\u00e1n <strong>tal y como los ten\u00edan planeados<\/strong>, aunque, seg\u00fan asegura Lila, all\u00ed se est\u00e1 vacunado y no hace falta tomar tantas medidas. Aun as\u00ed, <strong>prefieren esperar y adaptarse<\/strong> con los viajes virtuales de momento. \u201cLa thought es poder hacer el viaje cuando se den<strong> las condiciones m\u00e1s \u00f3ptimas.<\/strong> No nos merece la pena irnos all\u00ed y no poder hacer lo que quer\u00edamos&amp;rdquor;. Afirma que \u201cla manera de viajar ha cambiado, la gente va a ir con m\u00e1s miedo. La parte native tambi\u00e9n nos va a recibir con m\u00e1s miedo. Me preocupa no poder estar relajada y poder compartir con la gente de all\u00ed sin que se pueda crear tensi\u00f3n.&amp;rdquor;\u00a0 Habla adem\u00e1s de todo el tema de protocolos, mascarilla, conductores de los taxis y furgonetas que van vestidos con epis y PCR que hay que tener en cuenta.<\/p>\n<p>En su caso, la pandemia <strong>no ha hecho que disminuyan sus \u00e1nimos por viajar<\/strong> sino m\u00e1s bien todo lo contrario. \u201c<strong>Las ganas han aumentado<\/strong>, nos vamos realimentando haciendo los viajes virtuales. El primer viaje va a ser algo muy especial&amp;rdquor;. Adem\u00e1s, asegura que la pandemia en cierta manera les ha ido bien porque se han podido dar a conocer a trav\u00e9s de las redes sociales y gracias a este tiempo ha nacido su proyecto.<\/p>\n<p>\t<span class=\"smallTitle center\">Noticias relacionadas<\/span><\/p>\n<p>La thought que tienen ahora es ir haciendo un par de viajes al a\u00f1o, de entrada en Sri Lanka. De hecho, la thought de denominar &#8216;Sello \u00edndico&#8217; al proyecto parte de la intenci\u00f3n de organizar viajes a otros pa\u00edses de esa regi\u00f3n, como por ejemplo la India.<\/p>\n<p>\u00a0<\/p>\n<\/p><\/div>\n\n<p><em> &#8221; Fuentes www.elperiodico.com &#8221; <\/em><\/p>\n","protected":false},"excerpt":{"rendered":"<p>La irrupci\u00f3n del coronavirus oblig\u00f3 a Mireia y a Lila a cambiar el sentido del viaje grupal que estaban organizando a Sri Lanka Ambas han puesto en marcha un proyecto para construir una comunidad viajera Mireia y Lila son dos enamoradas de los viajes y fascinadas de Sri Lanka que tuvieron que cambiar el sentido [&hellip;]<\/p>\n","protected":false},"author":4,"featured_media":171495,"comment_status":"open","ping_status":"closed","sticky":false,"template":"","format":"standard","meta":{"om_disable_all_campaigns":false,"jnews-multi-image_gallery":[],"jnews_single_post":[],"jnews_primary_category":[],"jnews_social_meta":[],"footnotes":""},"categories":[39],"tags":[545],"class_list":["post-171494","post","type-post","status-publish","format-standard","has-post-thumbnail","hentry","category-viajes","tag-viajes"],"_links":{"self":[{"href":"https:\/\/dimensionturistica.com\/es\/wp-json\/wp\/v2\/posts\/171494","targetHints":{"allow":["GET"]}}],"collection":[{"href":"https:\/\/dimensionturistica.com\/es\/wp-json\/wp\/v2\/posts"}],"about":[{"href":"https:\/\/dimensionturistica.com\/es\/wp-json\/wp\/v2\/types\/post"}],"author":[{"embeddable":true,"href":"https:\/\/dimensionturistica.com\/es\/wp-json\/wp\/v2\/users\/4"}],"replies":[{"embeddable":true,"href":"https:\/\/dimensionturistica.com\/es\/wp-json\/wp\/v2\/comments?post=171494"}],"version-history":[{"count":0,"href":"https:\/\/dimensionturistica.com\/es\/wp-json\/wp\/v2\/posts\/171494\/revisions"}],"wp:featuredmedia":[{"embeddable":true,"href":"https:\/\/dimensionturistica.com\/es\/wp-json\/wp\/v2\/media\/171495"}],"wp:attachment":[{"href":"https:\/\/dimensionturistica.com\/es\/wp-json\/wp\/v2\/media?parent=171494"}],"wp:term":[{"taxonomy":"category","embeddable":true,"href":"https:\/\/dimensionturistica.com\/es\/wp-json\/wp\/v2\/categories?post=171494"},{"taxonomy":"post_tag","embeddable":true,"href":"https:\/\/dimensionturistica.com\/es\/wp-json\/wp\/v2\/tags?post=171494"}],"curies":[{"name":"wp","href":"https:\/\/api.w.org\/{rel}","templated":true}]}}