{"id":170978,"date":"2021-08-08T15:36:29","date_gmt":"2021-08-08T15:36:29","guid":{"rendered":"https:\/\/dimensionturistica.com\/es\/?p=170978"},"modified":"2021-08-08T15:36:29","modified_gmt":"2021-08-08T15:36:29","slug":"museo-macay-sin-resolver-gastos-de-viajes-ante-la-auditoria-superior-de-yucatan","status":"publish","type":"post","link":"https:\/\/dimensionturistica.com\/es\/museo-macay-sin-resolver-gastos-de-viajes-ante-la-auditoria-superior-de-yucatan\/","title":{"rendered":"Museo MACAY, sin resolver gastos de viajes ante la Auditor\u00eda Superior de Yucat\u00e1n"},"content":{"rendered":"<p> <br \/>\n<\/p>\n<div id=\"cuerpo-nota\">\n<p>Una fiscalizaci\u00f3n que hizo la <strong>Auditor\u00eda Superior del Estado de Yucat\u00e1n<\/strong> (ASEY) a un monto que super\u00f3 los 7 millones de pesos de los ingresos de la <strong>Fundaci\u00f3n Cultural MACAY<\/strong> detect\u00f3 que 118 mil pesos se usaron para el pago de <strong>viajes en avi\u00f3n <\/strong>que no fueron justificados ni autorizados por la direcci\u00f3n normal.<\/p>\n<p>A pesar de que este \u00f3rgano fiscalizador se\u00f1al\u00f3 que esta asociaci\u00f3n civil a cargo del <strong>Museo Fernando Garc\u00eda Ponce-Macay <\/strong>cumpli\u00f3 con el marco authorized y normativo aplicable, y que en normal aplic\u00f3 de manera adecuada los recursos p\u00fablicos que recibi\u00f3 en 2017, hubo un gasto superior a los 165 mil 300 pesos que no fue solventado por esta organizaci\u00f3n.<\/p>\n<aside class=\"htmlinline\"\/>\n<aside class=\"relacionadas con-foto\">\n<h5>Noticias Relacionadas<\/h5>\n<\/aside>\n<p>La auditor\u00eda de 2017 verific\u00f3 el uso del 67 por ciento del complete de los ingresos de la<strong> Fundaci\u00f3n MACAY<\/strong> y como resultado emiti\u00f3 dos observaciones por haber gastado la cantidad de 165 mil 300 pesos para compras y adquisiciones que no fueron autorizadas por la direcci\u00f3n normal.<\/p>\n<p>De dicho monto, 46 mil 900 pesos se utilizaron para compra de productos de madera, materiales de limpieza, materiales y equipo de oficina, refacciones y accesorios menores. Mientras que 118 mil 400 pesos se utilizaron para el<strong> pago de pasajes a\u00e9reos<\/strong>, gastos de difusi\u00f3n e informaci\u00f3n y <strong>servicios de vigilancia<\/strong>.<\/p>\n<aside class=\"htmlinline\"\/>\n<aside class=\"relacionadas con-foto\">\n<h5>Noticias Relacionadas<\/h5>\n<\/aside>\n<p>Sin embargo, para estas adquisiciones no se llevaron a cabo cotizaciones, adem\u00e1s de que se usaron sin la autorizaci\u00f3n de la direcci\u00f3n normal, aunque la <strong>ASEY <\/strong>no emiti\u00f3 recomendaciones en su <strong>informe<\/strong>, pues \u201cimplement\u00f3 la normatividad para que la entidad fiscalizada fortalezca este tipo de fallas, a fin de que cuente con una administraci\u00f3n adecuada, eficiente y transparente de los recursos p\u00fablicos\u201d.<\/p>\n<p>Los resultados de la fiscalizaci\u00f3n se\u00f1alan que en ese a\u00f1o revis\u00f3\u00a0 el uso de 7 millones 125 mil 200 de los 11 millones 076 mil 200 pesos que tuvo como ingreso de recursos p\u00fablicos la Fundaci\u00f3n para el ejercicio presupuestal de 2017.<\/p>\n<p>De la muestra auditada, se detectaron pagos por 118 mil 400 pesos en los meses de abril, septiembre y diciembre por concepto de pasajes a\u00e9reos, gastos de difusi\u00f3n e informaci\u00f3n y servicios de vigilancia, de los cuales no proporcion\u00f3 las cotizaciones de los materiales solicitados u oficio con la justificaci\u00f3n y menci\u00f3n de los motivos del porqu\u00e9 no se cuenta con las cotizaciones aprobadas por la direcci\u00f3n normal.<\/p>\n<p><img decoding=\"async\" alt=\"\" height=\"511\" src=\"https:\/\/www.poresto.net\/u\/fotografias\/m\/2021\/8\/8\/f768x1-112666_112793_15.jpg\" width=\"768\"\/>\n<\/p>\n<p>Una segunda observaci\u00f3n de la ASEY indic\u00f3 que la Fundaci\u00f3n gast\u00f3 46 mil 900 pesos en los meses de enero a abril, junio y julio por concepto de madera y productos de madera, materials de limpieza, materials impreso e informaci\u00f3n digital, equipos menores de tecnolog\u00edas de la informaci\u00f3n y comunicaciones, materiales de ense\u00f1anza, otros materiales de construcci\u00f3n y reparaci\u00f3n, productos qu\u00edmicos b\u00e1sicos y accesorios menores, por los cuales no proporcion\u00f3 las cotizaciones de los materiales solicitados u oficio con la justificaci\u00f3n y menci\u00f3n de los motivos, por los cuales no se cuenta con las cotizaciones aprobadas por la direcci\u00f3n normal.\n<\/p>\n<p>En el transcurso de la auditor\u00eda, la <strong>fundaci\u00f3n cultural MACAY <\/strong>proporcion\u00f3 documentaci\u00f3n para aclarar los hallazgos de la <strong>ASEY<\/strong>, misma que fue analizada con el fin de establecer la procedencia para rectificar o eliminar las observaciones que se encontraron.\n<\/p>\n<p>\u201cLa entidad fiscalizada proporcion\u00f3 aclaraciones y dem\u00e1s documentaci\u00f3n para atender las observaciones preliminares determinadas por la <strong>Auditor\u00eda Superior del Estado de Yucat\u00e1n <\/strong>para los efectos de la elaboraci\u00f3n del informe de resultados\u201d.\n<\/p>\n<p><img decoding=\"async\" alt=\"\" height=\"511\" src=\"https:\/\/www.poresto.net\/u\/fotografias\/m\/2021\/8\/8\/f768x1-112667_112794_15.jpg\" width=\"768\"\/>\n<\/p>\n<p>No obstante, los 165 mil 300 pesos detectados con irregularidades en las dos observaciones emitidas no fueron solventados por la Fundaci\u00f3n en el plazo que la <strong>ASEY <\/strong>otorg\u00f3 para hacer aclaraciones a las observaciones preliminares, de modo que no pudieron comprobar los fines para usar este dinero de los recursos p\u00fablicos que recibi\u00f3 hace 4 a\u00f1os.\n<\/p>\n<h2>Recortaron programas sin explicaci\u00f3n<\/h2>\n<p>En ese mismo a\u00f1o, el <strong>Museo Fernando Garc\u00eda Ponce-Macay<\/strong> inform\u00f3 que se cancel\u00f3 el <strong>Taller Itinerante de Arte<\/strong>, destinado a la poblaci\u00f3n infantil del estado de <strong>Yucat\u00e1n<\/strong>, pero no se dieron a conocer los detalles para interrumpir su operaci\u00f3n.\n<\/p>\n<p><img decoding=\"async\" alt=\"\" height=\"511\" src=\"https:\/\/www.poresto.net\/u\/fotografias\/m\/2021\/8\/8\/f768x1-112668_112795_15.jpg\" width=\"768\"\/>\n<\/p>\n<p>Algo related ocurri\u00f3 con el <strong>Programa de Exposiciones Art\u00edsticas<\/strong>, pues diversas notas period\u00edsticas de hace 4 a\u00f1os informaron que hubo menos exposiciones porque no hab\u00eda director normal en ese entonces.\n<\/p>\n<h3>S\u00edguenos en <a rel=\"nofollow noopener\" target=\"_blank\" href=\"https:\/\/news.google.com\/publications\/CAAqBwgKMMLDmwswhs6zAw?oc=3&amp;ceid=MX:es-419&amp;hl=es-419&amp;gl=MX\">Google News<\/a> y recibe la mejor informaci\u00f3n<\/h3>\n<p>Por otro lado, hubo acusaciones de <strong>despidos injustificados<\/strong> por parte de private de vigilancia, se\u00f1alando que no hab\u00eda motivos, pero el <strong>Comit\u00e9 de \u00c9tica y Conducta del Museo<\/strong> finc\u00f3 anomal\u00edas que no pod\u00eda comprobar, pero que al estar conformado por miembros de la familia Could, se despidi\u00f3 a los trabajadores.\n<\/p>\n<p>GH\n<\/p>\n<\/div>\n<p><script>\n      window.fbAsyncInit = function() {\n        FB.init({\n          appId      : '{292213061927134}',\n          status     : true,\n\t\t  version:  'v2.7',\n          xfbml      : true\n        });\nFB.Event.subscribe('comment.create', function (response) {grabacom_compa(271431)});\t\nFB.Event.subscribe('comment.remove',  function (response) {grabacom_compa(271431)});\t\nFB.Event.subscribe('edge.create',  function (response) {grabacom_compa(271431)});\nFB.Event.subscribe('edge.remove',  function (response) {grabacom_compa(271431)});\n      };\n(function(d, s, id) {\n  var js, fjs = d.getElementsByTagName(s)[0];\n  if (d.getElementById(id)) return;\n  js = d.createElement(s); js.id = id;\n  js.src = \"\/\/connect.facebook.net\/es_LA\/sdk.js#xfbml=1&version=v2.7&appId=292213061927134\";\n  fjs.parentNode.insertBefore(js, fjs);\n}(document, 'script', 'facebook-jssdk'));\n    <\/script><br \/>\n<br \/><\/p>\n<p><em> &#8221; Fuentes www.poresto.net &#8221; <\/em><\/p>\n","protected":false},"excerpt":{"rendered":"<p>Una fiscalizaci\u00f3n que hizo la Auditor\u00eda Superior del Estado de Yucat\u00e1n (ASEY) a un monto que super\u00f3 los 7 millones de pesos de los ingresos de la Fundaci\u00f3n Cultural MACAY detect\u00f3 que 118 mil pesos se usaron para el pago de viajes en avi\u00f3n que no fueron justificados ni autorizados por la direcci\u00f3n normal. A [&hellip;]<\/p>\n","protected":false},"author":4,"featured_media":170979,"comment_status":"open","ping_status":"closed","sticky":false,"template":"","format":"standard","meta":{"om_disable_all_campaigns":false,"jnews-multi-image_gallery":[],"jnews_single_post":[],"jnews_primary_category":[],"jnews_social_meta":[],"footnotes":""},"categories":[39],"tags":[29264,29267,29265,29266,2504],"class_list":["post-170978","post","type-post","status-publish","format-standard","has-post-thumbnail","hentry","category-viajes","tag-fundacion-cultural-macay","tag-museo-fernando-garcia-ponce-macay","tag-museo-macay","tag-taller-itinerante-de-arte","tag-yucatan"],"_links":{"self":[{"href":"https:\/\/dimensionturistica.com\/es\/wp-json\/wp\/v2\/posts\/170978","targetHints":{"allow":["GET"]}}],"collection":[{"href":"https:\/\/dimensionturistica.com\/es\/wp-json\/wp\/v2\/posts"}],"about":[{"href":"https:\/\/dimensionturistica.com\/es\/wp-json\/wp\/v2\/types\/post"}],"author":[{"embeddable":true,"href":"https:\/\/dimensionturistica.com\/es\/wp-json\/wp\/v2\/users\/4"}],"replies":[{"embeddable":true,"href":"https:\/\/dimensionturistica.com\/es\/wp-json\/wp\/v2\/comments?post=170978"}],"version-history":[{"count":0,"href":"https:\/\/dimensionturistica.com\/es\/wp-json\/wp\/v2\/posts\/170978\/revisions"}],"wp:featuredmedia":[{"embeddable":true,"href":"https:\/\/dimensionturistica.com\/es\/wp-json\/wp\/v2\/media\/170979"}],"wp:attachment":[{"href":"https:\/\/dimensionturistica.com\/es\/wp-json\/wp\/v2\/media?parent=170978"}],"wp:term":[{"taxonomy":"category","embeddable":true,"href":"https:\/\/dimensionturistica.com\/es\/wp-json\/wp\/v2\/categories?post=170978"},{"taxonomy":"post_tag","embeddable":true,"href":"https:\/\/dimensionturistica.com\/es\/wp-json\/wp\/v2\/tags?post=170978"}],"curies":[{"name":"wp","href":"https:\/\/api.w.org\/{rel}","templated":true}]}}