{"id":170555,"date":"2021-08-07T04:06:40","date_gmt":"2021-08-07T04:06:40","guid":{"rendered":"https:\/\/dimensionturistica.com\/es\/?p=170555"},"modified":"2021-08-07T04:06:41","modified_gmt":"2021-08-07T04:06:41","slug":"el-plan-de-cali-para-lograr-su-transformacion-turistica-internacional","status":"publish","type":"post","link":"https:\/\/dimensionturistica.com\/es\/el-plan-de-cali-para-lograr-su-transformacion-turistica-internacional\/","title":{"rendered":"El plan de Cali para lograr su transformaci\u00f3n tur\u00edstica internacional"},"content":{"rendered":"<p> <br \/>\n<\/p>\n<div>\n<p><a rel=\"nofollow noopener\" target=\"_blank\" href=\"https:\/\/www.hosteltur.com\/tag\/cali\" title=\"Cali\">Cali <\/a>es la tercera ciudad m\u00e1s importante de <a rel=\"nofollow noopener\" target=\"_blank\" href=\"https:\/\/www.hosteltur.com\/tag\/colombia\" title=\"Colombia \">Colombia <\/a>y, por su propio poder\u00edo, es reconocida en el plano internacional como un s\u00f3lido destino corporativo, a pesar de ser mucho m\u00e1s que eso. La pandemia y la disaster social que deriv\u00f3 en un duro paro nacional la han impulsado a transformarse y a proyectarse al mundo con un perfil diferente, mucho m\u00e1s tur\u00edstico, con experiencias paquetizables. Ese desaf\u00edo est\u00e1 a cargo de Stefan\u00eda Doglioni, quien asumi\u00f3 la Secretar\u00eda de Turismo a finales de junio y ya dise\u00f1\u00f3 una hoja de ruta. Ella misma lo cuenta en di\u00e1logo con HOSTELTUR.<\/p>\n<\/div>\n<div>\n<p><strong>\u00bfCu\u00e1les son los desaf\u00edos que le plantea el precise contexto a la hora de gestionar un destino como Cali?<\/strong><\/p>\n<p>&#8211; Hace a\u00f1os que trabajo en el sector. Fui la directora del bur\u00f3 de Cali y Valle por unos tres a\u00f1os; y antes que eso me desempe\u00f1\u00e9 en el de Bogot\u00e1, que est\u00e1 muy enfocado en la captaci\u00f3n de eventos, en el <a rel=\"nofollow noopener\" target=\"_blank\" title=\"MICE\" href=\"https:\/\/www.hosteltur.com\/tag\/mice\">MICE<\/a>. Pero en Cali ya me empec\u00e9 a vincular bastante m\u00e1s con el vacacional. Y eso siempre implica muchos retos. Adem\u00e1s de la <strong>pandemia<\/strong>, que afect\u00f3 de manera specific a la industria, desde el 28 de abril sufrimos todo el proceso del <strong>paro<\/strong>, una fractura social bastante compleja para la ciudad y para el pa\u00eds. Nosotros ven\u00edamos trabajando muy bien en t\u00e9rminos de posicionamiento tur\u00edstico en la regi\u00f3n, y nos hab\u00edamos ganado un lugar importante en el plano internacional, en t\u00e9rminos de llegada de turistas. Y se nos vino esta frenada en seco. <strong>A ra\u00edz de estas situaciones, Cali apareci\u00f3 en los titulares de los principales medios internacionales. Esto es un reto, pero tambi\u00e9n abre nuevas oportunidades.<\/strong><\/p>\n<p><strong>\u00bfCu\u00e1les ser\u00edan esas oportunidades?<\/strong><\/p>\n<p>&#8211; El hecho de que Cali se haya tenido esa visibilidad en los medios internacionales por las razones que fueran, <strong>nos da la oportunidad de tomar ese posicionamiento para cambiar el discurso desde la promoci\u00f3n<\/strong>. El turista internacional conoce mucho a Cartagena; conoce a Bogot\u00e1 por ser la capital; y Medell\u00edn un poco. Pero no tanto a Cali, siendo <strong>la tercera ciudad m\u00e1s importante del pa\u00eds<\/strong>. Por lo tanto, nuestro enfoque es ver c\u00f3mo <strong>podemos aprovechar esa ola negativa y transformarla en una ventaja<\/strong>.<\/p>\n<div class=\"wysiwyg-photo\"><img decoding=\"async\" title=\"\" src=\"https:\/\/static.hosteltur.com\/app\/public\/uploads\/img\/articles\/2021\/08\/05\/L_233029_cali1.jpg\" alt=\"\" data-id=\"229378\"\/> <\/p>\n<p>Stefan\u00eda Doglioni, secretaria de Turismo de Cali<\/p>\n<\/p><\/div>\n<p><strong>Esa ha sido tambi\u00e9n una de las claves del reposicionamiento de Colombia hace ya algunos a\u00f1os, con una campa\u00f1a muy famosa que dec\u00eda \u201cel riesgo es que te quieras quedar\u201d. \u00bfEse es el modelo que seguir\u00e1n?<\/strong><\/p>\n<p>&#8211; Claro. Queremos verlo con otro shade, y no s\u00f3lo como un golpe que se le da a la ciudad. Transformar en positivo lo negativo.<\/p>\n<p><strong>Teniendo en cuenta su trayectoria y el posicionamiento de la ciudad previo a la pandemia, \u00bfel MICE ser\u00e1 clave en esta labor?<\/strong><\/p>\n<p>&#8211; <strong>El turismo de reuniones sin dudas va a seguir siendo una apuesta como ciudad, pero tambi\u00e9n es uno de los que m\u00e1s lentamente se va a reactivar<\/strong>. Los eventos h\u00edbridos van a tener sus momentos, pero siguen siendo muy pocos. Las fronteras se abren y se cierran. Es decir, si bien se va a trabajar y vamos a tener eventos, <strong>tenemos que enfocarnos hoy en otras tipolog\u00edas que son las que ahorita se est\u00e1n abriendo<\/strong>. Y una de ellas es el <a rel=\"nofollow noopener\" target=\"_blank\" title=\"turismo de salud\" href=\"https:\/\/www.hosteltur.com\/tag\/turismo-de-salud\">turismo de salud<\/a>. Colombia es un foco de atracci\u00f3n para el turismo m\u00e9dico en tres categor\u00edas. De alta complejidad, porque muchas de las cl\u00ednicas m\u00e1s reconocidas tienen convenios y reciben pacientes en oncolog\u00eda o cardiolog\u00eda. Otro es el de la medicina est\u00e9tica (que incluye el tema dental), en la que somos muy fuertes, pero queremos estructurar muy bien el producto, ya que hay mucha desinformaci\u00f3n. Y el tercero es el de la oftalmolog\u00eda.<\/p>\n<p><strong>\u00bfEst\u00e1n impulsando tambi\u00e9n el turismo cultural y el de naturaleza, que est\u00e1n siendo demandados en la \u201cnueva normalidad\u201d?<\/strong><\/p>\n<p>&#8211; S\u00ed. En cuanto al cultural, vale recordar que <strong>Cali es \u201cCiudad Unesco\u201d en \u201cmedia arts\u201d, pero adem\u00e1s de eso tenemos los festivales, la Feria de Cali, el Mundial de Salsa, el Competition Petronio \u00c1lvarez de m\u00fasica del Pac\u00edfico<\/strong>. Entonces, hay una oportunidad de que estos eventos puedan ser importantes jalonadores. Somos la<strong> Capital Mundial de la Salsa<\/strong>, y eso conlleva que tenemos casi 90 orquestas, m\u00e1s de 100 academias de salsa, hay exhibits y toda una econom\u00eda entorno a la fabricaci\u00f3n de los instrumentos, los vestuarios y los zapatos. <strong>El desaf\u00edo es c\u00f3mo transformar eso en un producto para que las agencias puedan vender esa experiencia<\/strong>. En cuanto al <a rel=\"nofollow noopener\" target=\"_blank\" title=\"turismo de naturaleza\" href=\"https:\/\/www.hosteltur.com\/tag\/turismo-de-naturaleza\">turismo de naturaleza<\/a>, Cali tiene m\u00e1s de 500 especies de aves, y sabemos que es una oportunidad gigante. Adem\u00e1s del <strong>avistaje de aves<\/strong>, a s\u00f3lo dos horas tenemos el oc\u00e9ano Pac\u00edfico para <strong>avistar ballenas<\/strong>. Asimismo, tenemos todos los <strong>farallones para hacer mountain climbing y trekking,<\/strong> en una delgada l\u00ednea entre el turismo de naturaleza y el deportivo de aventura. Y tambi\u00e9n tenemos un fuerte <strong>turismo deportivo<\/strong>: hasta en los momentos del paro los hoteles mantuvieron su ocupaci\u00f3n por temas espec\u00edficamente deportivos.<\/p>\n<p><strong>\u00bfC\u00f3mo se encuentra actualmente el ecosistema receptivo de la ciudad para poder desarrollar productos en estos segmentos y poder operarlos?<\/strong><\/p>\n<p>&#8211; Bueno, todav\u00eda tenemos varios hoteles que contin\u00faan cerrados y esperamos que sean reabiertos, pero <strong>otros ya est\u00e1n con una ocupaci\u00f3n del 40%<\/strong>, siendo que por much\u00edsimo tiempo estuvieron entre el 14% y el 20%.<\/p>\n<div class=\"wysiwyg-photo\"><img decoding=\"async\" title=\"\" src=\"https:\/\/static.hosteltur.com\/app\/public\/uploads\/img\/articles\/2021\/08\/05\/L_233801_cali3.jpg\" alt=\"\" data-id=\"229380\"\/> <\/p>\n<p>&#8220;El turista internacional conoce mucho a Cartagena; a Bogot\u00e1 por ser la capital; y a Medell\u00edn un poco. Pero no tanto a Cali, siendo la tercera ciudad m\u00e1s importante del pa\u00eds&#8221;, afirm\u00f3 Doglioni<\/p>\n<\/p><\/div>\n<p><strong>Un 40% est\u00e1 muy por encima del promedio nacional.<\/strong><\/p>\n<p>&#8211; \u00a1Totalmente! Ese ha sido el resultado durante las \u00faltimas dos o tres semanas, a partir de los sondeos que realizamos. <strong>No esper\u00e1bamos en las proyecciones tener como tuvimos ocupaciones del 40%. Cuando decidieron abrir los hoteles pens\u00e1bamos \u201cde aqu\u00ed al resto del a\u00f1o nos vamos al 20%\u201d<\/strong>. \u00bfQu\u00e9 es lo que s\u00ed nos ha pasado, hemos identificado y estamos trabajando? <strong>Muchas de nuestras mejores agencias receptivas cerraron sus puertas<\/strong>. Y aunque varias de elloas est\u00e1n esperando para volver a abrir, lo que sucedi\u00f3 es que muchos de sus recursos se fueron a trabajar a otras empresas. Por lo tanto, <strong>no es tan sencillo reactivarlas<\/strong>. Ah\u00ed encontramos un cuello de botella. Pero varios de sus propietarios, incluso los de las que cerraron, est\u00e1n participando para analizar juntos c\u00f3mo \u201cdespertarlo\u201d. Ha sido duro tambi\u00e9n porque nosotros somos una ciudad nocturna tambi\u00e9n, una ciudad de rumba, y nuestros bares y discotecas se vieron muy afectados. Ahora han podido volver a abrir y est\u00e1n fortaleci\u00e9ndose. Por eso <strong>estamos ideando c\u00f3mo vincularlos con los receptivos<\/strong> que primero se pudieron levantar con todos los protocolos.<\/p>\n<p><strong>\u00bfCu\u00e1l es hoy la situaci\u00f3n de Cali en t\u00e9rminos de conectividad?<\/strong><\/p>\n<p>&#8211; <strong>En los \u00faltimos tres meses abrimos cuatro rutas<\/strong>, y eso es buen\u00edsimo. Por ejemplo, se abri\u00f3 una ruta a <strong>Orlando<\/strong>; una a <strong>Canc\u00fan<\/strong>, que es un poco m\u00e1s emisiva; una a<strong> Fort Lauderdale<\/strong>; y otra a <strong>Madrid<\/strong>. <strong>Nuestro aeropuerto ya est\u00e1 con un 72% de las operaciones que ten\u00eda en 2019<\/strong>, lo que muestra su recuperaci\u00f3n. Y estamos en proyecto de reactivar algunas rutas m\u00e1s. Los turistas normalmente entran a Colombia por Bogot\u00e1, pero <strong>nos ha beneficiado la estrategia de Avianca de disponer aviones m\u00e1s chicos para operar directamente desde Cali, como es el caso de Orlando<\/strong>, que es una ruta de flujo en ambos sentidos.<\/p>\n<div class=\"wysiwyg-photo\"><img decoding=\"async\" title=\"\" src=\"https:\/\/static.hosteltur.com\/app\/public\/uploads\/img\/articles\/2021\/08\/05\/L_233333_cali2.jpg\" alt=\"\" data-id=\"229379\"\/> <\/p>\n<p>Doglioni: &#8220;Que Cali se haya tenido esa visibilidad en los medios internacionales por las razones que fueran, nos da la oportunidad de tomar ese posicionamiento para cambiar el discurso desde la promoci\u00f3n&#8221;<\/p>\n<\/p><\/div>\n<p><strong>\u00bfEn qu\u00e9 mercados internacionales consideran que Cali puede tener oportunidad de posicionar los productos y segmentos que mencionaba?<\/strong><\/p>\n<p>&#8211; <strong>EEUU ha sido siempre el n\u00famero uno,<\/strong> pero tambi\u00e9n queremos trabajar en una oportunidad muy grande que tenemos con nuestros hermanos en <strong>Ecuador<\/strong>, que es un emisor muy importante para nuestra ciudad. Tambi\u00e9n queremos trabajar con <strong>M\u00e9xico<\/strong> y <strong>Espa\u00f1a<\/strong>, y vemos un gran crecimiento en <strong>Francia<\/strong>, una plaza que quisi\u00e9ramos recuperar. Ellos vienen sobre todo por nuestra oferta cultural, especialmente vinculada a la salsa. Y, desde luego, hay muchos mercados nacionales que estamos trabajando, como <strong>Bogot\u00e1, Medell\u00edn, el Eje Cafetero y la Costa Caribe<\/strong>. Desde luego, estos son los m\u00e1s importantes, pero estamos trabajando otros a menor escala, como el <strong>Caribe<\/strong>.<\/p>\n<p><strong>\u00bfMercados de larga distancia, como los de Oriente, quedar\u00e1n para una segunda instancia pospand\u00e9mica?<\/strong><\/p>\n<p>&#8211; Claro. Nosotros tenemos posibilidades con Asia y con los pa\u00edses \u00e1rabes. Lo que pasa es que ese period un mercado muy incipiente para Colombia ya antes de la pandemia, y el <a rel=\"nofollow noopener\" target=\"_blank\" title=\"COVID-19\" href=\"https:\/\/www.hosteltur.com\/tag\/coronavirus\">COVID-19<\/a> lo retras\u00f3 todo. Entonces, <strong>s\u00ed es un mercado que quisi\u00e9ramos trabajar, pero m\u00e1s a mediano plazo<\/strong>.<\/p>\n<\/div>\n<p><script>\n        !function(f,b,e,v,n,t,s)\n        {if(f.fbq)return;n=f.fbq=function(){n.callMethod?\n            n.callMethod.apply(n,arguments):n.queue.push(arguments)};\n            if(!f._fbq)f._fbq=n;n.push=n;n.loaded=!0;n.version='2.0';\n            n.queue=[];t=b.createElement(e);t.async=!0;\n            t.src=v;s=b.getElementsByTagName(e)[0];\n            s.parentNode.insertBefore(t,s)}(window, document,'script',\n            'https:\/\/connect.facebook.net\/en_US\/fbevents.js');\n        fbq('init', '819396665363898');\n        fbq('track', 'PageView');\n    <\/script><br \/>\n<br \/><\/p>\n<p><em> &#8221; Fuentes www.hosteltur.com &#8221; <\/em><\/p>\n","protected":false},"excerpt":{"rendered":"<p>Cali es la tercera ciudad m\u00e1s importante de Colombia y, por su propio poder\u00edo, es reconocida en el plano internacional como un s\u00f3lido destino corporativo, a pesar de ser mucho m\u00e1s que eso. La pandemia y la disaster social que deriv\u00f3 en un duro paro nacional la han impulsado a transformarse y a proyectarse al [&hellip;]<\/p>\n","protected":false},"author":4,"featured_media":170556,"comment_status":"open","ping_status":"closed","sticky":false,"template":"","format":"standard","meta":{"om_disable_all_campaigns":false,"jnews-multi-image_gallery":[],"jnews_single_post":[],"jnews_primary_category":[],"jnews_social_meta":[],"footnotes":""},"categories":[40],"tags":[5558,771,55,715,2076,14298,5743,24203],"class_list":["post-170555","post","type-post","status-publish","format-standard","has-post-thumbnail","hentry","category-industria","tag-cali","tag-colombia","tag-coronavirus","tag-economia","tag-mice","tag-turismo-cultural","tag-turismo-de-naturaleza","tag-turismo-de-salud"],"_links":{"self":[{"href":"https:\/\/dimensionturistica.com\/es\/wp-json\/wp\/v2\/posts\/170555","targetHints":{"allow":["GET"]}}],"collection":[{"href":"https:\/\/dimensionturistica.com\/es\/wp-json\/wp\/v2\/posts"}],"about":[{"href":"https:\/\/dimensionturistica.com\/es\/wp-json\/wp\/v2\/types\/post"}],"author":[{"embeddable":true,"href":"https:\/\/dimensionturistica.com\/es\/wp-json\/wp\/v2\/users\/4"}],"replies":[{"embeddable":true,"href":"https:\/\/dimensionturistica.com\/es\/wp-json\/wp\/v2\/comments?post=170555"}],"version-history":[{"count":0,"href":"https:\/\/dimensionturistica.com\/es\/wp-json\/wp\/v2\/posts\/170555\/revisions"}],"wp:featuredmedia":[{"embeddable":true,"href":"https:\/\/dimensionturistica.com\/es\/wp-json\/wp\/v2\/media\/170556"}],"wp:attachment":[{"href":"https:\/\/dimensionturistica.com\/es\/wp-json\/wp\/v2\/media?parent=170555"}],"wp:term":[{"taxonomy":"category","embeddable":true,"href":"https:\/\/dimensionturistica.com\/es\/wp-json\/wp\/v2\/categories?post=170555"},{"taxonomy":"post_tag","embeddable":true,"href":"https:\/\/dimensionturistica.com\/es\/wp-json\/wp\/v2\/tags?post=170555"}],"curies":[{"name":"wp","href":"https:\/\/api.w.org\/{rel}","templated":true}]}}