{"id":170485,"date":"2021-08-06T21:08:34","date_gmt":"2021-08-06T21:08:34","guid":{"rendered":"https:\/\/dimensionturistica.com\/es\/?p=170485"},"modified":"2021-08-06T21:08:34","modified_gmt":"2021-08-06T21:08:34","slug":"4-mexicanos-te-cuentan-como-lograron-estudiar-y-trabajar-en-canada","status":"publish","type":"post","link":"https:\/\/dimensionturistica.com\/es\/4-mexicanos-te-cuentan-como-lograron-estudiar-y-trabajar-en-canada\/","title":{"rendered":"4 mexicanos te cuentan c\u00f3mo lograron estudiar y trabajar en Canad\u00e1"},"content":{"rendered":"<p> <br \/>\n<\/p>\n<div>\n<h2 class=\"cms-Subtitulos-Subtitulo1\"><b>Por agencia de empleo internacional<\/b><\/h2>\n<p>Pablo Brice\u00f1o siempre tuvo la thought de irse a Canad\u00e1. Cuando egres\u00f3 como mec\u00e1nico el\u00e9ctrico en la Universidad de Colima, se mud\u00f3 a Guanajuato para trabajar en el sector automotriz, con la firme thought de ahorrar, aplicar a un programa educativo y tramitar la visa de estudiante.<\/p>\n<p>Al mismo tiempo comenz\u00f3 a estudiar ingl\u00e9s, pues sab\u00eda que eso le abrir\u00eda m\u00e1s f\u00e1cil las puertas. Sin embargo, sus planes no salieron como esperaba. Los 12,000 pesos que ganaba al mes no le alcanzaban para pagar la escuela, mantenerse y ahorrar. Tampoco fue aceptado en ninguno de los programas a los que aplic\u00f3 y, adem\u00e1s, no sent\u00eda que estuviera avanzando en el aprendizaje del idioma.<\/p>\n<p>\u201cLas agencias educativas te bombardean con informaci\u00f3n muy bonita, y a veces hasta falsa. Uno de los obst\u00e1culos es que debes tener 12,000 d\u00f3lares canadienses en una cuenta bancaria (alrededor de 191,400 pesos). Si eres una persona que vive al d\u00eda, es dif\u00edcil juntar ese dinero\u201d, expresa.<\/p>\n<p>As\u00ed que el joven de 26 a\u00f1os opt\u00f3 por tomar otro camino. Se puso a enviar su CV a diferentes bolsas de empleo, pero \u00fanicamente a las vacantes en Canad\u00e1. Con tal de irse, le perdi\u00f3 el miedo a trabajar de lo que fuera.<\/p>\n<p>A los dos meses lo contact\u00f3 Subsequent, una agencia de empleo internacional, para ofrecerle un puesto como lavador de pipas, con la promesa de enviarlo a Ontario en 90 d\u00edas. En tr\u00e1mites gast\u00f3 30,000 pesos, y el 1 de noviembre de 2019 se cumpli\u00f3 su sue\u00f1o de pisar tierras canadienses.<\/p>\n<p>Su jornada laboral es de lunes a viernes de 3 de la tarde a 11 de la noche, con descansos de 30 minutos. Gana 17 d\u00f3lares canadienses por hora (unos 271 pesos mexicanos), es decir, que por d\u00eda percibe 2,169 pesos, y alrededor de 10,846 pesos a la semana.<\/p>\n<p>Tom\u00f3 clases sabatinas de ingl\u00e9s con un profesor specific, y actualmente renta un departamento en 600 d\u00f3lares canadienses al mes (unos 9,570 pesos), y en despensa gasta m\u00e1ximo 100 d\u00f3lares a la semana (1,595 pesos). No se arrepiente de haber tomado el camino que realiz\u00f3, hoy su meta es aprender franc\u00e9s y, ahora s\u00ed, estudiar un posgrado.<\/p>\n<p>Patricia Malag\u00f3n tambi\u00e9n confi\u00f3 en una agencia de empleo internacional. Es ingeniera en sistemas inform\u00e1ticos por el Instituto Polit\u00e9cnico Nacional (IPN) y, como mujer, ha sido testigo de que el sector tiene brechas de g\u00e9nero en M\u00e9xico. A\u00fan as\u00ed, no considera que le haya ido mal, pues trabajaba en la consultora Cognizant como desarrolladora de un proyecto para Grupo Bimbo, y ganaba en promedio 50,000 pesos al mes.<\/p>\n<p>La primera vez que sinti\u00f3 ganas de trabajar en Canad\u00e1 fue cuando, en la Alianza Francesa de la Ciudad de M\u00e9xico, escuch\u00f3 el testimonio de Sara Tapia, directora de Movilidad en la agencia de desarrollo econ\u00f3mico Quebec Worldwide.<\/p>\n<p>La mexicana cont\u00f3 que su \u00e9xito y desarrollo profesional lo encontr\u00f3 en Quebec, una provincia que alberga alrededor de 7,000 empresas de TI, de las cuales m\u00e1s de 100 son multinacionales, y al a\u00f1o contratan a m\u00e1s de 125,000 personas.<\/p>\n<p>Una de ellas es la tecnol\u00f3gica Levio Conseils, que en ese momento estaba reclutando. Motivada por su compatriota, Malag\u00f3n se acerc\u00f3 a la agencia para postularse, y en el \u00faltimo filtro los directivos de la compa\u00f1\u00eda le dijeron que le dar\u00edan el puesto de analista desarrolladora si incrementaba su nivel de franc\u00e9s.<\/p>\n<p>Por recomendaci\u00f3n de la empresa, se fue a Quebec en diciembre de 2019 para estudiar el idioma en la escuela Edu-Inter, y lo hizo con un ahorro de 80,000 pesos que le permiti\u00f3 tramitar su visa de estudiante y vivir all\u00e1 de forma temporal. \u201cEn tres meses aprend\u00ed lo que no pude en tres a\u00f1os en M\u00e9xico\u201d, afirma.<\/p>\n<p>Su curso concluy\u00f3 el viernes 12 de marzo de 2020, y el lunes 15 de ese mes empezar\u00eda los tr\u00e1mites para su visa de trabajo y contrataci\u00f3n, pero lleg\u00f3 el COVID-19 y tuvo que regresar, desempleada. Patricia obtuvo su permiso hasta enero de este a\u00f1o y comenz\u00f3 a laborar en marzo. Para la joven, vali\u00f3 la pena la espera y hasta la incertidumbre, porque Canad\u00e1 es un sue\u00f1o que le permiti\u00f3 doblar su salario y darle una mejor calidad de vida a su familia.<\/p>\n<p>En autom\u00e1tico, su esposo recibi\u00f3 el permiso de trabajo y comenz\u00f3 el proceso de \u2018francizaci\u00f3n\u2019, esto es, que toma clases de franc\u00e9s y recibe un apoyo econ\u00f3mico por parte del gobierno canadiense, mientras que su hijo entr\u00f3 al cuarto a\u00f1o de primaria en una escuela angl\u00f3fona, donde estudia ingl\u00e9s y franc\u00e9s al mismo tiempo.<\/p>\n<p>\u201cEn M\u00e9xico ten\u00eda horario de entrada, pero no de salida. Ac\u00e1 me rega\u00f1an si trabajo de m\u00e1s. Le dan prioridad a la familia y al \u00e1mbito personal. Los deportes son bien vistos, la mayor\u00eda hace actividades recreativas como la lectura, y los supermercados cierran a las 5 de la tarde porque saben que la gente tiene una vida despu\u00e9s del trabajo\u201d, expresa.<\/p>\n<\/p><\/div>\n<p><script>\n    window.fbAsyncInit = function() {\n        FB.init({\n                appId : '777317472403233',\n            cookie     : true,\n            xfbml      : true,\n            version    : 'v8.0'\n        });\n        FB.AppEvents.logPageView();\n    };\n    (function(d, s, id){\n        var js, fjs = d.getElementsByTagName(s)[0];\n        if (d.getElementById(id)) {return;}\n        js = d.createElement(s); js.id = id;\n        js.src = \"https:\/\/connect.facebook.net\/en_US\/sdk.js\";\n        fjs.parentNode.insertBefore(js, fjs);\n    }(document, 'script', 'facebook-jssdk'));\n<\/script><br \/>\n<br \/><\/p>\n<p><em> &#8221; Fuentes expansion.mx &#8221; <\/em><\/p>\n","protected":false},"excerpt":{"rendered":"<p>Por agencia de empleo internacional Pablo Brice\u00f1o siempre tuvo la thought de irse a Canad\u00e1. Cuando egres\u00f3 como mec\u00e1nico el\u00e9ctrico en la Universidad de Colima, se mud\u00f3 a Guanajuato para trabajar en el sector automotriz, con la firme thought de ahorrar, aplicar a un programa educativo y tramitar la visa de estudiante. Al mismo tiempo [&hellip;]<\/p>\n","protected":false},"author":4,"featured_media":170486,"comment_status":"open","ping_status":"closed","sticky":false,"template":"","format":"standard","meta":{"om_disable_all_campaigns":false,"jnews-multi-image_gallery":[],"jnews_single_post":[],"jnews_primary_category":[],"jnews_social_meta":[],"footnotes":""},"categories":[40],"tags":[12340,29142,29143,29144,29145],"class_list":["post-170485","post","type-post","status-publish","format-standard","has-post-thumbnail","hentry","category-industria","tag-carrera","tag-como-hago-para-estudiar-en-canada","tag-como-hago-para-trabajar-en-canada","tag-cuanto-dinero-debo-ahorrar-para-viajar-a-canada","tag-cuanto-tiempo-tarda-la-visa-para-canada"],"_links":{"self":[{"href":"https:\/\/dimensionturistica.com\/es\/wp-json\/wp\/v2\/posts\/170485","targetHints":{"allow":["GET"]}}],"collection":[{"href":"https:\/\/dimensionturistica.com\/es\/wp-json\/wp\/v2\/posts"}],"about":[{"href":"https:\/\/dimensionturistica.com\/es\/wp-json\/wp\/v2\/types\/post"}],"author":[{"embeddable":true,"href":"https:\/\/dimensionturistica.com\/es\/wp-json\/wp\/v2\/users\/4"}],"replies":[{"embeddable":true,"href":"https:\/\/dimensionturistica.com\/es\/wp-json\/wp\/v2\/comments?post=170485"}],"version-history":[{"count":0,"href":"https:\/\/dimensionturistica.com\/es\/wp-json\/wp\/v2\/posts\/170485\/revisions"}],"wp:featuredmedia":[{"embeddable":true,"href":"https:\/\/dimensionturistica.com\/es\/wp-json\/wp\/v2\/media\/170486"}],"wp:attachment":[{"href":"https:\/\/dimensionturistica.com\/es\/wp-json\/wp\/v2\/media?parent=170485"}],"wp:term":[{"taxonomy":"category","embeddable":true,"href":"https:\/\/dimensionturistica.com\/es\/wp-json\/wp\/v2\/categories?post=170485"},{"taxonomy":"post_tag","embeddable":true,"href":"https:\/\/dimensionturistica.com\/es\/wp-json\/wp\/v2\/tags?post=170485"}],"curies":[{"name":"wp","href":"https:\/\/api.w.org\/{rel}","templated":true}]}}