{"id":170477,"date":"2021-08-06T20:29:38","date_gmt":"2021-08-06T20:29:38","guid":{"rendered":"https:\/\/dimensionturistica.com\/es\/?p=170477"},"modified":"2021-08-06T20:29:39","modified_gmt":"2021-08-06T20:29:39","slug":"la-confederacion-espanola-de-agencias-de-viajes-considera-inaceptable-reembolsos-pendientes-de-companias-aereas-agencias-de-viajes-y-operadores","status":"publish","type":"post","link":"https:\/\/dimensionturistica.com\/es\/la-confederacion-espanola-de-agencias-de-viajes-considera-inaceptable-reembolsos-pendientes-de-companias-aereas-agencias-de-viajes-y-operadores\/","title":{"rendered":"La Confederaci\u00f3n Espa\u00f1ola de Agencias de Viajes considera inaceptable reembolsos pendientes de compa\u00f1\u00edas a\u00e9reas &#8211; Agencias de Viajes y Operadores"},"content":{"rendered":"<p> <br \/>\n<\/p>\n<div>\n<ol class=\"breadcrumb\">\n<li><a rel=\"nofollow noopener\" target=\"_blank\" href=\"https:\/\/contactonews.co\">Inicio<\/a><\/li>\n<li><a rel=\"nofollow noopener\" target=\"_blank\" href=\"https:\/\/contactonews.co\/agencias-de-viajes-y-operadores\">Agencias de Viajes y Operadores<\/a><\/li>\n<li class=\"active\">La Confederaci\u00f3n Espa\u00f1ola de Agencias de Viajes considera inaceptable reembolsos pendientes de compa\u00f1\u00edas a\u00e9reas<\/li>\n<\/ol>\n<div class=\"category in-article\"><a rel=\"nofollow noopener\" target=\"_blank\" href=\"https:\/\/contactonews.co\/agencias-de-viajes-y-operadores\">Agencias de Viajes y Operadores<\/a><\/div>\n<p class=\"article-blurb\">La CEAV considera inaceptable que las l\u00edneas a\u00e9reas no hayan devuelto a las agencias de viajes el dinero correspondiente a reembolsos y se\u00f1ala que esa negativa vulnera los derechos de los pasajeros.&#13;\n<\/p>\n<p>                              <span class=\"pb-byline author\" itemprop=\"author\" itemscope=\"\" itemtype=\"http:\/\/schema.org\/Organization\">Por <a rel=\"nofollow noopener\" target=\"_blank\" href=\"https:\/\/contactonews.co\/autor\/contacto-editorial\"><span itemprop=\"name\">Contacto Editorial<\/span><\/a> | <\/span><br \/>\n                                <span class=\"publish-date\">06 de agosto de 2021<\/span><\/p>\n<figure>\n    <img decoding=\"async\" src=\"https:\/\/contactonews.co\/storage\/images\/thumb-large-AdobeStock_116941514.jpeg\" alt=\"La Confederaci\u00f3n Espa\u00f1ola de Agencias de Viajes considera inaceptable reembolsos pendientes de compa\u00f1\u00edas a\u00e9reas\"\/><br \/>\n        <\/figure>\n<\/p><\/div>\n<div>\n<p>Un whole de 325 millones de euros pendientes de reembolsos por distintos proveedores contabilizaba la Confederacion Espa\u00f1ola de Agencias de Viajes a finales del 2020. Unos 250 millones de euros correspond\u00edan a las compa\u00f1\u00edas a\u00e9reas.<\/p>\n<p>Si bien es cierto que algunas aerol\u00edneas han procedido a efectivizar sus reembolsos, otras mantienen importantes pagos pendientes, aun cuando algunas han recibido fondos de la Sociedad Estatal de Participaciones Industriales (SEPI).<\/p>\n<p>Una normativa comunitaria establece la obligaci\u00f3n de reembolsar en el plazo de siete d\u00edas en los casos de cancelaci\u00f3n de vuelos. El incumplimiento del mencionado reglamento supone <i>&#8220;una vulneraci\u00f3n de los derechos de los pasajeros a\u00e9reos desde el inicio de la pandemia\u201d<\/i>, se\u00f1alan desde la CEAV, adem\u00e1s de insistir en <i>&#8221; la necesidad de vincular directamente la ayuda estatal a las aerol\u00edneas al cumplimiento de sus obligaciones con los pasajeros\u201d.<\/i><\/p>\n<p class=\"subscription-phrase\">Para leer las principales noticias tur\u00edsticas de la semana, suscribite a nuestro <a rel=\"nofollow noopener\" target=\"_blank\" href=\"#\" data-open=\"subscriptionModal\" aria-controls=\"subscriptionModal\" aria-haspopup=\"true\" tabindex=\"0\">newsletter de los viernes.<\/a><\/p>\n<p>En muchos casos, las agencias se han visto obligadas a adelantar reembolsos correspondientes a vuelos con el consiguiente perjuicio que eso significa en la ya complicada situaci\u00f3n de las mismas.<\/p>\n<\/p><\/div>\n<p><script async defer src=\"https:\/\/connect.facebook.net\/es_ES\/sdk.js\"><\/script><br \/>\n<br \/><\/p>\n<p><em> &#8221; Fuentes contactonews.co &#8221; <\/em><\/p>\n","protected":false},"excerpt":{"rendered":"<p>Inicio Agencias de Viajes y Operadores La Confederaci\u00f3n Espa\u00f1ola de Agencias de Viajes considera inaceptable reembolsos pendientes de compa\u00f1\u00edas a\u00e9reas Agencias de Viajes y Operadores La CEAV considera inaceptable que las l\u00edneas a\u00e9reas no hayan devuelto a las agencias de viajes el dinero correspondiente a reembolsos y se\u00f1ala que esa negativa vulnera los derechos de [&hellip;]<\/p>\n","protected":false},"author":4,"featured_media":89909,"comment_status":"open","ping_status":"closed","sticky":false,"template":"","format":"standard","meta":{"om_disable_all_campaigns":false,"jnews-multi-image_gallery":[],"jnews_single_post":[],"jnews_primary_category":[],"jnews_social_meta":[],"footnotes":""},"categories":[39],"tags":[1230,55],"class_list":["post-170477","post","type-post","status-publish","format-standard","has-post-thumbnail","hentry","category-viajes","tag-ceav","tag-coronavirus"],"_links":{"self":[{"href":"https:\/\/dimensionturistica.com\/es\/wp-json\/wp\/v2\/posts\/170477","targetHints":{"allow":["GET"]}}],"collection":[{"href":"https:\/\/dimensionturistica.com\/es\/wp-json\/wp\/v2\/posts"}],"about":[{"href":"https:\/\/dimensionturistica.com\/es\/wp-json\/wp\/v2\/types\/post"}],"author":[{"embeddable":true,"href":"https:\/\/dimensionturistica.com\/es\/wp-json\/wp\/v2\/users\/4"}],"replies":[{"embeddable":true,"href":"https:\/\/dimensionturistica.com\/es\/wp-json\/wp\/v2\/comments?post=170477"}],"version-history":[{"count":0,"href":"https:\/\/dimensionturistica.com\/es\/wp-json\/wp\/v2\/posts\/170477\/revisions"}],"wp:featuredmedia":[{"embeddable":true,"href":"https:\/\/dimensionturistica.com\/es\/wp-json\/wp\/v2\/media\/89909"}],"wp:attachment":[{"href":"https:\/\/dimensionturistica.com\/es\/wp-json\/wp\/v2\/media?parent=170477"}],"wp:term":[{"taxonomy":"category","embeddable":true,"href":"https:\/\/dimensionturistica.com\/es\/wp-json\/wp\/v2\/categories?post=170477"},{"taxonomy":"post_tag","embeddable":true,"href":"https:\/\/dimensionturistica.com\/es\/wp-json\/wp\/v2\/tags?post=170477"}],"curies":[{"name":"wp","href":"https:\/\/api.w.org\/{rel}","templated":true}]}}