{"id":170474,"date":"2021-08-06T20:21:34","date_gmt":"2021-08-06T20:21:34","guid":{"rendered":"https:\/\/dimensionturistica.com\/es\/?p=170474"},"modified":"2021-08-06T20:21:34","modified_gmt":"2021-08-06T20:21:34","slug":"viajes-corporativos-se-reduciran-en-un-19-por-efectos-de-la-pandemia-aviacion","status":"publish","type":"post","link":"https:\/\/dimensionturistica.com\/es\/viajes-corporativos-se-reduciran-en-un-19-por-efectos-de-la-pandemia-aviacion\/","title":{"rendered":"Viajes corporativos se reducir\u00e1n en un 19% por efectos de la pandemia &#8211; Aviaci\u00f3n"},"content":{"rendered":"<p> <br \/>\n<\/p>\n<div>\n<ol class=\"breadcrumb\">\n<li><a rel=\"nofollow noopener\" target=\"_blank\" href=\"https:\/\/contactonews.co\">Inicio<\/a><\/li>\n<li><a rel=\"nofollow noopener\" target=\"_blank\" href=\"https:\/\/contactonews.co\/aviacion\">Aviaci\u00f3n<\/a><\/li>\n<li class=\"active\">Viajes corporativos se reducir\u00e1n en un 19% por efectos de la pandemia<\/li>\n<\/ol>\n<p class=\"article-blurb\">Es una consecuencia de la disaster precise que obliga a reducir gastos a un sector que antes del COVID-19 representaba aproximadamente la mitad de los ingresos de las compa\u00f1\u00edas a\u00e9reas.&#13;\n<\/p>\n<p>                              <span class=\"pb-byline author\" itemprop=\"author\" itemscope=\"\" itemtype=\"http:\/\/schema.org\/Organization\">Por <a rel=\"nofollow noopener\" target=\"_blank\" href=\"https:\/\/contactonews.co\/autor\/contacto-editorial\"><span itemprop=\"name\">Contacto Editorial<\/span><\/a> | <\/span><br \/>\n                                <span class=\"publish-date\">06 de agosto de 2021<\/span><\/p>\n<figure>\n    <img decoding=\"async\" src=\"https:\/\/contactonews.co\/storage\/images\/thumb-large-Persona-Mirando-avion.jpg\" alt=\"Viajes corporativos se reducir\u00e1n en un 19% por efectos de la pandemia\"\/><br \/>\n        <\/figure>\n<\/p><\/div>\n<div>\n<p>Se pronostica una lenta recuperaci\u00f3n en el segmento de viajes corporativos submit COVID-19 ante las m\u00faltiples restricciones de viajes en todo el mundo que obligaron a las empresas a reemplazar las reuniones presenciales por encuentros virtuales para evitar la propagaci\u00f3n del virus y proteger la salud de sus ejecutivos. Estas reuniones virtuales representaron adem\u00e1s un importante ahorro considerando los gastos que implican los viajes y posicionaron un nuevo modelo en el que las reuniones presenciales no siempre son necesarias y generalmente ofrecen el mismo retorno que las presenciales con menor inversi\u00f3n.<\/p>\n<p>Una alternativa de trabajo h\u00edbrido pos pand\u00e9mico que permitir\u00eda combinar reuniones presenciales con encuentro virtuales y en la que los empleados solo viajar\u00edan en casos de extrema necesidad seria otro modelo a implementar en el proceso de reducci\u00f3n de gastos de viajes de negocios.<\/p>\n<p>Los riesgos de salud tambi\u00e9n son muy importantes y la seguridad de los empleados siempre genera preocupaci\u00f3n al momento de decidir un encuentro presencial. Se analizan las medidas de seguridad de los proveedores de viajes y si el empleado est\u00e1 o no dispuesto a viajar. Los precios de los vuelos son otro elemento condicionante pues al ser vol\u00e1tiles se hace dif\u00edcil encontrar buenos precios para viajes corporativos. Las agencias de viajes son esenciales para el sector corporativo por sus servicios y asistencia 24\/7, herramientas tecnol\u00f3gicas que disminuyen contratiempos y un mayor y profesional enfoque en la seguridad de quienes viajan.<\/p>\n<p class=\"subscription-phrase\">Para leer las principales noticias tur\u00edsticas de la semana, suscribite a nuestro <a rel=\"nofollow noopener\" target=\"_blank\" href=\"#\" data-open=\"subscriptionModal\" aria-controls=\"subscriptionModal\" aria-haspopup=\"true\" tabindex=\"0\">newsletter de los viernes.<\/a><\/p>\n<p>Empresas en todo el mundo fueron afectadas por la pandemia, por consiguiente, la reducci\u00f3n de costos seguir\u00e1 siendo prioridad en los pr\u00f3ximos a\u00f1os y reducir\u00e1 la cantidad de viajes corporativos, especialmente los de larga distancia que requieran transportes a\u00e9reos que ser\u00e1n reemplazados por encuentros virtuales y uso de tecnolog\u00eda.<\/p>\n<\/p><\/div>\n<p><script async defer src=\"https:\/\/connect.facebook.net\/es_ES\/sdk.js\"><\/script><br \/>\n<br \/><\/p>\n<p><em> &#8221; Fuentes contactonews.co &#8221; <\/em><\/p>\n","protected":false},"excerpt":{"rendered":"<p>Inicio Aviaci\u00f3n Viajes corporativos se reducir\u00e1n en un 19% por efectos de la pandemia Es una consecuencia de la disaster precise que obliga a reducir gastos a un sector que antes del COVID-19 representaba aproximadamente la mitad de los ingresos de las compa\u00f1\u00edas a\u00e9reas.&#13; Por Contacto Editorial | 06 de agosto de 2021 Se pronostica [&hellip;]<\/p>\n","protected":false},"author":4,"featured_media":170475,"comment_status":"open","ping_status":"closed","sticky":false,"template":"","format":"standard","meta":{"om_disable_all_campaigns":false,"jnews-multi-image_gallery":[],"jnews_single_post":[],"jnews_primary_category":[],"jnews_social_meta":[],"footnotes":""},"categories":[39],"tags":[55,2076],"class_list":["post-170474","post","type-post","status-publish","format-standard","has-post-thumbnail","hentry","category-viajes","tag-coronavirus","tag-mice"],"_links":{"self":[{"href":"https:\/\/dimensionturistica.com\/es\/wp-json\/wp\/v2\/posts\/170474","targetHints":{"allow":["GET"]}}],"collection":[{"href":"https:\/\/dimensionturistica.com\/es\/wp-json\/wp\/v2\/posts"}],"about":[{"href":"https:\/\/dimensionturistica.com\/es\/wp-json\/wp\/v2\/types\/post"}],"author":[{"embeddable":true,"href":"https:\/\/dimensionturistica.com\/es\/wp-json\/wp\/v2\/users\/4"}],"replies":[{"embeddable":true,"href":"https:\/\/dimensionturistica.com\/es\/wp-json\/wp\/v2\/comments?post=170474"}],"version-history":[{"count":0,"href":"https:\/\/dimensionturistica.com\/es\/wp-json\/wp\/v2\/posts\/170474\/revisions"}],"wp:featuredmedia":[{"embeddable":true,"href":"https:\/\/dimensionturistica.com\/es\/wp-json\/wp\/v2\/media\/170475"}],"wp:attachment":[{"href":"https:\/\/dimensionturistica.com\/es\/wp-json\/wp\/v2\/media?parent=170474"}],"wp:term":[{"taxonomy":"category","embeddable":true,"href":"https:\/\/dimensionturistica.com\/es\/wp-json\/wp\/v2\/categories?post=170474"},{"taxonomy":"post_tag","embeddable":true,"href":"https:\/\/dimensionturistica.com\/es\/wp-json\/wp\/v2\/tags?post=170474"}],"curies":[{"name":"wp","href":"https:\/\/api.w.org\/{rel}","templated":true}]}}