{"id":169635,"date":"2021-08-05T15:33:33","date_gmt":"2021-08-05T15:33:33","guid":{"rendered":"https:\/\/dimensionturistica.com\/es\/?p=169635"},"modified":"2021-08-05T15:33:34","modified_gmt":"2021-08-05T15:33:34","slug":"lancheros-de-chiquila-quintana-roo-piden-aumento-de-aforo-en-embarcaciones","status":"publish","type":"post","link":"https:\/\/dimensionturistica.com\/es\/lancheros-de-chiquila-quintana-roo-piden-aumento-de-aforo-en-embarcaciones\/","title":{"rendered":"Lancheros de Chiquil\u00e1, Quintana Roo, piden aumento de aforo en embarcaciones"},"content":{"rendered":"<p> <br \/>\n<\/p>\n<div id=\"cuerpo-nota\">\n<p>En esta temporada vacacional los <strong>lancheros tur\u00edsticos en Chiquil\u00e1<\/strong>\u00a0han tenido una appreciable actividad en sus excursions cl\u00e1sicos; sin embargo, consideraron que requieren ampliar la capacidad de paseantes en sus embarcaciones, con al menos uno o dos espacios m\u00e1s, ya que actualmente s\u00f3lo pueden llevar alrededor de seis pasajeros, debido las <strong>normas sanitarias por el COVID-19<\/strong>.<\/p>\n<p>Germ\u00e1n Herrera Olivar, Secretario de la Cooperativa Tur\u00edstica \u201cYalik\u00edn\u201d, sostuvo que en este periodo han tenido buena <strong>demanda de servicios n\u00e1uticos<\/strong>, desde grupos de personas que vienen a trav\u00e9s de agencias de viajes, como de turistas que llegan de forma independiente para pasar a Holbox.<\/p>\n<aside class=\"htmlinline\"\/>\n<aside class=\"relacionadas con-foto\">\n<h5>Noticias Relacionadas<\/h5>\n<\/aside>\n<figure class=\"image\"><img decoding=\"async\" alt=\"\" src=\"https:\/\/www.poresto.net\/u\/fotografias\/m\/2021\/8\/5\/f768x1-111844_111971_0.jpg\"\/><figcaption>Germ\u00e1n Herrera Olivar, Secretario de la Cooperativa Tur\u00edstica \u201cYalik\u00edn\u201d en Chiquil\u00e1, Quintana Roo<\/figcaption><\/figure>\n<p>Sostuvo que tambi\u00e9n les requieren los <strong>paseos de avistamiento del tibur\u00f3n ballena<\/strong>, pero lo que m\u00e1s les solicitan son los excursions cl\u00e1sicos, al ojo de agua Yalahau, Isla P\u00e1jaros e Isla de la Pasi\u00f3n, de modo que se tiene una buena actividad.<\/p>\n<p>Herrera Olivar se\u00f1al\u00f3 que en el recorrido cl\u00e1sico el \u00fanico lugar que tiene un costo further es el <a rel=\"nofollow noopener\" target=\"_blank\" href=\"https:\/\/www.poresto.net\/turismo-mexico\/2021\/3\/22\/yalahau-la-fuente-de-la-juventud-en-holbox-243933.html\">ojo de agua Yalahau<\/a>, donde el turista tiene que pagar 50 pesos para ingresar, donde permanecen alrededor de una hora antes de continuar con el recorrido completo, el cual cuesta 600 pesos por persona.<\/p>\n<aside class=\"htmlinline\"\/>\n<aside class=\"relacionadas con-foto\">\n<h5>Noticias Relacionadas<\/h5>\n<\/aside>\n<p><img decoding=\"async\" alt=\"\" height=\"354\" src=\"https:\/\/www.poresto.net\/u\/fotografias\/m\/2021\/8\/5\/f768x1-111846_111973_0.jpg\" width=\"768\"\/><\/p>\n<p>Sin embargo, dijo que a pesar de tener una buena actividad, los beneficios no se reflejan del todo, ya que trabajan con una capacidad m\u00e1xima de seis personas por embarcaci\u00f3n, de las 10 que se pueden llevar.<\/p>\n<p>Explic\u00f3 que ante esta situaci\u00f3n, los <strong>lancheros en Chiquil\u00e1<\/strong>\u00a0est\u00e1n solicitando les permitan ampliar su capacidad, con uno o dos pasajeros m\u00e1s, para que puedan ver sus ganancias en esta temporada vacacional.<\/p>\n<p>Los casi 100 lancheros consideraron que la actividad que realizan es al aire libre, de modo que el <strong>riesgo de contagio del COVID-19<\/strong>\u00a0debe ser menor a los lugares cerrados, como autobuses o vans tur\u00edsticas, en los que llegan los grupos de visitantes.\n<\/p>\n<p><img decoding=\"async\" alt=\"\" height=\"512\" src=\"https:\/\/www.poresto.net\/u\/fotografias\/m\/2021\/8\/5\/f768x1-111847_111974_15.jpg\" width=\"768\"\/>\n<\/p>\n<p>Adem\u00e1s de que las familias siempre llegan en grupos un poco grandes y por la capacidad restringida deben pedir dos lanchas, lo que representa un gasto further para los visitantes que prefieran, en algunos casos, no hacer los recorridos.\n<\/p>\n<h3>S\u00edguenos en <strong><a rel=\"nofollow noopener\" target=\"_blank\" href=\"https:\/\/bit.ly\/PorEstoGoogleNews\">Google News<\/a><\/strong> y recibe la mejor informaci\u00f3n.<\/h3>\n<p>Dijo que en las embarcaciones se cumple con los protocolos sanitarios, uso del cubrebocas, gel antibacterial y las embarcaciones se sanitizan despu\u00e9s de cada viaje para evitar los<strong> riesgos de contagio del coronavirus<\/strong>.\n<\/p>\n<p>CG\n<\/p>\n<\/div>\n<p><script>\n      window.fbAsyncInit = function() {\n        FB.init({\n          appId      : '{292213061927134}',\n          status     : true,\n\t\t  version:  'v2.7',\n          xfbml      : true\n        });\nFB.Event.subscribe('comment.create', function (response) {grabacom_compa(271019)});\t\nFB.Event.subscribe('comment.remove',  function (response) {grabacom_compa(271019)});\t\nFB.Event.subscribe('edge.create',  function (response) {grabacom_compa(271019)});\nFB.Event.subscribe('edge.remove',  function (response) {grabacom_compa(271019)});\n      };\n(function(d, s, id) {\n  var js, fjs = d.getElementsByTagName(s)[0];\n  if (d.getElementById(id)) return;\n  js = d.createElement(s); js.id = id;\n  js.src = \"\/\/connect.facebook.net\/es_LA\/sdk.js#xfbml=1&version=v2.7&appId=292213061927134\";\n  fjs.parentNode.insertBefore(js, fjs);\n}(document, 'script', 'facebook-jssdk'));\n    <\/script><br \/>\n<br \/><\/p>\n<p><em> &#8221; Fuentes www.poresto.net &#8221; <\/em><\/p>\n","protected":false},"excerpt":{"rendered":"<p>En esta temporada vacacional los lancheros tur\u00edsticos en Chiquil\u00e1\u00a0han tenido una appreciable actividad en sus excursions cl\u00e1sicos; sin embargo, consideraron que requieren ampliar la capacidad de paseantes en sus embarcaciones, con al menos uno o dos espacios m\u00e1s, ya que actualmente s\u00f3lo pueden llevar alrededor de seis pasajeros, debido las normas sanitarias por el COVID-19. [&hellip;]<\/p>\n","protected":false},"author":4,"featured_media":169636,"comment_status":"open","ping_status":"closed","sticky":false,"template":"","format":"standard","meta":{"om_disable_all_campaigns":false,"jnews-multi-image_gallery":[],"jnews_single_post":[],"jnews_primary_category":[],"jnews_social_meta":[],"footnotes":""},"categories":[40],"tags":[29035,29033,1064,29034],"class_list":["post-169635","post","type-post","status-publish","format-standard","has-post-thumbnail","hentry","category-industria","tag-aforo-en-embarcaciones","tag-lancheros-de-chiquila","tag-quintana-roo","tag-tours-en-chiquila"],"_links":{"self":[{"href":"https:\/\/dimensionturistica.com\/es\/wp-json\/wp\/v2\/posts\/169635","targetHints":{"allow":["GET"]}}],"collection":[{"href":"https:\/\/dimensionturistica.com\/es\/wp-json\/wp\/v2\/posts"}],"about":[{"href":"https:\/\/dimensionturistica.com\/es\/wp-json\/wp\/v2\/types\/post"}],"author":[{"embeddable":true,"href":"https:\/\/dimensionturistica.com\/es\/wp-json\/wp\/v2\/users\/4"}],"replies":[{"embeddable":true,"href":"https:\/\/dimensionturistica.com\/es\/wp-json\/wp\/v2\/comments?post=169635"}],"version-history":[{"count":0,"href":"https:\/\/dimensionturistica.com\/es\/wp-json\/wp\/v2\/posts\/169635\/revisions"}],"wp:featuredmedia":[{"embeddable":true,"href":"https:\/\/dimensionturistica.com\/es\/wp-json\/wp\/v2\/media\/169636"}],"wp:attachment":[{"href":"https:\/\/dimensionturistica.com\/es\/wp-json\/wp\/v2\/media?parent=169635"}],"wp:term":[{"taxonomy":"category","embeddable":true,"href":"https:\/\/dimensionturistica.com\/es\/wp-json\/wp\/v2\/categories?post=169635"},{"taxonomy":"post_tag","embeddable":true,"href":"https:\/\/dimensionturistica.com\/es\/wp-json\/wp\/v2\/tags?post=169635"}],"curies":[{"name":"wp","href":"https:\/\/api.w.org\/{rel}","templated":true}]}}