{"id":169216,"date":"2021-08-04T19:21:31","date_gmt":"2021-08-04T19:21:31","guid":{"rendered":"https:\/\/dimensionturistica.com\/es\/?p=169216"},"modified":"2021-08-04T19:21:31","modified_gmt":"2021-08-04T19:21:31","slug":"las-mejores-playas-de-espana-para-ver-el-atardecer","status":"publish","type":"post","link":"https:\/\/dimensionturistica.com\/es\/las-mejores-playas-de-espana-para-ver-el-atardecer\/","title":{"rendered":"Las mejores playas de Espa\u00f1a para ver el atardecer"},"content":{"rendered":"<p> <br \/>\n<\/p>\n<div id=\"article-body-content\" data-action=\"toggle\" data-status=\"on\">\n<p id=\"paragraph_1\">El verano en Espa\u00f1a es sin\u00f3nimo de d\u00edas de playa, piscina, <a rel=\"nofollow noopener\" target=\"_blank\" href=\"https:\/\/noticiascyl.elespanol.com\/t\/2014468\/valladolid-todo-valladolid-tres-lugares-magicos-aire-libre-disfrutar-valladolid-verano\">planes al aire libre<\/a> y <a rel=\"nofollow noopener\" target=\"_blank\" href=\"https:\/\/www.elespanol.com\/ocio\/destinos-naturaleza-visitar-cerca-madrid-turismo-escapada-fin-de-semana\/586941626_0.html\">destinos en la naturaleza<\/a>, <a rel=\"nofollow noopener\" target=\"_blank\" href=\"https:\/\/www.elespanol.com\/ocio\/playas-aguas-cristalinas-bonitas-espana-viajes-costa-turismo\/588942526_0.html\">calas de aguas cristalinas<\/a>, vacaciones, pero tambi\u00e9n de los mejores atardeceres. Uno de esos momentos m\u00e1gicos del d\u00eda y en el que las luces del atardecer consiguen hacer verdaderos espect\u00e1culos de shade, capaces de quedarse grabados en nuestras retinas para siempre.<\/p>\n<p id=\"paragraph_2\">Si t\u00fa tambi\u00e9n quieres disfrutar de las mejores puestas de sol este verano, pero sin separarte del mar, esta lista con las mejores playas de Espa\u00f1a para ver el atardecer est\u00e1 hecha para ti.<\/p>\n<h3 class=\"content__summary-title\">Estas son las mejores playas de Espa\u00f1a para ver el atardecer:<\/h3>\n<h3 class=\"content__summary-title\">Playa de Las Catedrales (Lugo, Galicia)<\/h3>\n<p id=\"paragraph_3\">El atardecer desde la Playa de las Catedrales no pod\u00eda faltar en esta lista de las mejores playas de Espa\u00f1a para ver el atardecer, sobre todo porque esta playa est\u00e1 considerada como una de las m\u00e1s bonitas de Espa\u00f1a y tambi\u00e9n se encuentra entre las m\u00e1s bellas del mundo. Uno de esos lugares m\u00e1gicos repletos de poder y energ\u00eda, que pueden encontrarse a lo largo y ancho de la pen\u00ednsula y que actualmente es uno de los destinos tur\u00edsticos m\u00e1s visitados de Galicia. Aunque en definitiva, se trata de una playa que <strong>merece una visita a cualquier hora y en cualquier \u00e9poca del a\u00f1o,<\/strong> lo cierto es que con el atardecer y cuando los rayos de sol se cuelan entre los huecos de sus imponentes estructuras rocosas, se puede disfrutar de una de las puestas de sol m\u00e1s impresionantes.<\/p>\n<div class=\"article-media \" itemscope=\"\" itemtype=\"http:\/\/schema.org\/ImageObject\">\n<p><img decoding=\"async\" alt=\"Playa de Las Catedrales\" data-imgm=\"true\" height=\"180\" loading=\"lazy\" sizes=\"auto, (max-width: 479px) 100vw, (max-width: 1023px) 80vw, 40vw\" src=\"https:\/\/s1.eestatic.com\/2021\/08\/03\/actualidad\/601459146_198928177_1024x576.jpg\" srcset=\"https:\/\/s1.eestatic.com\/2021\/08\/03\/actualidad\/601459146_198928180_320x180.jpg 320w, https:\/\/s1.eestatic.com\/2021\/08\/03\/actualidad\/601459146_198928179_640x360.jpg 640w, https:\/\/s1.eestatic.com\/2021\/08\/03\/actualidad\/601459146_198928178_864x486.jpg 864w, https:\/\/s1.eestatic.com\/2021\/08\/03\/actualidad\/601459146_198928177_1024x576.jpg 1024w, https:\/\/s1.eestatic.com\/2021\/08\/03\/actualidad\/601459146_198928176_1706x960.jpg 1706w\" width=\"320\"\/><\/p><\/div>\n<h3 class=\"content__summary-title\">Cala D\u2019Hort (Ibiza, Islas Baleares)<\/h3>\n<p id=\"paragraph_4\">Adem\u00e1s de pubs y discotecas, Ibiza tambi\u00e9n cuenta con paisajes y entornos naturales maravillosos, adem\u00e1s de innumerables calas de aguas turquesas y los mejores atardeceres. Uno de los m\u00e1s especiales lo encontrar\u00e1s en Cala d\u2019Hort,<strong> la cual se encuentra situada a solo 25 km de Ibiza<\/strong>. Una de las caracter\u00edsticas que hace su atardecer tan especial, es que esta cala tiene unas maravillosas vistas al m\u00e1gico islote de Es Vedr\u00e1. Una estampa que acompa\u00f1ada de las luces del ocaso te asegurar\u00e1 una de esas im\u00e1genes imposibles de olvidar.<\/p>\n<div class=\"article-media \" itemscope=\"\" itemtype=\"http:\/\/schema.org\/ImageObject\">\n<p><img decoding=\"async\" alt=\"Cala D\u2019Hort\" data-imgm=\"true\" height=\"180\" loading=\"lazy\" sizes=\"auto, (max-width: 479px) 100vw, (max-width: 1023px) 80vw, 40vw\" src=\"https:\/\/s1.eestatic.com\/2021\/08\/03\/actualidad\/601459145_198928148_1024x576.jpg\" srcset=\"https:\/\/s1.eestatic.com\/2021\/08\/03\/actualidad\/601459145_198928151_320x180.jpg 320w, https:\/\/s1.eestatic.com\/2021\/08\/03\/actualidad\/601459145_198928150_640x360.jpg 640w, https:\/\/s1.eestatic.com\/2021\/08\/03\/actualidad\/601459145_198928149_864x486.jpg 864w, https:\/\/s1.eestatic.com\/2021\/08\/03\/actualidad\/601459145_198928148_1024x576.jpg 1024w, https:\/\/s1.eestatic.com\/2021\/08\/03\/actualidad\/601459145_198928147_1706x960.jpg 1706w\" width=\"320\"\/><\/p><\/div>\n<h3 class=\"content__summary-title\">Cala Saona (Formentera, Islas Baleares)<\/h3>\n<p id=\"paragraph_5\">Cala Saona se encuentra al este de la isla de Formentera y es una de las pocas playas de la isla que encontrar\u00e1s orientadas al oeste. Raz\u00f3n m\u00e1s que suficiente para acercarte a ella y disfrutar de una de las puestas de sol m\u00e1s incre\u00edbles de Formentera, adem\u00e1s de la que <strong>te asegurar\u00e1s desde el famoso Faro de Cap de Babaria<\/strong>. En Cala Saona, las luces del atardecer se entremezclan con el tono rojizo de los acantilados que protegen esta playa, ofreciendo una espectacular estampa.<\/p>\n<div class=\"article-media \" itemscope=\"\" itemtype=\"http:\/\/schema.org\/ImageObject\">\n<p><img decoding=\"async\" alt=\"Cala Saona\" data-imgm=\"true\" height=\"180\" loading=\"lazy\" sizes=\"auto, (max-width: 479px) 100vw, (max-width: 1023px) 80vw, 40vw\" src=\"https:\/\/s1.eestatic.com\/2021\/08\/03\/actualidad\/601459144_198928119_1024x576.jpg\" srcset=\"https:\/\/s1.eestatic.com\/2021\/08\/03\/actualidad\/601459144_198928122_320x180.jpg 320w, https:\/\/s1.eestatic.com\/2021\/08\/03\/actualidad\/601459144_198928121_640x360.jpg 640w, https:\/\/s1.eestatic.com\/2021\/08\/03\/actualidad\/601459144_198928120_864x486.jpg 864w, https:\/\/s1.eestatic.com\/2021\/08\/03\/actualidad\/601459144_198928119_1024x576.jpg 1024w, https:\/\/s1.eestatic.com\/2021\/08\/03\/actualidad\/601459144_198928118_1706x960.jpg 1706w\" width=\"320\"\/><\/p><\/div>\n<h3 class=\"content__summary-title\">Playa de Finisterre (A Coru\u00f1a, Galicia)<\/h3>\n<p id=\"paragraph_6\">Que mejor lugar para disfrutar del atardecer que desde ese lugar que alg\u00fan momento se crey\u00f3 que period el last de la tierra. Una puesta de sol casi m\u00e1gica que te asegurar\u00e1s desde su Playa La Langosteira, en la que disfrutar\u00e1s de la mejor de las vistas al ocaso.<\/p>\n<div class=\"article-media \" itemscope=\"\" itemtype=\"http:\/\/schema.org\/ImageObject\">\n<p><img decoding=\"async\" alt=\"Playa de Finisterre\" data-imgm=\"true\" height=\"180\" loading=\"lazy\" sizes=\"auto, (max-width: 479px) 100vw, (max-width: 1023px) 80vw, 40vw\" src=\"https:\/\/s1.eestatic.com\/2021\/08\/03\/actualidad\/601459143_198928088_1024x576.jpg\" srcset=\"https:\/\/s1.eestatic.com\/2021\/08\/03\/actualidad\/601459143_198928091_320x180.jpg 320w, https:\/\/s1.eestatic.com\/2021\/08\/03\/actualidad\/601459143_198928090_640x360.jpg 640w, https:\/\/s1.eestatic.com\/2021\/08\/03\/actualidad\/601459143_198928089_864x486.jpg 864w, https:\/\/s1.eestatic.com\/2021\/08\/03\/actualidad\/601459143_198928088_1024x576.jpg 1024w, https:\/\/s1.eestatic.com\/2021\/08\/03\/actualidad\/601459143_198928087_1706x960.jpg 1706w\" width=\"320\"\/><\/p><\/div>\n<h3 class=\"content__summary-title\">Playa del Silencio (Llanes, Asturias)<\/h3>\n<p id=\"paragraph_7\">Esta es otra de las playas m\u00e1s especiales, rec\u00f3nditas y bonitas del Mar Cant\u00e1brico y de la costa occidental de Asturias, en la que podr\u00e1s disfrutar del mejor de los atardeceres. Un aut\u00e9ntico para\u00edso protagonizado por <strong>impresionantes moles rocosas que protegen a esta playa del oleaje,<\/strong> creando un remanso de aguas tranquilas y mansas. Un paisaje que combinado con ese juego de luces que ver\u00e1s al atardecer, convierte a esta playa en el mejor de los escenarios.<\/p>\n<div class=\"article-media \" itemscope=\"\" itemtype=\"http:\/\/schema.org\/ImageObject\">\n<p><img decoding=\"async\" alt=\"Playa del Silencio\" data-imgm=\"true\" height=\"180\" loading=\"lazy\" sizes=\"auto, (max-width: 479px) 100vw, (max-width: 1023px) 80vw, 40vw\" src=\"https:\/\/s1.eestatic.com\/2021\/08\/03\/actualidad\/601459142_198928057_1024x576.jpg\" srcset=\"https:\/\/s1.eestatic.com\/2021\/08\/03\/actualidad\/601459142_198928060_320x180.jpg 320w, https:\/\/s1.eestatic.com\/2021\/08\/03\/actualidad\/601459142_198928059_640x360.jpg 640w, https:\/\/s1.eestatic.com\/2021\/08\/03\/actualidad\/601459142_198928058_864x486.jpg 864w, https:\/\/s1.eestatic.com\/2021\/08\/03\/actualidad\/601459142_198928057_1024x576.jpg 1024w, https:\/\/s1.eestatic.com\/2021\/08\/03\/actualidad\/601459142_198928056_1706x960.jpg 1706w\" width=\"320\"\/><\/p><\/div>\n<h3 class=\"content__summary-title\">Playa de Verdicio (Goz\u00f3n, Asturias)<\/h3>\n<p id=\"paragraph_8\">Otra de esas playas de la costa norte, que podr\u00e1s encontrar en Asturias y que merece una parada al atardecer, es la Playa de Verdicio. Otra de las playas m\u00e1s bonitas, en la que <strong>podr\u00e1s disfrutar de este colorido espect\u00e1culo<\/strong> y que encontrar\u00e1s dentro de un entorno tan especial como es el Paisaje Protegido del Cabo Pe\u00f1as. Un rinc\u00f3n muy especial de la costa norte, que encontrar\u00e1s repleto de naturaleza y enviornment fina y dorada.<\/p>\n<div class=\"article-media \" itemscope=\"\" itemtype=\"http:\/\/schema.org\/ImageObject\">\n<p><img decoding=\"async\" alt=\"Playa de Verdicio\" data-imgm=\"true\" height=\"180\" loading=\"lazy\" sizes=\"auto, (max-width: 479px) 100vw, (max-width: 1023px) 80vw, 40vw\" src=\"https:\/\/s1.eestatic.com\/2021\/08\/03\/actualidad\/601459137_198927909_1024x576.jpg\" srcset=\"https:\/\/s1.eestatic.com\/2021\/08\/03\/actualidad\/601459137_198927912_320x180.jpg 320w, https:\/\/s1.eestatic.com\/2021\/08\/03\/actualidad\/601459137_198927911_640x360.jpg 640w, https:\/\/s1.eestatic.com\/2021\/08\/03\/actualidad\/601459137_198927910_864x486.jpg 864w, https:\/\/s1.eestatic.com\/2021\/08\/03\/actualidad\/601459137_198927909_1024x576.jpg 1024w, https:\/\/s1.eestatic.com\/2021\/08\/03\/actualidad\/601459137_198927908_1706x960.jpg 1706w\" width=\"320\"\/><\/p><\/div>\n<h3 class=\"content__summary-title\">La Canaleta (Punta Umbr\u00eda, Huelva)<\/h3>\n<p id=\"paragraph_9\">El atardecer desde la Playa de La Canaleta en Punta Umbr\u00eda, <strong>es otro de esos espect\u00e1culos de shade<\/strong> que se te quedar\u00e1n grabados en la retina. Un m\u00e1gico juego de tonalidades anaranjadas, amarillas, rojizas y moradas, que podr\u00e1s disfrutar acompa\u00f1ado por la m\u00fasica de fondo de los chiringuitos.<\/p>\n<div class=\"article-media \" itemscope=\"\" itemtype=\"http:\/\/schema.org\/ImageObject\">\n<p><img decoding=\"async\" alt=\"La Canaleta\" data-imgm=\"true\" height=\"180\" loading=\"lazy\" sizes=\"auto, (max-width: 479px) 100vw, (max-width: 1023px) 80vw, 40vw\" src=\"https:\/\/s1.eestatic.com\/2021\/08\/03\/actualidad\/601459136_198927880_1024x576.jpg\" srcset=\"https:\/\/s1.eestatic.com\/2021\/08\/03\/actualidad\/601459136_198927883_320x180.jpg 320w, https:\/\/s1.eestatic.com\/2021\/08\/03\/actualidad\/601459136_198927882_640x360.jpg 640w, https:\/\/s1.eestatic.com\/2021\/08\/03\/actualidad\/601459136_198927881_864x486.jpg 864w, https:\/\/s1.eestatic.com\/2021\/08\/03\/actualidad\/601459136_198927880_1024x576.jpg 1024w, https:\/\/s1.eestatic.com\/2021\/08\/03\/actualidad\/601459136_198927879_1706x960.jpg 1706w\" width=\"320\"\/><\/p><\/div>\n<h3 class=\"content__summary-title\">Playa de Benijo (Tenerife, Islas Canarias)<\/h3>\n<p id=\"paragraph_10\">Tenerife tambi\u00e9n est\u00e1 repleto de playas perfectas para ver el atardecer y sobre todo repletas de contrastes, como los que te ofrecer\u00e1 la Playa de Benijo. <strong>Un peque\u00f1o arenal de no m\u00e1s de 300 metros de longitud,<\/strong> que destaca por su marcada enviornment negra, pero tambi\u00e9n por ser uno de los rincones m\u00e1s especiales desde los que disfrutar de la mejor puesta de sol. \u00bfEl resultado? Una postal dif\u00edcil de olvidar.<\/p>\n<div class=\"article-media \" itemscope=\"\" itemtype=\"http:\/\/schema.org\/ImageObject\">\n<p><img decoding=\"async\" alt=\"Playa de Benijo\" data-imgm=\"true\" height=\"180\" loading=\"lazy\" sizes=\"auto, (max-width: 479px) 100vw, (max-width: 1023px) 80vw, 40vw\" src=\"https:\/\/s1.eestatic.com\/2021\/08\/03\/actualidad\/601459139_198927970_1024x576.jpg\" srcset=\"https:\/\/s1.eestatic.com\/2021\/08\/03\/actualidad\/601459139_198927973_320x180.jpg 320w, https:\/\/s1.eestatic.com\/2021\/08\/03\/actualidad\/601459139_198927972_640x360.jpg 640w, https:\/\/s1.eestatic.com\/2021\/08\/03\/actualidad\/601459139_198927971_864x486.jpg 864w, https:\/\/s1.eestatic.com\/2021\/08\/03\/actualidad\/601459139_198927970_1024x576.jpg 1024w, https:\/\/s1.eestatic.com\/2021\/08\/03\/actualidad\/601459139_198927969_1706x960.jpg 1706w\" width=\"320\"\/><\/p><\/div>\n<h3 class=\"content__summary-title\">Playa de Matalasca\u00f1as (Almonte, Huelva)<\/h3>\n<p id=\"paragraph_11\">Disfrutar del atardecer desde la Playa de Matalasca\u00f1as es otro de esos espect\u00e1culos de los que deber\u00edas disfrutar al menos una vez en la vida. Sin duda, <strong>uno de los mejores atardeceres de Huelva,<\/strong> marcado por ese enorme oc\u00e9ano por el que se pone el sol y por su famosa Torre de la Higuera.<\/p>\n<div class=\"article-media \" itemscope=\"\" itemtype=\"http:\/\/schema.org\/ImageObject\">\n<p><img decoding=\"async\" alt=\"Playa de Matalasca\u00f1as\" data-imgm=\"true\" height=\"180\" loading=\"lazy\" sizes=\"auto, (max-width: 479px) 100vw, (max-width: 1023px) 80vw, 40vw\" src=\"https:\/\/s1.eestatic.com\/2021\/08\/03\/actualidad\/601459147_198928206_1024x576.jpg\" srcset=\"https:\/\/s1.eestatic.com\/2021\/08\/03\/actualidad\/601459147_198928209_320x180.jpg 320w, https:\/\/s1.eestatic.com\/2021\/08\/03\/actualidad\/601459147_198928208_640x360.jpg 640w, https:\/\/s1.eestatic.com\/2021\/08\/03\/actualidad\/601459147_198928207_864x486.jpg 864w, https:\/\/s1.eestatic.com\/2021\/08\/03\/actualidad\/601459147_198928206_1024x576.jpg 1024w, https:\/\/s1.eestatic.com\/2021\/08\/03\/actualidad\/601459147_198928205_1706x960.jpg 1706w\" width=\"320\"\/><\/p><\/div>\n<h3 class=\"content__summary-title\">Playa de Zahara (C\u00e1diz, Andaluc\u00eda)<\/h3>\n<p id=\"paragraph_12\">La playa de Zahara es conocida en el mundo entero por su belleza, pero<strong> tambi\u00e9n por su ambiente y su gran oferta de chiringuitos<\/strong>. Desde su inmenso arenal y en las \u00faltimas horas del d\u00eda, adem\u00e1s podr\u00e1s ver uno de esos atardeceres de ensue\u00f1o que tampoco deber\u00edas perderte.<\/p>\n<div class=\"article-media \" itemscope=\"\" itemtype=\"http:\/\/schema.org\/ImageObject\">\n<p><img decoding=\"async\" alt=\"Playa de Zahara\" data-imgm=\"true\" height=\"180\" loading=\"lazy\" sizes=\"auto, (max-width: 479px) 100vw, (max-width: 1023px) 80vw, 40vw\" src=\"https:\/\/s1.eestatic.com\/2021\/08\/03\/actualidad\/601459140_198927999_1024x576.jpg\" srcset=\"https:\/\/s1.eestatic.com\/2021\/08\/03\/actualidad\/601459140_198928002_320x180.jpg 320w, https:\/\/s1.eestatic.com\/2021\/08\/03\/actualidad\/601459140_198928001_640x360.jpg 640w, https:\/\/s1.eestatic.com\/2021\/08\/03\/actualidad\/601459140_198928000_864x486.jpg 864w, https:\/\/s1.eestatic.com\/2021\/08\/03\/actualidad\/601459140_198927999_1024x576.jpg 1024w, https:\/\/s1.eestatic.com\/2021\/08\/03\/actualidad\/601459140_198927998_1706x960.jpg 1706w\" width=\"320\"\/><\/p><\/div>\n<h3 class=\"content__summary-title\">Tambi\u00e9n te puede interesar&#8230;<\/h3>\n<p id=\"paragraph_13\"><a rel=\"nofollow noopener\" target=\"_blank\" href=\"https:\/\/www.elespanol.com\/ocio\/mejores-castillos-visitar-ninos-espana-familias-turismo-monumentos-historicos\/582692260_0.amp.html\">Los 8 mejores castillos para visitar con ni\u00f1os en Espa\u00f1a<\/a><br \/><a rel=\"nofollow noopener\" target=\"_blank\" href=\"https:\/\/www.elespanol.com\/ocio\/mejores-rocodromos-zonas-escalada-puedes-encontrar-madrid-profesionales-principiantes\/582442267_0.amp.html\">Los mejores roc\u00f3dromos y zonas de escalada que puedes encontrar en Madrid<\/a><br \/><a rel=\"nofollow noopener\" target=\"_blank\" href=\"https:\/\/www.elespanol.com\/ocio\/mejores-restaurantes-ir-ninos-pequenos-madrid-familias\/581943073_0.amp.html\">Los mejores restaurantes para ir con ni\u00f1os en Madrid<\/a><br \/><a rel=\"nofollow noopener\" target=\"_blank\" href=\"https:\/\/www.elespanol.com\/ocio\/mejores-parques-atracciones-espana-turismo-viajes-familia-ninos\/581192215_0.amp.html\">Los 7 mejores parques de atracciones de Espa\u00f1a<\/a><\/p>\n<p><include onerror=\"continue\" src=\"https:\/\/www.elespanol.com\/eemodules\/ESPTagListContentsHTMLMO\/mo.html?p=W10&amp;h=0b72\"\/><\/p>\n<h3 class=\"follow-topics-title\"><span class=\"follow-topics-title__icon\"\/>Sigue los temas que te interesan<\/h3>\n<\/p><\/div>\n\n<p><em> &#8221; Fuentes www.elespanol.com &#8221; <\/em><\/p>\n","protected":false},"excerpt":{"rendered":"<p>El verano en Espa\u00f1a es sin\u00f3nimo de d\u00edas de playa, piscina, planes al aire libre y destinos en la naturaleza, calas de aguas cristalinas, vacaciones, pero tambi\u00e9n de los mejores atardeceres. Uno de esos momentos m\u00e1gicos del d\u00eda y en el que las luces del atardecer consiguen hacer verdaderos espect\u00e1culos de shade, capaces de quedarse [&hellip;]<\/p>\n","protected":false},"author":4,"featured_media":169217,"comment_status":"open","ping_status":"closed","sticky":false,"template":"","format":"standard","meta":{"om_disable_all_campaigns":false,"jnews-multi-image_gallery":[],"jnews_single_post":[],"jnews_primary_category":[],"jnews_social_meta":[],"footnotes":""},"categories":[39],"tags":[770,22818,1570],"class_list":["post-169216","post","type-post","status-publish","format-standard","has-post-thumbnail","hentry","category-viajes","tag-espana","tag-ocio-y-tiempo-libre","tag-playas"],"_links":{"self":[{"href":"https:\/\/dimensionturistica.com\/es\/wp-json\/wp\/v2\/posts\/169216","targetHints":{"allow":["GET"]}}],"collection":[{"href":"https:\/\/dimensionturistica.com\/es\/wp-json\/wp\/v2\/posts"}],"about":[{"href":"https:\/\/dimensionturistica.com\/es\/wp-json\/wp\/v2\/types\/post"}],"author":[{"embeddable":true,"href":"https:\/\/dimensionturistica.com\/es\/wp-json\/wp\/v2\/users\/4"}],"replies":[{"embeddable":true,"href":"https:\/\/dimensionturistica.com\/es\/wp-json\/wp\/v2\/comments?post=169216"}],"version-history":[{"count":0,"href":"https:\/\/dimensionturistica.com\/es\/wp-json\/wp\/v2\/posts\/169216\/revisions"}],"wp:featuredmedia":[{"embeddable":true,"href":"https:\/\/dimensionturistica.com\/es\/wp-json\/wp\/v2\/media\/169217"}],"wp:attachment":[{"href":"https:\/\/dimensionturistica.com\/es\/wp-json\/wp\/v2\/media?parent=169216"}],"wp:term":[{"taxonomy":"category","embeddable":true,"href":"https:\/\/dimensionturistica.com\/es\/wp-json\/wp\/v2\/categories?post=169216"},{"taxonomy":"post_tag","embeddable":true,"href":"https:\/\/dimensionturistica.com\/es\/wp-json\/wp\/v2\/tags?post=169216"}],"curies":[{"name":"wp","href":"https:\/\/api.w.org\/{rel}","templated":true}]}}