{"id":169022,"date":"2021-08-04T14:55:37","date_gmt":"2021-08-04T14:55:37","guid":{"rendered":"https:\/\/dimensionturistica.com\/es\/?p=169022"},"modified":"2021-08-04T14:55:38","modified_gmt":"2021-08-04T14:55:38","slug":"china-restringe-viajes-al-extranjero-de-la-ciudadania-ante-aumento-de-casos-por-covid-19","status":"publish","type":"post","link":"https:\/\/dimensionturistica.com\/es\/china-restringe-viajes-al-extranjero-de-la-ciudadania-ante-aumento-de-casos-por-covid-19\/","title":{"rendered":"China restringe viajes al extranjero de la ciudadan\u00eda ante aumento de casos por COVID-19"},"content":{"rendered":"<p> <br \/>\n<\/p>\n<div id=\"\">\n<p class=\"\"><a rel=\"nofollow noopener\" target=\"_blank\" href=\"https:\/\/larepublica.pe\/tag\/china\/\">China<\/a> anunci\u00f3 este mi\u00e9rcoles 4 de agosto el endurecimiento de las restricciones a sus ciudadanos que viajen al extranjero en medio de una nueva ola de contagios por <a rel=\"nofollow noopener\" target=\"_blank\" href=\"https:\/\/larepublica.pe\/tag\/covid-19\/\">COVID-19<\/a> en el pa\u00eds.<\/p>\n<p class=\"\"><a rel=\"nofollow noopener\" target=\"_blank\" href=\"https:\/\/larepublica.pe\/mundo\/2021\/08\/03\/alarma-por-variante-delta-como-el-coronavirus-resurgio-en-wuhan-14-meses-despues-de-desaparecido\/\">El coronavirus estaba casi erradicado en China<\/a> y la vida volv\u00eda a la normalidad con respecto a la primavera (boreal) de 2020 cuando se descubrieron nuevos casos del <b>virus<\/b> el mes pasado en Nank\u00edn (este), <mark class=\"hl_yellow\">un foco que se propag\u00f3 r\u00e1pidamente a 18 provincias del pa\u00eds. <\/mark><\/p>\n<p class=\"\">Para controlar la aparici\u00f3n de nuevos casos, los servicios de inmigraci\u00f3n dejar\u00e1n de expedir temporalmente a los ciudadanos chinos pasaportes y otros documentos necesarios para viajar al extranjero \u201ca menos que haya una raz\u00f3n imperiosa\u201d, dijo a los periodistas Liu Haitao, un responsable de la oficina de Inmigraci\u00f3n.<\/p>\n<p class=\"\"><mark class=\"hl_yellow\">China registr\u00f3 el mi\u00e9rcoles 71 nuevas infecciones,<\/mark> lo que equivale a cifras diarias de contagios con origen native del mes de enero.<\/p>\n<p class=\"\">Aunque los nuevos casos son relativamente pocos con respecto a las cifras de otros pa\u00edses, la extensi\u00f3n geogr\u00e1fica de este nuevo foco de contagios es la m\u00e1s importante de los \u00faltimos meses en <b>China<\/b>.<\/p>\n<p class=\"\">La curva de nuevos casos contin\u00faa en ascenso en el pa\u00eds, con lo que varias ciudades <a rel=\"nofollow noopener\" target=\"_blank\" href=\"https:\/\/larepublica.pe\/mundo\/2021\/08\/03\/china-ordena-pruebas-masivas-ante-los-peores-rebrotes-desde-el-inicio-de-la-pandemia\/\">buscan contener los brotes con rondas de test masivos y confinamientos parciales<\/a> en las hasta 144 zonas ahora consideradas de riesgo.<\/p>\n<p class=\"\">Asimismo, <mark class=\"hl_yellow\">los servicios de taxis, de autobuses interurbanos y de las plataformas de transporte privado han quedado suspendidos en estas zonas hasta nuevo aviso,<\/mark> agreg\u00f3 el Ministerio de Transporte.<\/p>\n<p class=\"\">Los rebrotes, <a rel=\"nofollow noopener\" target=\"_blank\" href=\"https:\/\/larepublica.pe\/mundo\/2021\/08\/02\/china-confina-a-millones-de-personas-para-luchar-contra-la-variante-delta-de-la-covid-19\/\">asociados a la variante Delta del virus<\/a>, se han propagado por diferentes puntos del pa\u00eds, con nuevos casos notificados este mi\u00e9rcoles en Hunan (centro, 15), Hubei (centro, 9), Shandong (este, 6), Yunnan (sur, 3), Henan (centro, 2) y Fujian (sureste, 1).<\/p>\n<p class=\"\">Expertos locales han expresado que la tasa de vacunaci\u00f3n y la experiencia acumulada impedir\u00e1n un gran brote por todo el pa\u00eds. Hasta ahora, <b>China<\/b> ha administrado 1.700 millones de dosis de sus vacunas contra la<b> COVID-19<\/b>, seg\u00fan la Comisi\u00f3n Nacional de Salud, que no publica datos de cu\u00e1ntas personas han recibido la pauta completa de vacunaci\u00f3n.<\/p>\n<p class=\"\">Con informaci\u00f3n de AFP y EFE<\/p>\n<div>\n<h3 class=\"linklist__headline\">China, \u00faltimas noticias:<\/h3>\n<\/div>\n<\/div>\n\n<p><em> &#8221; Fuentes larepublica.pe &#8221; <\/em><\/p>\n","protected":false},"excerpt":{"rendered":"<p>China anunci\u00f3 este mi\u00e9rcoles 4 de agosto el endurecimiento de las restricciones a sus ciudadanos que viajen al extranjero en medio de una nueva ola de contagios por COVID-19 en el pa\u00eds. El coronavirus estaba casi erradicado en China y la vida volv\u00eda a la normalidad con respecto a la primavera (boreal) de 2020 cuando [&hellip;]<\/p>\n","protected":false},"author":4,"featured_media":169023,"comment_status":"open","ping_status":"closed","sticky":false,"template":"","format":"standard","meta":{"om_disable_all_campaigns":false,"jnews-multi-image_gallery":[],"jnews_single_post":[],"jnews_primary_category":[],"jnews_social_meta":[],"footnotes":""},"categories":[39],"tags":[2405,55,510],"class_list":["post-169022","post","type-post","status-publish","format-standard","has-post-thumbnail","hentry","category-viajes","tag-china","tag-coronavirus","tag-covid-19"],"_links":{"self":[{"href":"https:\/\/dimensionturistica.com\/es\/wp-json\/wp\/v2\/posts\/169022","targetHints":{"allow":["GET"]}}],"collection":[{"href":"https:\/\/dimensionturistica.com\/es\/wp-json\/wp\/v2\/posts"}],"about":[{"href":"https:\/\/dimensionturistica.com\/es\/wp-json\/wp\/v2\/types\/post"}],"author":[{"embeddable":true,"href":"https:\/\/dimensionturistica.com\/es\/wp-json\/wp\/v2\/users\/4"}],"replies":[{"embeddable":true,"href":"https:\/\/dimensionturistica.com\/es\/wp-json\/wp\/v2\/comments?post=169022"}],"version-history":[{"count":0,"href":"https:\/\/dimensionturistica.com\/es\/wp-json\/wp\/v2\/posts\/169022\/revisions"}],"wp:featuredmedia":[{"embeddable":true,"href":"https:\/\/dimensionturistica.com\/es\/wp-json\/wp\/v2\/media\/169023"}],"wp:attachment":[{"href":"https:\/\/dimensionturistica.com\/es\/wp-json\/wp\/v2\/media?parent=169022"}],"wp:term":[{"taxonomy":"category","embeddable":true,"href":"https:\/\/dimensionturistica.com\/es\/wp-json\/wp\/v2\/categories?post=169022"},{"taxonomy":"post_tag","embeddable":true,"href":"https:\/\/dimensionturistica.com\/es\/wp-json\/wp\/v2\/tags?post=169022"}],"curies":[{"name":"wp","href":"https:\/\/api.w.org\/{rel}","templated":true}]}}