{"id":168190,"date":"2021-08-03T10:31:50","date_gmt":"2021-08-03T10:31:50","guid":{"rendered":"https:\/\/dimensionturistica.com\/es\/?p=168190"},"modified":"2021-08-03T10:31:51","modified_gmt":"2021-08-03T10:31:51","slug":"un-hombre-lobo-recala-en-la-terminal-de-cruceros-de-cartagena-teatro-del-mar-arranca-con-malnacido","status":"publish","type":"post","link":"https:\/\/dimensionturistica.com\/es\/un-hombre-lobo-recala-en-la-terminal-de-cruceros-de-cartagena-teatro-del-mar-arranca-con-malnacido\/","title":{"rendered":"Un hombre lobo recala en la terminal de cruceros de Cartagena: Teatro del Mar arranca con &#8216;Malnacido&#8217;"},"content":{"rendered":"<p> <br \/>\n<\/p>\n<div>\n<p>CARTAGENA. Con <a rel=\"nofollow noopener\" target=\"_blank\" href=\"https:\/\/murciaplaza.com\/UnhombreloboenMolinadeSegura\"><strong><em>Malnacido<\/em><\/strong><em>,<\/em><strong><em>\u00a0<\/em><\/strong>la obra escrita por<span>\u00a0<\/span><strong>Paco L\u00f3pez Mengual<\/strong><\/a>, se inaugura una nueva edici\u00f3n del renovado<span><strong>\u00a0<\/strong><\/span><strong>Teatro del Mar<\/strong>, que se celebrar\u00e1 en la <strong>terminal de cruceros del puerto de Cartagena<\/strong> desde <strong>este mi\u00e9rcoles hasta el 8 de agosto<\/strong>. La obra de misterio <strong>dirigida por<span>\u00a0<\/span>Joaqu\u00edn Lis\u00f3n<\/strong>, cuenta la historia del juicio a Romasanta, el hombre lobo gallego, quien en 1852 asesin\u00f3 a 13 personas en Orense. Las entradas cuestan 10 \u20ac y se pueden adquirir en la internet<span>\u00a0<\/span>cultura.cartagena.es.\u00a0<\/p>\n<p><em>Malnacido\u00a0<\/em>est\u00e1 basado en la historia de un personaje actual, Manuel Blanco Romasanta, el hombre lobo gallego, un asesino en serie que lleg\u00f3 a matar a trece ni\u00f1os y mujeres en los bosques de Galicia. Una historia ocurrida durante la primera mitad del siglo XIX, donde se mezclan las supersticiones, las infancias dif\u00edciles y desgraciadas, la pobreza y los desequilibrios mentales.<\/p>\n<p>Romasanta fue detenido, juzgado y condenado a morir a garrote vil. Ante la s\u00faplica de un physician franc\u00e9s, unos d\u00edas antes de ser ajusticiado, la reina<span>\u00a0<\/span>Isabel II firm\u00f3 la conmutaci\u00f3n de la pena de muerte por una de cadena perpetua para<span>\u00a0<\/span>poder ser estudiado por la ciencia. El relato del hombre lobo de Ourense ha sido llevado en dos ocasiones al cine y, tambi\u00e9n, dos veces narrado en novela.\u00a0Esta es la primera vez que se lleva al teatro<span>\u00a0<\/span>y lo hace con un texto escrito por Paco L\u00f3pez Mengual.<\/p>\n<p><em>Malnacido\u00a0<\/em>est\u00e1 concebido en forma de mon\u00f3logo. La obra, lejos de quedarse en la easy narraci\u00f3n del caso, intenta hacer reflexionar al espectador si la sociedad puede producir hombres lobo, monstruos.<\/p>\n<p>Tras esta representaci\u00f3n, est\u00e1n programadas las obras<span>\u00a0<\/span><em>Por ellas<\/em> (4 de agosto);<a rel=\"nofollow noopener\" target=\"_blank\" href=\"https:\/\/murciaplaza.com\/GlubspondracentomurcianoalosPremiosMaxcompitecomomejorespectculodecalle\"> la nominada a un Premio Max Glubs <\/a>(5 de agosto);<span>\u00a0<\/span><em>Es mi h\u00e9roe<\/em> (6 de agosto);<span>\u00a0<\/span><em>Clows<\/em> (7 de agosto) y <em>Coriolano\u00a0<\/em>(8 de agosto).\u00a0<\/p>\n<\/div>\n<p><script>\n    !function(f,b,e,v,n,t,s)\n    {if(f.fbq)return;n=f.fbq=function(){n.callMethod?\n            n.callMethod.apply(n,arguments):n.queue.push(arguments)};\n        if(!f._fbq)f._fbq=n;n.push=n;n.loaded=!0;n.version='2.0';\n        n.queue=[];t=b.createElement(e);t.async=!0;\n        t.src=v;s=b.getElementsByTagName(e)[0];\n        s.parentNode.insertBefore(t,s)}(window, document,'script',\n            'https:\/\/connect.facebook.net\/en_US\/fbevents.js');\n    fbq('init', '442703999710590');\n    fbq('track', 'PageView');\n<\/script><br \/>\n<br \/><\/p>\n<p><em> &#8221; Fuentes murciaplaza.com &#8221; <\/em><\/p>\n","protected":false},"excerpt":{"rendered":"<p>CARTAGENA. Con Malnacido,\u00a0la obra escrita por\u00a0Paco L\u00f3pez Mengual, se inaugura una nueva edici\u00f3n del renovado\u00a0Teatro del Mar, que se celebrar\u00e1 en la terminal de cruceros del puerto de Cartagena desde este mi\u00e9rcoles hasta el 8 de agosto. La obra de misterio dirigida por\u00a0Joaqu\u00edn Lis\u00f3n, cuenta la historia del juicio a Romasanta, el hombre lobo gallego, [&hellip;]<\/p>\n","protected":false},"author":4,"featured_media":168191,"comment_status":"open","ping_status":"closed","sticky":false,"template":"","format":"standard","meta":{"om_disable_all_campaigns":false,"jnews-multi-image_gallery":[],"jnews_single_post":[],"jnews_primary_category":[],"jnews_social_meta":[],"footnotes":""},"categories":[41],"tags":[28868,7722,28867,14297],"class_list":["post-168190","post","type-post","status-publish","format-standard","has-post-thumbnail","hentry","category-cruceros","tag-malnacido","tag-puerto-de-cartagena","tag-teatro-del-mar","tag-terminal-de-cruceros"],"_links":{"self":[{"href":"https:\/\/dimensionturistica.com\/es\/wp-json\/wp\/v2\/posts\/168190","targetHints":{"allow":["GET"]}}],"collection":[{"href":"https:\/\/dimensionturistica.com\/es\/wp-json\/wp\/v2\/posts"}],"about":[{"href":"https:\/\/dimensionturistica.com\/es\/wp-json\/wp\/v2\/types\/post"}],"author":[{"embeddable":true,"href":"https:\/\/dimensionturistica.com\/es\/wp-json\/wp\/v2\/users\/4"}],"replies":[{"embeddable":true,"href":"https:\/\/dimensionturistica.com\/es\/wp-json\/wp\/v2\/comments?post=168190"}],"version-history":[{"count":0,"href":"https:\/\/dimensionturistica.com\/es\/wp-json\/wp\/v2\/posts\/168190\/revisions"}],"wp:featuredmedia":[{"embeddable":true,"href":"https:\/\/dimensionturistica.com\/es\/wp-json\/wp\/v2\/media\/168191"}],"wp:attachment":[{"href":"https:\/\/dimensionturistica.com\/es\/wp-json\/wp\/v2\/media?parent=168190"}],"wp:term":[{"taxonomy":"category","embeddable":true,"href":"https:\/\/dimensionturistica.com\/es\/wp-json\/wp\/v2\/categories?post=168190"},{"taxonomy":"post_tag","embeddable":true,"href":"https:\/\/dimensionturistica.com\/es\/wp-json\/wp\/v2\/tags?post=168190"}],"curies":[{"name":"wp","href":"https:\/\/api.w.org\/{rel}","templated":true}]}}