{"id":168005,"date":"2021-08-03T00:56:16","date_gmt":"2021-08-03T00:56:16","guid":{"rendered":"https:\/\/dimensionturistica.com\/es\/?p=168005"},"modified":"2021-08-03T00:56:17","modified_gmt":"2021-08-03T00:56:17","slug":"armada-busca-unas-13-personas-que-habrian-desaparecidos-en-viaje-ilegal","status":"publish","type":"post","link":"https:\/\/dimensionturistica.com\/es\/armada-busca-unas-13-personas-que-habrian-desaparecidos-en-viaje-ilegal\/","title":{"rendered":"Armada busca unas 13 personas que habr\u00edan desaparecidos en viaje ilegal"},"content":{"rendered":"<p> <br \/>\n<\/p>\n<div>\n<div class=\"paragraph\" mlnid=\"idcon=16955760;order=7.0\">\n<p>La Armada de la Rep\u00fablica Dominicana inform\u00f3 este lunes que est\u00e1 en labor de patrullaje desde el pasado mi\u00e9rcoles 28 de julio con el objetivo de ubicar a aproximadamente <b>12 o 13 personas <\/b>que presuntamente salieron en un viaje ilegal hacia Puerto Rico.<\/p>\n<p>En sus redes sociales, la Armada indic\u00f3 que las labores de b\u00fasqueda y rescate se realizan en el litoral mar\u00edtimo de Miches hasta las inmediaciones del canal de la Mona.<\/p>\n<p>Tambi\u00e9n con la colaboraci\u00f3n del servicio de Guardacostas de Estados Unidos, Management de Fronteras y otras agencias, sin que hasta el momento se haya obtenido informaci\u00f3n ver\u00eddica o resultados de dicha b\u00fasqueda.<\/p>\n<\/p><\/div>\n<div class=\"paragraph\" mlnid=\"idcon=16955899;order=9.0\">\n<p>El viaje ilegal se habr\u00eda realizado desde la referida zona costera del pa\u00eds.<\/p>\n<p>Un guardacostas, botes de reacci\u00f3n, una lancha interceptora y private de infanter\u00eda de marina son parte del esfuerzo desplegado para garantizar la seguridad mar\u00edtima y la vida de personas<\/p>\n<\/p><\/div><\/div>\n\n<p><em> &#8221; Fuentes www.diariolibre.com &#8221; <\/em><\/p>\n","protected":false},"excerpt":{"rendered":"<p>La Armada de la Rep\u00fablica Dominicana inform\u00f3 este lunes que est\u00e1 en labor de patrullaje desde el pasado mi\u00e9rcoles 28 de julio con el objetivo de ubicar a aproximadamente 12 o 13 personas que presuntamente salieron en un viaje ilegal hacia Puerto Rico. En sus redes sociales, la Armada indic\u00f3 que las labores de b\u00fasqueda [&hellip;]<\/p>\n","protected":false},"author":4,"featured_media":168006,"comment_status":"open","ping_status":"closed","sticky":false,"template":"","format":"standard","meta":{"om_disable_all_campaigns":false,"jnews-multi-image_gallery":[],"jnews_single_post":[],"jnews_primary_category":[],"jnews_social_meta":[],"footnotes":""},"categories":[40],"tags":[1429],"class_list":["post-168005","post","type-post","status-publish","format-standard","has-post-thumbnail","hentry","category-industria","tag-santo-domingo"],"_links":{"self":[{"href":"https:\/\/dimensionturistica.com\/es\/wp-json\/wp\/v2\/posts\/168005","targetHints":{"allow":["GET"]}}],"collection":[{"href":"https:\/\/dimensionturistica.com\/es\/wp-json\/wp\/v2\/posts"}],"about":[{"href":"https:\/\/dimensionturistica.com\/es\/wp-json\/wp\/v2\/types\/post"}],"author":[{"embeddable":true,"href":"https:\/\/dimensionturistica.com\/es\/wp-json\/wp\/v2\/users\/4"}],"replies":[{"embeddable":true,"href":"https:\/\/dimensionturistica.com\/es\/wp-json\/wp\/v2\/comments?post=168005"}],"version-history":[{"count":0,"href":"https:\/\/dimensionturistica.com\/es\/wp-json\/wp\/v2\/posts\/168005\/revisions"}],"wp:featuredmedia":[{"embeddable":true,"href":"https:\/\/dimensionturistica.com\/es\/wp-json\/wp\/v2\/media\/168006"}],"wp:attachment":[{"href":"https:\/\/dimensionturistica.com\/es\/wp-json\/wp\/v2\/media?parent=168005"}],"wp:term":[{"taxonomy":"category","embeddable":true,"href":"https:\/\/dimensionturistica.com\/es\/wp-json\/wp\/v2\/categories?post=168005"},{"taxonomy":"post_tag","embeddable":true,"href":"https:\/\/dimensionturistica.com\/es\/wp-json\/wp\/v2\/tags?post=168005"}],"curies":[{"name":"wp","href":"https:\/\/api.w.org\/{rel}","templated":true}]}}