{"id":167124,"date":"2021-07-31T12:48:15","date_gmt":"2021-07-31T12:48:15","guid":{"rendered":"https:\/\/dimensionturistica.com\/es\/?p=167124"},"modified":"2021-07-31T12:48:16","modified_gmt":"2021-07-31T12:48:16","slug":"cuales-son-los-atractivos-turisticos-mas-visitados-de-mendoza","status":"publish","type":"post","link":"https:\/\/dimensionturistica.com\/es\/cuales-son-los-atractivos-turisticos-mas-visitados-de-mendoza\/","title":{"rendered":"Cu\u00e1les son los atractivos tur\u00edsticos m\u00e1s visitados de Mendoza"},"content":{"rendered":"<p> <br \/>\n<\/p>\n<div>\n<p class=\"paragraph\">Que Argentina es un pa\u00eds hermoso no es novedad. Cada provincia tiene particularidades que la hacen \u00fanica y es un placer recorrer de norte a sur y de este a oeste nuestro pa\u00eds. Una de las provincias que se destaca por la <b>variedad de atracciones tur\u00edsticas <\/b>que tiene es <b>Mendoza<\/b>.<\/p>\n<p class=\"paragraph\">Conocida como la provincia del vino, <a rel=\"nofollow noopener\" target=\"_blank\" href=\"https:\/\/tn.com.ar\/sociedad\/2021\/06\/28\/las-postales-que-dejo-la-nevada-en-cordoba-y-mendoza\/\">Mendoza tiene una variedad de paisajes \u00fanica<\/a>: pod\u00e9s ver <b>nieve <\/b>en la <b>cordillera andina<\/b>, <b>agua <\/b>en el <b>R\u00edo Mendoza<\/b> y formaciones rocosas con el <b>Ca\u00f1\u00f3n del Atuel<\/b> o el <b>Puente del Inca<\/b>. A trav\u00e9s de los paisajes, nacen una cantidad de actividades interesantes para hacer.<\/p>\n<p class=\"interstitial--link margin_top-md margin_bottom-md\"><span class=\"interstitial--link_slash\">\/\/ <\/span><a rel=\"nofollow noopener\" target=\"_blank\" class=\"text_align_left italic semi_bold margin-auto\" href=\"https:\/\/tn.com.ar\/sociedad\/2021\/07\/23\/mendoza-fue-elegida-por-la-revista-time-como-uno-de-los-100-mejores-destinos-del-mundo\/\">Mendoza fue elegida por la revista Time como uno de los 100 mejores destinos del mundo<\/a><\/p>\n<p class=\"paragraph\">Ojo, los paisajes no son lo \u00fanico que tiene, puesto que <a rel=\"nofollow noopener\" target=\"_blank\" href=\"https:\/\/tn.com.ar\/sociedad\/2021\/06\/11\/mendoza-se-anticipa-a-las-vacaciones-y-vacuna-a-gastronomicos-hoteleros-y-personal-de-la-terminal-de-omnibus\/\">cuenta con una gran cantidad de sitios de inter\u00e9s hist\u00f3ricos<\/a>, <b>museos para recorrer<\/b> y conocer sobre la provincia, y <b>bodegas <\/b>para adentrarse en la elaboraci\u00f3n del <i>vino<\/i>. Te mostramos los diez lugares que no te <b>pod\u00e9s <\/b>perder de <b>Mendoza<\/b>.<\/p>\n<figure>\n<div class=\"aspect_ratio__container\" style=\"--aspect-ratio:1500\/1500\"><picture class=\"responsive-image\"><source type=\"image\/jpg\" media=\"(max-width: 728px)\" srcset=\"https:\/\/tn.com.ar\/resizer\/fsC3NvRjdny0-nDWc-RJYabAXEY=\/767x0\/smart\/filters:quality(60)\/cloudfront-us-east-1.images.arcpublishing.com\/artear\/VEZ5BLY6KRDJPIIMHI3ZSQJT2I.jpg\"\/><source type=\"image\/jpg\" media=\"(max-width: 1023px)\" srcset=\"https:\/\/tn.com.ar\/resizer\/gRlC8aEGlw4eZEhEhdg70pSJXzc=\/1023x0\/smart\/filters:quality(60)\/cloudfront-us-east-1.images.arcpublishing.com\/artear\/VEZ5BLY6KRDJPIIMHI3ZSQJT2I.jpg\"\/><source type=\"image\/jpg\" srcset=\"https:\/\/tn.com.ar\/resizer\/wRUkrkqbYgfqxTu_HP3pJIZwuh8=\/1440x0\/smart\/filters:quality(60)\/cloudfront-us-east-1.images.arcpublishing.com\/artear\/VEZ5BLY6KRDJPIIMHI3ZSQJT2I.jpg\"\/><img decoding=\"async\" loading=\"lazy\" class=\"margin_bottom image flex flex_column image_placeholder\" src=\"https:\/\/tn.com.ar\/resizer\/fsC3NvRjdny0-nDWc-RJYabAXEY=\/767x0\/smart\/filters:quality(60)\/cloudfront-us-east-1.images.arcpublishing.com\/artear\/VEZ5BLY6KRDJPIIMHI3ZSQJT2I.jpg\"\/><\/picture><\/div><figcaption class=\"flex flex_column margin_top-xxs caption_image\"\/><\/figure>\n<h2 class=\"font--primary\">1. Parque Provincial Aconcagua<\/h2>\n<p class=\"paragraph\">Se encuentra en el departamento de <b>Las Heras,<\/b> a 165 kil\u00f3metros de la ciudad de Mendoza y es parte del <b>pico m\u00e1s alto de Am\u00e9rica.<\/b> La excursi\u00f3n, l\u00f3gicamente, no permite subir a <a rel=\"nofollow noopener\" target=\"_blank\" href=\"https:\/\/tn.com.ar\/show\/novedades\/2020\/06\/24\/el-dia-que-debora-perez-volpin-llevo-por-primera-vez-una-camara-a-la-cima-del-aconcagua\/\">la cima de 6960 metros del Aconcagua<\/a>, pero el viaje en auto llega <b>a pocos kil\u00f3metros de la frontera con Chile<\/b> y permite viajar con un paisaje imperdible.<\/p>\n<figure>\n<div class=\"aspect_ratio__container\" style=\"--aspect-ratio:700\/524\"><picture class=\"responsive-image\"><source type=\"image\/jpg\" media=\"(max-width: 728px)\" srcset=\"https:\/\/tn.com.ar\/resizer\/dprqdz9pnsBKb_oPR0RkY3GAI9Y=\/767x0\/smart\/filters:quality(60)\/cloudfront-us-east-1.images.arcpublishing.com\/artear\/QAEEWAIUDJEODPG43NZUY3DTSI.jpg\"\/><source type=\"image\/jpg\" media=\"(max-width: 1023px)\" srcset=\"https:\/\/tn.com.ar\/resizer\/iWMmtS-GaO-mMeq7b-TAXXTBMRg=\/1023x0\/smart\/filters:quality(60)\/cloudfront-us-east-1.images.arcpublishing.com\/artear\/QAEEWAIUDJEODPG43NZUY3DTSI.jpg\"\/><source type=\"image\/jpg\" srcset=\"https:\/\/tn.com.ar\/resizer\/6GVDueHOAK8cZ_pQ6jKK3EtoFwc=\/1440x0\/smart\/filters:quality(60)\/cloudfront-us-east-1.images.arcpublishing.com\/artear\/QAEEWAIUDJEODPG43NZUY3DTSI.jpg\"\/><img decoding=\"async\" loading=\"lazy\" class=\"margin_bottom image flex flex_column image_placeholder\" src=\"https:\/\/tn.com.ar\/resizer\/dprqdz9pnsBKb_oPR0RkY3GAI9Y=\/767x0\/smart\/filters:quality(60)\/cloudfront-us-east-1.images.arcpublishing.com\/artear\/QAEEWAIUDJEODPG43NZUY3DTSI.jpg\"\/><\/picture><\/div><figcaption class=\"flex flex_column margin_top-xxs caption_image\">El Parque Nacional Aconcagua es uno de los principales atractivos tur\u00edsticos de Mendoza. (Foto: Prensa Mendoza).<\/figcaption><\/figure>\n<p class=\"paragraph\">El parque posee valores arqueol\u00f3gicos, incluso el mismo cerro <b>Aconcagua <\/b>period un <b>sitio ceremonial de los incas<\/b>, raz\u00f3n por la cual forma parte del sistema vial andino<b> \u201cQhapac \u00d1an\u201d<\/b>, conocido como Camino del Inca,<a rel=\"nofollow noopener\" target=\"_blank\" href=\"https:\/\/tn.com.ar\/sociedad\/2021\/03\/18\/semana-santa-en-mendoza-5-lugares-unicos-para-conocer\/\"> declarado <b>Patrimonio Mundial <\/b>por la <b>Unesco<\/b>.<\/a><\/p>\n<h2 class=\"font--primary\">2. Puente del Inca<\/h2>\n<p class=\"paragraph\">Se encuentra cercano al <b>Parque Provincial Aconcagua<\/b> y tambi\u00e9n fue declarado Patrimonio Mundial por la Unesco. Es una formaci\u00f3n rocosa muy specific, que fue atravesada por el r\u00edo Las Cuevas y termin\u00f3 formando un <b>puente pure por el que fluyen hasta aguas termales.<\/b><\/p>\n<figure>\n<div class=\"aspect_ratio__container\" style=\"--aspect-ratio:700\/525\"><picture class=\"responsive-image\"><source type=\"image\/jpg\" media=\"(max-width: 728px)\" srcset=\"https:\/\/tn.com.ar\/resizer\/s6K0cwdAoJsMsTpqp48O6yJCJRw=\/767x0\/smart\/filters:quality(60)\/cloudfront-us-east-1.images.arcpublishing.com\/artear\/SFWH7L6SM5GTDIUJCOII5X5PNE.jpg\"\/><source type=\"image\/jpg\" media=\"(max-width: 1023px)\" srcset=\"https:\/\/tn.com.ar\/resizer\/3BGNRWlN_iGOLCSLUQxIwGQJWtE=\/1023x0\/smart\/filters:quality(60)\/cloudfront-us-east-1.images.arcpublishing.com\/artear\/SFWH7L6SM5GTDIUJCOII5X5PNE.jpg\"\/><source type=\"image\/jpg\" srcset=\"https:\/\/tn.com.ar\/resizer\/FXOEsygSqN-sGaKeJ-lreRVLqSs=\/1440x0\/smart\/filters:quality(60)\/cloudfront-us-east-1.images.arcpublishing.com\/artear\/SFWH7L6SM5GTDIUJCOII5X5PNE.jpg\"\/><img decoding=\"async\" loading=\"lazy\" class=\"margin_bottom image flex flex_column image_placeholder\" src=\"https:\/\/tn.com.ar\/resizer\/s6K0cwdAoJsMsTpqp48O6yJCJRw=\/767x0\/smart\/filters:quality(60)\/cloudfront-us-east-1.images.arcpublishing.com\/artear\/SFWH7L6SM5GTDIUJCOII5X5PNE.jpg\"\/><\/picture><\/div><figcaption class=\"flex flex_column margin_top-xxs caption_image\">Ubicado a 2750 metros sobre el nivel del mar, el Puente del Inca hoy es intransitable aunque es digno de admirar. (Foto: Prensa Mendoza).<\/figcaption><\/figure>\n<p class=\"paragraph\">De porte impotente, el Puente del Inca es un <b>lugar very best para los amantes de la historia<\/b>, de la antropolog\u00eda y de la geograf\u00eda pure que tiene <b>Mendoza<\/b>. El tr\u00e1nsito sobre el Puente Pure fue <b>cerrado al p\u00fablico en el 2006<\/b> debido a que se detectaron corrimientos y hundimientos en las salas de los ba\u00f1os termales.<\/p>\n<h2 class=\"font--primary\">3. Ca\u00f1\u00f3n del Atuel<\/h2>\n<p class=\"paragraph\">Tiene su origen en la period paleozoica y la erosi\u00f3n de los a\u00f1os formaron un <b>paisaje sinuoso<\/b>, con una torrente de agua que desemboca en el Embalse Valle Grande. Es la conjunci\u00f3n perfecta de<b> paisajes imponentes, actividades n\u00e1uticas y la aventura.<\/b><\/p>\n<figure>\n<div class=\"aspect_ratio__container\" style=\"--aspect-ratio:2235\/1176\"><picture class=\"responsive-image\"><source type=\"image\/jpg\" media=\"(max-width: 728px)\" srcset=\"https:\/\/tn.com.ar\/resizer\/qJwe72x0NxXMhZwGVCdoFT2SVc4=\/767x0\/smart\/filters:quality(60)\/cloudfront-us-east-1.images.arcpublishing.com\/artear\/V2URLXQ55JABXCL367S3HIER7Q.jpg\"\/><source type=\"image\/jpg\" media=\"(max-width: 1023px)\" srcset=\"https:\/\/tn.com.ar\/resizer\/dcwBgstulkaeadJscYBhQQ8UkNI=\/1023x0\/smart\/filters:quality(60)\/cloudfront-us-east-1.images.arcpublishing.com\/artear\/V2URLXQ55JABXCL367S3HIER7Q.jpg\"\/><source type=\"image\/jpg\" srcset=\"https:\/\/tn.com.ar\/resizer\/vZFeve3I6rWs2ZfNztsbr8htbQs=\/1440x0\/smart\/filters:quality(60)\/cloudfront-us-east-1.images.arcpublishing.com\/artear\/V2URLXQ55JABXCL367S3HIER7Q.jpg\"\/><img decoding=\"async\" loading=\"lazy\" class=\"margin_bottom image flex flex_column image_placeholder\" src=\"https:\/\/tn.com.ar\/resizer\/qJwe72x0NxXMhZwGVCdoFT2SVc4=\/767x0\/smart\/filters:quality(60)\/cloudfront-us-east-1.images.arcpublishing.com\/artear\/V2URLXQ55JABXCL367S3HIER7Q.jpg\"\/><\/picture><\/div><figcaption class=\"flex flex_column margin_top-xxs caption_image\">El r\u00edo Atuel cortar con su paso la Sierra Pintada, y da origen al ca\u00f1\u00f3n de \u200b50 \u200bkil\u00f3metros de longitud.<\/figcaption><\/figure>\n<p class=\"paragraph\">Con una extensi\u00f3n de 36 kil\u00f3metros,<a rel=\"nofollow noopener\" target=\"_blank\" href=\"https:\/\/tn.com.ar\/sociedad\/2021\/04\/02\/un-impresionante-tornado-se-desato-a-los-pies-de-la-cordillera-en-mendoza-y-los-vecinos-grabaron-el-momento\/\"> el Ca\u00f1\u00f3n del Atuel junto con el r\u00edo Atuel<\/a> son una de las grandes atracciones a la hora de realizar actividades deportivas. <b>Es uno de los mejores sitios para hacer rafting <\/b>en todo el pa\u00eds.<\/p>\n<h2 class=\"font--primary\">4. Las Le\u00f1as<\/h2>\n<p class=\"paragraph\">\u00bfQui\u00e9n no ha tenido el sue\u00f1o de hacer esqu\u00ed en Las Le\u00f1as? En pleno coraz\u00f3n de la <b>Cordillera de los Andes<\/b> se encuentra este centro esqu\u00ed, que es el n\u00famero uno de<b> Am\u00e9rica Latina<\/b>. Cabe destacar que es una de las <b>actividades m\u00e1s costosas para unas vacaciones<\/b>, pero <a rel=\"nofollow noopener\" target=\"_blank\" href=\"https:\/\/tn.com.ar\/sociedad\/2021\/07\/09\/como-hacer-el-cruce-de-la-cordillera-de-los-andes-a-caballo\/\">las sensaciones sobre la nieve valen la pena.<\/a><\/p>\n<figure>\n<div class=\"aspect_ratio__container\" style=\"--aspect-ratio:768\/432\"><picture class=\"responsive-image\"><source type=\"image\/jpg\" media=\"(max-width: 728px)\" srcset=\"https:\/\/tn.com.ar\/resizer\/8OV6utY6ktSCkikq1pT6MBGyDIg=\/767x0\/smart\/filters:quality(60)\/cloudfront-us-east-1.images.arcpublishing.com\/artear\/MJEXRVHBERA2RDEUYY53ZOPIMA.jpg\"\/><source type=\"image\/jpg\" media=\"(max-width: 1023px)\" srcset=\"https:\/\/tn.com.ar\/resizer\/9N1R8RGOYMkNuhbThGB5tgOAhSA=\/1023x0\/smart\/filters:quality(60)\/cloudfront-us-east-1.images.arcpublishing.com\/artear\/MJEXRVHBERA2RDEUYY53ZOPIMA.jpg\"\/><source type=\"image\/jpg\" srcset=\"https:\/\/tn.com.ar\/resizer\/6nLIvV0_oHTYs6I_anBBdT_LexE=\/1440x0\/smart\/filters:quality(60)\/cloudfront-us-east-1.images.arcpublishing.com\/artear\/MJEXRVHBERA2RDEUYY53ZOPIMA.jpg\"\/><img decoding=\"async\" loading=\"lazy\" class=\"margin_bottom image flex flex_column image_placeholder\" src=\"https:\/\/tn.com.ar\/resizer\/8OV6utY6ktSCkikq1pT6MBGyDIg=\/767x0\/smart\/filters:quality(60)\/cloudfront-us-east-1.images.arcpublishing.com\/artear\/MJEXRVHBERA2RDEUYY53ZOPIMA.jpg\"\/><\/picture><\/div><figcaption class=\"flex flex_column margin_top-xxs caption_image\">Con un complejo very best para el esqu\u00ed, Las Le\u00f1as es otro de los principales atractivos tur\u00edsticos de Mendoza. (Foto: T\u00e9lam)<\/figcaption><\/figure>\n<p class=\"paragraph\">Su base est\u00e1 a<b> 2.240 metros de altura sobre el nivel del mar<\/b> y su cumbre a 3.430 metros. En el camino de acceso a Las Le\u00f1as y el entorno hay otros rincones naturales de inter\u00e9s como la <b>Laguna de La Ni\u00f1a Encantada<\/b> o el <b>Pozo de las \u00c1nimas<\/b>.<\/p>\n<h2 class=\"font--primary\">5. Vi\u00f1edos<\/h2>\n<p class=\"paragraph\">El coraz\u00f3n de <b>Mendoza<\/b>. La actividad vitivin\u00edcola <a rel=\"nofollow noopener\" target=\"_blank\" href=\"https:\/\/tn.com.ar\/sociedad\/2021\/05\/30\/un-viaje-a-mendoza-a-traves-de-cuatro-bodegas-historicas\/\">es la m\u00e1s importante de toda la provincia<\/a>, producto del clima y de las condiciones geogr\u00e1ficas naturales, y siempre hay que tomarse un tiempo para <b>recorrer diferentes bodegas y vi\u00f1edos.<\/b><\/p>\n<figure>\n<div class=\"aspect_ratio__container\" style=\"--aspect-ratio:735\/554\"><picture class=\"responsive-image\"><source type=\"image\/jpg\" media=\"(max-width: 728px)\" srcset=\"https:\/\/tn.com.ar\/resizer\/ZfVC0KkPJ7bTo-vigmaPOZNsJjw=\/767x0\/smart\/filters:quality(60)\/cloudfront-us-east-1.images.arcpublishing.com\/artear\/NKP5EL6PAZEJNIOAQYU7EHBDNM.jpg\"\/><source type=\"image\/jpg\" media=\"(max-width: 1023px)\" srcset=\"https:\/\/tn.com.ar\/resizer\/Xea0c0wcNsTSYKLKa6P7LXGL6r4=\/1023x0\/smart\/filters:quality(60)\/cloudfront-us-east-1.images.arcpublishing.com\/artear\/NKP5EL6PAZEJNIOAQYU7EHBDNM.jpg\"\/><source type=\"image\/jpg\" srcset=\"https:\/\/tn.com.ar\/resizer\/4D3evlXbLLjhHC1hLu-m3ixO7uM=\/1440x0\/smart\/filters:quality(60)\/cloudfront-us-east-1.images.arcpublishing.com\/artear\/NKP5EL6PAZEJNIOAQYU7EHBDNM.jpg\"\/><img decoding=\"async\" loading=\"lazy\" class=\"margin_bottom image flex flex_column image_placeholder\" src=\"https:\/\/tn.com.ar\/resizer\/ZfVC0KkPJ7bTo-vigmaPOZNsJjw=\/767x0\/smart\/filters:quality(60)\/cloudfront-us-east-1.images.arcpublishing.com\/artear\/NKP5EL6PAZEJNIOAQYU7EHBDNM.jpg\"\/><\/picture><\/div><figcaption class=\"flex flex_column margin_top-xxs caption_image\">Los vi\u00f1edos mendocinos, un lugar que no te podes perder de Mendoza.(Foto: mendoza.puntoapunto)<\/figcaption><\/figure>\n<p class=\"paragraph\">Los principales vi\u00f1edos se encuentran en los departamentos de <b>Guaymall\u00e9n<\/b>, <b>Godoy Cruz<\/b>, <b>Maip\u00fa <\/b>y <b>Luj\u00e1n de Cuyo<\/b>, entre otros, pero en cualquier lugar de la provincia vas a poder <a rel=\"nofollow noopener\" target=\"_blank\" href=\"https:\/\/tn.com.ar\/salud\/noticias\/2021\/05\/17\/revelan-que-una-copa-diaria-de-vino-tinto-puede-disminuir-el-colesterol-total-y-aumentar-el-bueno\/\">degustar de un buen vino.<\/a><\/p>\n<h2 class=\"font--primary\">6. Termas de Cacheuta<\/h2>\n<p class=\"paragraph\">Como mencionamos al hablar del Puente del Inca, Mendoza tiene yacimientos de aguas termales en <a rel=\"nofollow noopener\" target=\"_blank\" href=\"https:\/\/tn.com.ar\/sociedad\/2021\/04\/23\/los-3-paseos-imperdibles-de-lujan-de-cuyo\/\">una gran cantidad de lugares de la provincia<\/a>. Las famosas son las Termas de Cacheuta, que est\u00e1n <b>a 164 kil\u00f3metros de la ciudad de Mendoza<\/b> y lindantes al <b>Dique Potrerillos.<\/b><\/p>\n<figure>\n<div class=\"aspect_ratio__container\" style=\"--aspect-ratio:1200\/900\"><picture class=\"responsive-image\"><source type=\"image\/jpg\" media=\"(max-width: 728px)\" srcset=\"https:\/\/tn.com.ar\/resizer\/piQP19DDw9zT9UO4OIT7_DSBmgU=\/767x0\/smart\/filters:quality(60)\/cloudfront-us-east-1.images.arcpublishing.com\/artear\/ABJOV7NCAFEMZFMBVCQQLAWW6E.jpg\"\/><source type=\"image\/jpg\" media=\"(max-width: 1023px)\" srcset=\"https:\/\/tn.com.ar\/resizer\/Och0RcHx8pe2fxbOfEbcX-KagrM=\/1023x0\/smart\/filters:quality(60)\/cloudfront-us-east-1.images.arcpublishing.com\/artear\/ABJOV7NCAFEMZFMBVCQQLAWW6E.jpg\"\/><source type=\"image\/jpg\" srcset=\"https:\/\/tn.com.ar\/resizer\/0byCXR_NhwhNJ2zzdmUWLcHQ6ZU=\/1440x0\/smart\/filters:quality(60)\/cloudfront-us-east-1.images.arcpublishing.com\/artear\/ABJOV7NCAFEMZFMBVCQQLAWW6E.jpg\"\/><img decoding=\"async\" loading=\"lazy\" class=\"margin_bottom image flex flex_column image_placeholder\" src=\"https:\/\/tn.com.ar\/resizer\/piQP19DDw9zT9UO4OIT7_DSBmgU=\/767x0\/smart\/filters:quality(60)\/cloudfront-us-east-1.images.arcpublishing.com\/artear\/ABJOV7NCAFEMZFMBVCQQLAWW6E.jpg\"\/><\/picture><\/div><figcaption class=\"flex flex_column margin_top-xxs caption_image\">El parque acu\u00e1tico de las Termas de Cacheuta es uno de los lugares m\u00e1s interesantes para visitar en familia. (Foto: Prensa Termas de Cacheuta).<\/figcaption><\/figure>\n<p class=\"paragraph\">El famoso complejo cuenta con <b>piscinas exteriores e interiores<\/b>, piscina de olas, parque infantil y un r\u00edo Lento. Las <b>temperaturas <\/b>del agua oscilan <b>entre los 28\u202f\u00b0C y los 50\u202f\u00b0C y <\/b>hasta cuentan con camas de burbujas y masajes incluidos.<\/p>\n<h2 class=\"font--primary\">7. Reserva de Payunia<\/h2>\n<p class=\"paragraph\">En el ida y vuelta que tiene <b>Mendoza <\/b>con los paisajes rocosos, la nieve y el agua, al sur de la provincia se encuentra este lugar imperdible al que se accede a trav\u00e9s de la <b>Ruta Nacional 40<\/b>. Cuenta con m\u00e1s de<b> 800 conos volc\u00e1nicos<\/b> donde se extienden planicies de lava relativamente recientes, con un aspecto desolado y despojado muy specific.<\/p>\n<figure>\n<div class=\"aspect_ratio__container\" style=\"--aspect-ratio:700\/467\"><picture class=\"responsive-image\"><source type=\"image\/jpg\" media=\"(max-width: 728px)\" srcset=\"https:\/\/tn.com.ar\/resizer\/4GfofEUQ4EdFpxmaGYvjYpqvBj4=\/767x0\/smart\/filters:quality(60)\/cloudfront-us-east-1.images.arcpublishing.com\/artear\/5MQK5FWWZNE3HIRM6EOZNSTPWU.jpg\"\/><source type=\"image\/jpg\" media=\"(max-width: 1023px)\" srcset=\"https:\/\/tn.com.ar\/resizer\/CO-K9VPNHxHBQqpndK0_I0zp8B4=\/1023x0\/smart\/filters:quality(60)\/cloudfront-us-east-1.images.arcpublishing.com\/artear\/5MQK5FWWZNE3HIRM6EOZNSTPWU.jpg\"\/><source type=\"image\/jpg\" srcset=\"https:\/\/tn.com.ar\/resizer\/LA-hFdk9tlSiOBQIUJwf1L8p9mw=\/1440x0\/smart\/filters:quality(60)\/cloudfront-us-east-1.images.arcpublishing.com\/artear\/5MQK5FWWZNE3HIRM6EOZNSTPWU.jpg\"\/><img decoding=\"async\" loading=\"lazy\" class=\"margin_bottom image flex flex_column image_placeholder\" src=\"https:\/\/tn.com.ar\/resizer\/4GfofEUQ4EdFpxmaGYvjYpqvBj4=\/767x0\/smart\/filters:quality(60)\/cloudfront-us-east-1.images.arcpublishing.com\/artear\/5MQK5FWWZNE3HIRM6EOZNSTPWU.jpg\"\/><\/picture><\/div><figcaption class=\"flex flex_column margin_top-xxs caption_image\">Los volcanes que se encuentran en la reserva son los principales responsables del colour y las formas de este imponente paisaje. (Foto: Prensa Mendoza).<\/figcaption><\/figure>\n<p class=\"paragraph\">Posee extensos escenarios cubiertos de <b>coloridos materiales volc\u00e1nicos<\/b>, en los cuales habita un santuario de fauna y flora. Es frecuente que el turista pueda apreciar <b>tropillas de guanacos<\/b>, una de las mayores poblaciones del Centro-Oeste argentino.<\/p>\n<h2 class=\"font--primary\">8. Ciudad de Mendoza<\/h2>\n<p class=\"paragraph\">La capital de la provincia no pod\u00eda estar fuera de la lista. Esta ciudad tiene la particularidad de mostrarse diferente a muchos lugares de la provincia. Si bien Mendoza suele ser una provincia con muchas \u00e1reas \u00e1ridas,<b> la ciudad capital es arbolada y con acequias<\/b> (peque\u00f1os canales de irrigaci\u00f3n en casi todas las calles).<\/p>\n<figure>\n<div class=\"aspect_ratio__container\" style=\"--aspect-ratio:1024\/630\"><picture class=\"responsive-image\"><source type=\"image\/jpg\" media=\"(max-width: 728px)\" srcset=\"https:\/\/tn.com.ar\/resizer\/M6HFDzN-BwvNFbv904fsNJtNXtk=\/767x0\/smart\/filters:quality(60)\/cloudfront-us-east-1.images.arcpublishing.com\/artear\/CMSJZOSWVZGYBIHDIUA7P4INPA.jpg\"\/><source type=\"image\/jpg\" media=\"(max-width: 1023px)\" srcset=\"https:\/\/tn.com.ar\/resizer\/G0gQpw9fbPXGmkzxL4ezIrVPVfs=\/1023x0\/smart\/filters:quality(60)\/cloudfront-us-east-1.images.arcpublishing.com\/artear\/CMSJZOSWVZGYBIHDIUA7P4INPA.jpg\"\/><source type=\"image\/jpg\" srcset=\"https:\/\/tn.com.ar\/resizer\/Yb0JQKZUDnzKyZ9pRYBdNiudK24=\/1440x0\/smart\/filters:quality(60)\/cloudfront-us-east-1.images.arcpublishing.com\/artear\/CMSJZOSWVZGYBIHDIUA7P4INPA.jpg\"\/><img decoding=\"async\" loading=\"lazy\" class=\"margin_bottom image flex flex_column image_placeholder\" src=\"https:\/\/tn.com.ar\/resizer\/M6HFDzN-BwvNFbv904fsNJtNXtk=\/767x0\/smart\/filters:quality(60)\/cloudfront-us-east-1.images.arcpublishing.com\/artear\/CMSJZOSWVZGYBIHDIUA7P4INPA.jpg\"\/><\/picture><\/div><figcaption class=\"flex flex_column margin_top-xxs caption_image\">La plaza Independencia es uno de los principales sitios de inter\u00e9s dentro de la capital de la provincia. (Foto: Prensa Mendoza).<\/figcaption><\/figure>\n<p class=\"paragraph\">La provincia cuenta con servicios muy interesantes para el turista: desde un <b>listado de plazas y paseos <\/b>de la ciudad, hasta un recorrido realizado por la provincia, pasando por una <b>agenda cultural, tur\u00edstica y del vino.<\/b><\/p>\n<h2 class=\"font--primary\">9. Uspallata<\/h2>\n<p class=\"paragraph\"><b>Monta\u00f1as des\u00e9rticas y petroglifos <\/b>hacen interesante a la ciudad de <b>Uspallata, <\/b>localizada en el departamento <b>Las Heras.<\/b> Est\u00e1 rodeada adem\u00e1s por el <b>R\u00edo Mendoza<\/b> y los arroyos San Alberto y Uspallata.<\/p>\n<figure>\n<div class=\"aspect_ratio__container\" style=\"--aspect-ratio:800\/450\"><picture class=\"responsive-image\"><source type=\"image\/jpg\" media=\"(max-width: 728px)\" srcset=\"https:\/\/tn.com.ar\/resizer\/S6_db6T-wh_BMxqBEtJibz6ksqQ=\/767x0\/smart\/filters:quality(60)\/cloudfront-us-east-1.images.arcpublishing.com\/artear\/XTM5GGACWZC6HIESMFDYGBEZAE.jpg\"\/><source type=\"image\/jpg\" media=\"(max-width: 1023px)\" srcset=\"https:\/\/tn.com.ar\/resizer\/5Bx93-aLN5vu1apyyEFVTtpU_ig=\/1023x0\/smart\/filters:quality(60)\/cloudfront-us-east-1.images.arcpublishing.com\/artear\/XTM5GGACWZC6HIESMFDYGBEZAE.jpg\"\/><source type=\"image\/jpg\" srcset=\"https:\/\/tn.com.ar\/resizer\/fon-iIrzXsZ366PQCKzWS62fp60=\/1440x0\/smart\/filters:quality(60)\/cloudfront-us-east-1.images.arcpublishing.com\/artear\/XTM5GGACWZC6HIESMFDYGBEZAE.jpg\"\/><img decoding=\"async\" loading=\"lazy\" class=\"margin_bottom image flex flex_column image_placeholder\" src=\"https:\/\/tn.com.ar\/resizer\/S6_db6T-wh_BMxqBEtJibz6ksqQ=\/767x0\/smart\/filters:quality(60)\/cloudfront-us-east-1.images.arcpublishing.com\/artear\/XTM5GGACWZC6HIESMFDYGBEZAE.jpg\"\/><\/picture><\/div><figcaption class=\"flex flex_column margin_top-xxs caption_image\">Para llegar al paisaje incre\u00edble de Uspallata, se accede a trav\u00e9s de la ruta. (Foto: T\u00e9lam).<\/figcaption><\/figure>\n<p class=\"paragraph\">Es uno de los lugares tur\u00edsticos de verano en Mendoza, por sus <a rel=\"nofollow noopener\" target=\"_blank\" href=\"https:\/\/tn.com.ar\/sociedad\/2021\/01\/26\/un-potente-alud-bloqueo-la-ruta-7-en-mendoza-y-dejo-a-un-centenar-de-personas-varadas-en-la-montana\/\">temperaturas c\u00e1lidas<\/a>. Durante tu estad\u00eda podr\u00e1s visitar<b> El Cerro de los Siete Colores<\/b>, en la Ruta Nacional 52; <b>El Cerro Tunduqueral<\/b>, camino a <b>Villavencio<\/b>; y el <b>Parque Paleontol\u00f3gico Araucarias Darwin<\/b>, en la zona <b>Paramillos<\/b>.<\/p>\n<h2 class=\"font--primary\">10. Museo del Vino<\/h2>\n<p class=\"paragraph\">El para\u00edso para todos los amantes del vino. A menos de media hora de la ciudad capital de <b>Mendoza<\/b>, se encuentra el <b>Museo Nacional del Vino y la Vendimia<\/b>, ubicado en la ciudad de <b>Maip\u00fa<\/b>. All\u00ed se podr\u00e1 degustar una gran variedad de vinos y conocer la elaboraci\u00f3n del vino.<\/p>\n<p class=\"interstitial--link margin_top-md margin_bottom-md\"><span class=\"interstitial--link_slash\">\/\/ <\/span><a rel=\"nofollow noopener\" target=\"_blank\" class=\"text_align_left italic semi_bold margin-auto\" href=\"https:\/\/tn.com.ar\/sociedad\/2021\/07\/25\/vacaciones-de-invierno-cuales-fueron-los-destinos-mas-visitados-en-la-primera-semana\/\">Vacaciones de invierno: cu\u00e1les fueron los destinos m\u00e1s visitados en la primera semana<\/a><\/p>\n<p class=\"paragraph\">Tambi\u00e9n, habr\u00e1 un recorrido tur\u00edstico donde los especialistas contar\u00e1n la historia del italiano <b>Felipe Rutini,<\/b> quien<b> lleg\u00f3 a Maip\u00fa plantando las primeras vides<\/b>, y lo convirti\u00f3 en un negocio de tradici\u00f3n acquainted. Una vez terminado el recorrido podr\u00e1s adquirir los productos que all\u00ed se elaboran como: <b>Felipe Rutini, Colecci\u00f3n Rutini y Trumpeter.<\/b><\/p>\n<\/div>\n<p><script defer=\"\" crossorigin=\"anonymous\" src=\"https:\/\/connect.facebook.net\/es_LA\/sdk.js#xfbml=1&amp;version=v5.0&amp;appId=346699902992&amp;autoLogAppEvents=1\"><\/script><br \/>\n<br \/><\/p>\n<p><em> &#8221; Fuentes tn.com.ar &#8221; <\/em><\/p>\n","protected":false},"excerpt":{"rendered":"<p>Que Argentina es un pa\u00eds hermoso no es novedad. Cada provincia tiene particularidades que la hacen \u00fanica y es un placer recorrer de norte a sur y de este a oeste nuestro pa\u00eds. Una de las provincias que se destaca por la variedad de atracciones tur\u00edsticas que tiene es Mendoza. Conocida como la provincia del [&hellip;]<\/p>\n","protected":false},"author":4,"featured_media":0,"comment_status":"open","ping_status":"closed","sticky":false,"template":"","format":"standard","meta":{"om_disable_all_campaigns":false,"jnews-multi-image_gallery":[],"jnews_single_post":[],"jnews_primary_category":[],"jnews_social_meta":[],"footnotes":""},"categories":[39],"tags":[28733,28732,780,544,545],"class_list":["post-167124","post","type-post","status-publish","format-standard","hentry","category-viajes","tag-aconcagua","tag-las-lenas","tag-mendoza","tag-turismo","tag-viajes"],"_links":{"self":[{"href":"https:\/\/dimensionturistica.com\/es\/wp-json\/wp\/v2\/posts\/167124","targetHints":{"allow":["GET"]}}],"collection":[{"href":"https:\/\/dimensionturistica.com\/es\/wp-json\/wp\/v2\/posts"}],"about":[{"href":"https:\/\/dimensionturistica.com\/es\/wp-json\/wp\/v2\/types\/post"}],"author":[{"embeddable":true,"href":"https:\/\/dimensionturistica.com\/es\/wp-json\/wp\/v2\/users\/4"}],"replies":[{"embeddable":true,"href":"https:\/\/dimensionturistica.com\/es\/wp-json\/wp\/v2\/comments?post=167124"}],"version-history":[{"count":0,"href":"https:\/\/dimensionturistica.com\/es\/wp-json\/wp\/v2\/posts\/167124\/revisions"}],"wp:attachment":[{"href":"https:\/\/dimensionturistica.com\/es\/wp-json\/wp\/v2\/media?parent=167124"}],"wp:term":[{"taxonomy":"category","embeddable":true,"href":"https:\/\/dimensionturistica.com\/es\/wp-json\/wp\/v2\/categories?post=167124"},{"taxonomy":"post_tag","embeddable":true,"href":"https:\/\/dimensionturistica.com\/es\/wp-json\/wp\/v2\/tags?post=167124"}],"curies":[{"name":"wp","href":"https:\/\/api.w.org\/{rel}","templated":true}]}}