{"id":166293,"date":"2021-07-29T15:44:30","date_gmt":"2021-07-29T15:44:30","guid":{"rendered":"https:\/\/dimensionturistica.com\/es\/?p=166293"},"modified":"2021-07-29T15:44:30","modified_gmt":"2021-07-29T15:44:30","slug":"pasajeros-de-cruceros-que-no-esten-vacunados-no-podran-desembarcar-en-la-isla-economia","status":"publish","type":"post","link":"https:\/\/dimensionturistica.com\/es\/pasajeros-de-cruceros-que-no-esten-vacunados-no-podran-desembarcar-en-la-isla-economia\/","title":{"rendered":"Pasajeros de cruceros que no est\u00e9n vacunados no podr\u00e1n desembarcar en la Isla | Econom\u00eda"},"content":{"rendered":"<p> <br \/>\n<\/p>\n<div itemprop=\"articleBody\">\n                                <meta itemprop=\"isAccessibleForFree\" content=\"true\"\/><\/p>\n<p>La Autoridad de los Puertos (AP), el Departamento de Salud y la Compa\u00f1\u00eda de Turismo establecieron un estricto protocolo sanitario junto con la l\u00ednea de cruceros Carnival Cruise Line para poder recibir a cruceros con pasajeros en la Isla, anunci\u00f3 hoy el director ejecutivo de la AP, Joel Piz\u00e1 Batiz.<\/p>\n<p><strong>El primer crucero con pasajeros pautado para arribar a la Isla ser\u00e1 el Carnival Mardi Gras, el pr\u00f3ximo 3 de agosto,<\/strong> que realizar\u00e1 una parada en San Juan durante su viaje inaugural.<\/p>\n<p>Sin embargo, <strong>aquellos pasajeros que no est\u00e9n vacunados, -aunque hayan dado negativo a la prueba de covid-19-, no podr\u00e1n bajar a tierra.<\/strong><\/p>\n<p><strong>Los no vacunados llevar\u00e1n un brazalete especial para su f\u00e1cil identificaci\u00f3n.<\/strong><\/p>\n<p>\u201cComo parte de las conversaciones que hemos sostenido y el acuerdo que hemos llegado con Carnival a ra\u00edz de la orden condicionada para zarpar emitida por el Centro para el Control y Prevenci\u00f3n de Enfermedades (CDC), Puertos, Salud y Turismo han implementado salvaguardas para permitir la entrada de cruceros de la manera m\u00e1s segura posible\u201d, sostuvo Piz\u00e1 Batiz.<\/p>\n<p><strong>Los cruceros de Carnival deber\u00e1n tener un m\u00ednimo de 95% de pasajeros y tripulaci\u00f3n vacunados contra el covid-19. En adici\u00f3n a los requisitos de vacunaci\u00f3n, los protocolos exigen a todo pasajero no vacunado someterse a una prueba molecular de PCR antes de embarcar.<\/strong><\/p>\n<p>Antes de abordar, la l\u00ednea har\u00e1 preguntas y un cernimiento de s\u00edntomas a todos los navegantes.<\/p>\n<div class=\"inline-asset inline-article  subscriber-hide tnt-inline-asset tnt-inline-relcontent tnt-inline-article tnt-inline-relation-child tnt-inline-presentation-default tnt-inline-alignment-default tnt-inline-width-default\">\n<article id=\"card-summary-1516ecfc-f021-11eb-9237-9bb8d2bba712\" class=\"tnt-asset-type-article clearfix card summary has-image  letterbox-style-default  tnt-section-economia tnt-sub-section-otros\">\n<div class=\"card-container\">\n<div class=\"card-image \">\n<div class=\"media-preview-1516ecfc-f021-11eb-9237-9bb8d2bba712 media-preview article-asset\" data-aspect=\"\">\n<figure class=\"photo layout-horizontal letterbox-style-default\">\n<div class=\"image\">\n<p>                    <a rel=\"nofollow noopener\" target=\"_blank\" href=\"https:\/\/www.elvocero.com\/economia\/otros\/empiezan-a-llegar-de-nuevo-los-cruceros-a-la-isla\/article_1516ecfc-f021-11eb-9237-9bb8d2bba712.html\" class=\"tnt-asset-link\">                <\/p>\n<p>                &#13;<br \/>\n        &#13;<br \/>\n                        <img loading=\"lazy\" decoding=\"async\" src=\"data:image\/png;base64,iVBORw0KGgoAAAANSUhEUgAAAAQAAAADCAQAAAAe\/WZNAAAAEElEQVR42mM8U88ABowYDABAxQPltt5zqAAAAABJRU5ErkJggg==\" alt=\"Empiezan a llegar de nuevo los cruceros a la Isla\" class=\"img-responsive lazyload full default\" width=\"1682\" height=\"1232\" data- data-\/><br \/>\n                <\/a><\/p><\/div>\n<\/figure>\n<\/div><\/div>\n<div class=\"card-body\">\n<div class=\"card-lead\">\n<p class=\"tnt-summary\">A 16 meses de haberse detenido la actividad crucerista a consecuencia de la pandemia, la pr\u00f3\u2026<\/p>\n<\/p><\/div><\/div><\/div>\n<\/article>\n<\/div>\n<p>\u201cAntes de atracar, el crucero deber\u00e1 enviar una declaraci\u00f3n para certificar el porcentaje de vacunaci\u00f3n al interior del barco, as\u00ed como tambi\u00e9n un manifiesto de los no vacunados. Aquellos barcos que no cumplan no podr\u00e1n atracar en nuestros muelles\u201d, afirm\u00f3 Piz\u00e1 Batiz.<\/p>\n<p>El funcionario resalt\u00f3 las garant\u00edas de confiabilidad envueltas en el manejo del protocolo, en t\u00e9rminos de cumplimiento. Tanto Puertos como Salud se han reservado el derecho de terminar estos acuerdos con la l\u00ednea de cruceros si as\u00ed lo entienden necesario.<\/p>\n<p>\u201cEstamos confiados en que se siga al pie de la letra el protocolo de salubridad dise\u00f1ado por la l\u00ednea de crucero para reducir el riesgo y poder controlar la exposici\u00f3n del virus. La pandemia no ha acabado, pero el avance en la vacunaci\u00f3n en nuestra isla nos permite un grado de flexibilizaci\u00f3n para retomar la normalidad y recuperarnos de manera sostenible bajo un proceso estructurado\u201d, dijo el secretario de Salud, Carlos Mellado.<\/p>\n<p>Mientras, el director ejecutivo de la Compa\u00f1\u00eda de Turismo, Carlos Mercado, indic\u00f3 que \u201cel reinicio de operaciones de cruceros en la isla marca otro hito dentro del plan de recuperaci\u00f3n del sector. Por eso recibimos con gran entusiasmo el acuerdo entre Carnival Cruise Line y el gobierno de Puerto Rico\u201d.<\/p>\n<\/p><\/div>\n<p><script>\n!function(f,b,e,v,n,t,s)\n{if(f.fbq)return;n=f.fbq=function(){n.callMethod?\nn.callMethod.apply(n,arguments):n.queue.push(arguments)};\nif(!f._fbq)f._fbq=n;n.push=n;n.loaded=!0;n.version='2.0';\nn.queue=[];t=b.createElement(e);t.async=!0;\nt.src=v;s=b.getElementsByTagName(e)[0];\ns.parentNode.insertBefore(t,s)}(window, document,'script',\n'https:\/\/connect.facebook.net\/en_US\/fbevents.js');\nfbq('init', '1815340891988198');\nfbq('track', 'PageView');\n<\/script><br \/>\n<br \/><\/p>\n<p><em> &#8221; Fuentes www.elvocero.com &#8221; <\/em><\/p>\n","protected":false},"excerpt":{"rendered":"<p>La Autoridad de los Puertos (AP), el Departamento de Salud y la Compa\u00f1\u00eda de Turismo establecieron un estricto protocolo sanitario junto con la l\u00ednea de cruceros Carnival Cruise Line para poder recibir a cruceros con pasajeros en la Isla, anunci\u00f3 hoy el director ejecutivo de la AP, Joel Piz\u00e1 Batiz. El primer crucero con pasajeros [&hellip;]<\/p>\n","protected":false},"author":4,"featured_media":166294,"comment_status":"open","ping_status":"closed","sticky":false,"template":"","format":"standard","meta":{"om_disable_all_campaigns":false,"jnews-multi-image_gallery":[],"jnews_single_post":[],"jnews_primary_category":[],"jnews_social_meta":[],"footnotes":""},"categories":[41],"tags":[715],"class_list":["post-166293","post","type-post","status-publish","format-standard","has-post-thumbnail","hentry","category-cruceros","tag-economia"],"_links":{"self":[{"href":"https:\/\/dimensionturistica.com\/es\/wp-json\/wp\/v2\/posts\/166293","targetHints":{"allow":["GET"]}}],"collection":[{"href":"https:\/\/dimensionturistica.com\/es\/wp-json\/wp\/v2\/posts"}],"about":[{"href":"https:\/\/dimensionturistica.com\/es\/wp-json\/wp\/v2\/types\/post"}],"author":[{"embeddable":true,"href":"https:\/\/dimensionturistica.com\/es\/wp-json\/wp\/v2\/users\/4"}],"replies":[{"embeddable":true,"href":"https:\/\/dimensionturistica.com\/es\/wp-json\/wp\/v2\/comments?post=166293"}],"version-history":[{"count":0,"href":"https:\/\/dimensionturistica.com\/es\/wp-json\/wp\/v2\/posts\/166293\/revisions"}],"wp:featuredmedia":[{"embeddable":true,"href":"https:\/\/dimensionturistica.com\/es\/wp-json\/wp\/v2\/media\/166294"}],"wp:attachment":[{"href":"https:\/\/dimensionturistica.com\/es\/wp-json\/wp\/v2\/media?parent=166293"}],"wp:term":[{"taxonomy":"category","embeddable":true,"href":"https:\/\/dimensionturistica.com\/es\/wp-json\/wp\/v2\/categories?post=166293"},{"taxonomy":"post_tag","embeddable":true,"href":"https:\/\/dimensionturistica.com\/es\/wp-json\/wp\/v2\/tags?post=166293"}],"curies":[{"name":"wp","href":"https:\/\/api.w.org\/{rel}","templated":true}]}}