{"id":165622,"date":"2021-07-28T12:26:40","date_gmt":"2021-07-28T12:26:40","guid":{"rendered":"https:\/\/dimensionturistica.com\/es\/?p=165622"},"modified":"2021-07-28T12:26:41","modified_gmt":"2021-07-28T12:26:41","slug":"bidaikide-nueva-asociacion-de-agencias-de-viajes-de-gipuzkoa","status":"publish","type":"post","link":"https:\/\/dimensionturistica.com\/es\/bidaikide-nueva-asociacion-de-agencias-de-viajes-de-gipuzkoa\/","title":{"rendered":"BIDAIKIDE. Nueva Asociaci\u00f3n de Agencias de Viajes de Gipuzkoa"},"content":{"rendered":"<p> <br \/>\n<\/p>\n<div>\n<p>Ayer martes 27 de Julio, en Kutxa Kultur Plaza de Tabakalera de San Sebasti\u00e1n, se present\u00f3 de forma oficial BIDAIKIDE, la Asociaci\u00f3n de Agencias de Viajes de Gipuzkoa.<\/p>\n<p>La Asociaci\u00f3n, que inicia su andadura integrada y con el apoyo de la Federaci\u00f3n Gipuzkoa Merkatariak, la componen m\u00e1s de 30 Agencias de Viajes ubicadas en distintos municipios del territorio de Gipuzkoa.<\/p>\n<p>La Asociaci\u00f3n se marca como objetivos prioritarios:<\/p>\n<p>\u00b7 La uni\u00f3n del sector de las Agencias de Viajes, para hacer frente con m\u00e1s fuerza a las dificultades y amenazas a las que se enfrenta<\/p>\n<p>\u00b7 La apuesta por adaptarse a las necesidades de los clientes<\/p>\n<p>\u00b7 El dise\u00f1o y desarrollo de nuevos productos y servicios<\/p>\n<p>En el acto con los medios de comunicaci\u00f3n, BIDAIKIDE present\u00f3 su identidad de marca y traslad\u00f3 datos a ra\u00edz del fin del estado de alarma con las familias guipuzcoanas preparando y disfrutando de sus tan ansiadas vacaciones.<\/p>\n<p>Las familias guipuzcoanas han elegido de manera prioritaria destinos nacionales de islas, es decir, Canarias y Baleares. Entre el resto de destinos nacionales destacan los destinos de costa.<\/p>\n<p>Respecto a Europa, Grecia e Italia han sido los destinos m\u00e1s solicitados por el momento. Destinos internacionales como Maldivas o Riviera Maya tambi\u00e9n han sido elegidos por los viajeros guipuzcoanos.<\/p>\n<p>Apuntan desde BIDAIKIDE una notable reactivaci\u00f3n de la demanda tras el fin del estado de alarma el pasado 10 de marzo, aunque su actividad se ha visto frenada en las \u00faltimas semanas a ra\u00edz de las nuevas restricciones derivadas de la quinta ola pand\u00e9mica.<\/p>\n<p>La obligatoriedad de hacer pruebas PCR o de ant\u00edgenos impactan de manera directa en la decisi\u00f3n de viajar y en los destinos elegidos por los viajeros. Esto repercute en el perfil del viajero precise, que por una parte contrata seguro de desestimiento ante el miedo a tener que suspender su viaje en el \u00faltimo momento, as\u00ed como apuesta por acudir a una Agencia de Viajes para depositar su confianza en la gesti\u00f3n segura y personalizada de los profesionales.<\/p>\n<p>Y es que seg\u00fan un an\u00e1lisis elaborado por la Confederaci\u00f3n Espa\u00f1ola de Agencias de Viajes (CEAV) y la firma Braintrust, tras la pandemia un 20% de los viajeros ha cambiado los canales de reserva aumentando as\u00ed un 30% el uso de las Agencias de Viajes presenciales.<\/p>\n<div class=\"wysiwyg-photo\"><img decoding=\"async\" src=\"https:\/\/static.hosteltur.com\/app\/public\/uploads\/img\/releases\/2021\/07\/28\/L_133506_bidaikide-3.jpg\" alt=\"Imagen nota de prensa Hosteltur\" width=\"1920\" height=\"1080\"\/><\/div>\n<p>El perfil del viajero precise necesita un amplio asesoramiento acerca de las restricciones de los lugares que visita. Quiere disfrutar de su viaje, sinti\u00e9ndose seguro y teniendo un respaldo en caso de alg\u00fan inconveniente o cancelaci\u00f3n.<\/p>\n<p>Y todo ello nosotros se lo ofrecemos: confianza, atenci\u00f3n personalizada y seguridad.<\/p>\n<p>Este cambio de tendencia ha supuesto un notable incremento de la asistencia a nuestros establecimientos.<\/p>\n<p>Desde el mes de mayo hasta mediados de julio, las reservas han ido incrementado de forma notable hasta tal punto que para este 2021 se prev\u00e9 una facturaci\u00f3n del 50% sobre el a\u00f1o 2019 a diferencia del pasado a\u00f1o en el que se factur\u00f3 un 90% menos que en 2019, seg\u00fan datos de CEAV (Confederaci\u00f3n Espa\u00f1ola de Agencias de Viajes).<\/p>\n<p>No obstante, nuestra situaci\u00f3n sectorial es susceptible a corto plazo.<\/p>\n<p>Un m\u00ednimo cambio en cualquiera de las medidas actuales, conlleva una gran repercusi\u00f3n en nuestra actividad.<\/p>\n<p>Adem\u00e1s, en el mes de septiembre finalizar\u00e1n los ERTEs y coincidir\u00e1 con el comienzo de nuestra temporada baja.<\/p>\n<p>Es por ello que desde el sector hacemos un llamamiento a la Administraci\u00f3n para que articule ayudas que nos permitan afrontar la ya dura situaci\u00f3n que atravesamos y que, nos tememos que en breve vuelva a ser dif\u00edcil.<\/p>\n<p>Por \u00faltimo, a\u00f1adir que esta pandemia nos ha brindado dos aspectos sobre los que, como sector, tenemos que trabajar:<\/p>\n<p>1. La uni\u00f3n del sector, con el objetivo de hacer frente con m\u00e1s fuerza a las dificultades venideras.<\/p>\n<p>2. Una necesaria apuesta por adaptarnos a las nuevas necesidades de nuestros clientes que solicitar\u00e1n nuevos productos, una mayor apuesta por la tecnolog\u00eda y conseguir atraer a ese p\u00fablico m\u00e1s joven, acostumbrado a preparar sus viajes sin nuestra ayuda.<\/p>\n<\/p><\/div>\n<p><script>\n        !function(f,b,e,v,n,t,s)\n        {if(f.fbq)return;n=f.fbq=function(){n.callMethod?\n            n.callMethod.apply(n,arguments):n.queue.push(arguments)};\n            if(!f._fbq)f._fbq=n;n.push=n;n.loaded=!0;n.version='2.0';\n            n.queue=[];t=b.createElement(e);t.async=!0;\n            t.src=v;s=b.getElementsByTagName(e)[0];\n            s.parentNode.insertBefore(t,s)}(window, document,'script',\n            'https:\/\/connect.facebook.net\/en_US\/fbevents.js');\n        fbq('init', '819396665363898');\n        fbq('track', 'PageView');\n    <\/script><br \/>\n<br \/><\/p>\n<p><em> &#8221; Fuentes www.hosteltur.com &#8221; <\/em><\/p>\n","protected":false},"excerpt":{"rendered":"<p>Ayer martes 27 de Julio, en Kutxa Kultur Plaza de Tabakalera de San Sebasti\u00e1n, se present\u00f3 de forma oficial BIDAIKIDE, la Asociaci\u00f3n de Agencias de Viajes de Gipuzkoa. La Asociaci\u00f3n, que inicia su andadura integrada y con el apoyo de la Federaci\u00f3n Gipuzkoa Merkatariak, la componen m\u00e1s de 30 Agencias de Viajes ubicadas en distintos [&hellip;]<\/p>\n","protected":false},"author":4,"featured_media":165623,"comment_status":"open","ping_status":"closed","sticky":false,"template":"","format":"standard","meta":{"om_disable_all_campaigns":false,"jnews-multi-image_gallery":[],"jnews_single_post":[],"jnews_primary_category":[],"jnews_social_meta":[],"footnotes":""},"categories":[39],"tags":[783,715],"class_list":["post-165622","post","type-post","status-publish","format-standard","has-post-thumbnail","hentry","category-viajes","tag-agencias-de-viaje","tag-economia"],"_links":{"self":[{"href":"https:\/\/dimensionturistica.com\/es\/wp-json\/wp\/v2\/posts\/165622","targetHints":{"allow":["GET"]}}],"collection":[{"href":"https:\/\/dimensionturistica.com\/es\/wp-json\/wp\/v2\/posts"}],"about":[{"href":"https:\/\/dimensionturistica.com\/es\/wp-json\/wp\/v2\/types\/post"}],"author":[{"embeddable":true,"href":"https:\/\/dimensionturistica.com\/es\/wp-json\/wp\/v2\/users\/4"}],"replies":[{"embeddable":true,"href":"https:\/\/dimensionturistica.com\/es\/wp-json\/wp\/v2\/comments?post=165622"}],"version-history":[{"count":0,"href":"https:\/\/dimensionturistica.com\/es\/wp-json\/wp\/v2\/posts\/165622\/revisions"}],"wp:featuredmedia":[{"embeddable":true,"href":"https:\/\/dimensionturistica.com\/es\/wp-json\/wp\/v2\/media\/165623"}],"wp:attachment":[{"href":"https:\/\/dimensionturistica.com\/es\/wp-json\/wp\/v2\/media?parent=165622"}],"wp:term":[{"taxonomy":"category","embeddable":true,"href":"https:\/\/dimensionturistica.com\/es\/wp-json\/wp\/v2\/categories?post=165622"},{"taxonomy":"post_tag","embeddable":true,"href":"https:\/\/dimensionturistica.com\/es\/wp-json\/wp\/v2\/tags?post=165622"}],"curies":[{"name":"wp","href":"https:\/\/api.w.org\/{rel}","templated":true}]}}