{"id":165342,"date":"2021-07-27T22:10:47","date_gmt":"2021-07-27T22:10:47","guid":{"rendered":"https:\/\/dimensionturistica.com\/es\/?p=165342"},"modified":"2021-07-27T22:10:47","modified_gmt":"2021-07-27T22:10:47","slug":"croisieurope-extiende-su-2x1-para-itinerarios-por-el-duero","status":"publish","type":"post","link":"https:\/\/dimensionturistica.com\/es\/croisieurope-extiende-su-2x1-para-itinerarios-por-el-duero\/","title":{"rendered":"CroisiEurope extiende su 2&#215;1 para itinerarios por el Duero"},"content":{"rendered":"<p> <br \/>\n<\/p>\n<div>\n<p><a rel=\"nofollow noopener\" target=\"_blank\" href=\"https:\/\/www.croisieurope.es\/\">CroisiEurope<\/a> contin\u00faa celebrando sus 45 a\u00f1os de historia. Tras la excelente acogida por parte de los clientes, la mayor compa\u00f1\u00eda de cruceros fluviales de Europa a\u00f1ade nuevas fechas de salida al lanzamiento de sus ofertas de cruceros por el r\u00edo Duero para este verano.<\/p>\n<\/div>\n<div>\n<p id=\"E1473\" class=\"qowt-stl-Retraitcorpset1relig x-scope qowt-word-para-3\">La oferta propuesta consiste en un 2&#215;1 en salidas determinadas en julio y agosto de 2021 de itinerarios por el Duero, en las que el primer pasajero pagar\u00e1 el precio completo del crucero mientras que el segundo pasajero viajar\u00e1 free of charge compartiendo camarote doble en el puente principal. En el caso de viajar en un camarote doble de uso particular person, el suplemento de single ser\u00e1 gratuito. Estas condiciones ser\u00e1n aplicables a las siguientes salidas:<\/p>\n<p id=\"E1476\" class=\"qowt-li-28_0 qowt-list qowt-stl-Retraitcorpset1relig x-scope qowt-word-para-3\">-Oporto, el valle del Duero y Salamanca. Un crucero de 6 d\u00edas visitando por Oporto, Regua, Pinhao, Vega de Terr\u00f3n Barca D\u2019Alva, Ferradosa, Folgosa y Leverinho. Salidas 9, 14 y 30 de agosto de 2021.<\/p>\n<p id=\"E1505\" class=\"qowt-li-28_0 qowt-list qowt-stl-Retraitcorpset1relig x-scope qowt-word-para-3\">-De Portugal a Espa\u00f1a. Un crucero de 8 d\u00edas visitando Oporto, Regua, Vega de Terr\u00f3n, Barca D\u2019Alva, Ferradosa y Pinhao. Salidas 27 de Julio, 27 y 31 de agosto 2021.<\/p>\n<p id=\"E1530\" class=\"qowt-li-28_0 qowt-list qowt-stl-Retraitcorpset1relig x-scope qowt-word-para-3\">-Crucero por el Duero visitando Oporto, Regua, Vega de Terr\u00f3n, Barca D\u2019Alva, Ferradosa, y Pinhao. Salidas 26 de julio y 16 de agosto de 2021.<\/p>\n<div class=\"wysiwyg-photo\"><img decoding=\"async\" title=\"\" src=\"https:\/\/dimensionturistica.com\/es\/wp-content\/uploads\/2021\/07\/CroisiEurope-extiende-su-2x1-para-itinerarios-por-el-Duero.jpg\" alt=\"\" data-id=\"229094\"\/>  <\/div>\n<p id=\"E1548\" class=\"qowt-stl-Retraitcorpset1relig x-scope qowt-word-para-4\">Los cruceros de CroisiEurope incluyen una excelente gastronom\u00eda de estilo franc\u00e9s en un r\u00e9gimen de todo incluido a bordo, con bebidas incluidas, wifi gratuito, adem\u00e1s de un completo y variado paquete de excursiones para todos los gustos que permiten conocer cada destino a su manera y, junto con una atenci\u00f3n al detalle por parte de la tripulaci\u00f3n, garantizan una experiencia inolvidable.<\/p>\n<div class=\"wysiwyg-photo\"><img decoding=\"async\" title=\"\" src=\"https:\/\/dimensionturistica.com\/es\/wp-content\/uploads\/2021\/07\/1627423845_547_CroisiEurope-extiende-su-2x1-para-itinerarios-por-el-Duero.jpg\" alt=\"\" data-id=\"229095\"\/>  <\/div>\n<p id=\"E1557\" class=\"qowt-stl-Retraitcorpset1relig x-scope qowt-word-para-4\">Con la aplicaci\u00f3n rigurosa de su protocolo sanitario con certificaci\u00f3n Bureau Veritas, CroisiEurope reinici\u00f3 sus operaciones con \u00e9xito el pasado 14 de junio. La salud, seguridad y el bienestar de los pasajeros, tripulaciones y comunidades de los destinos visitados es una prioridad para la compa\u00f1\u00eda.<\/p>\n<p id=\"E1568\" class=\"qowt-stl-Retraitcorpset1relig x-scope qowt-word-para-5\">M\u00e1s informaci\u00f3n en <a rel=\"nofollow noopener\" target=\"_blank\" href=\"https:\/\/www.croisieurope.es\/\">www,croisieurope.es<\/a><\/p>\n<\/div>\n<p><script>\n        !function(f,b,e,v,n,t,s)\n        {if(f.fbq)return;n=f.fbq=function(){n.callMethod?\n            n.callMethod.apply(n,arguments):n.queue.push(arguments)};\n            if(!f._fbq)f._fbq=n;n.push=n;n.loaded=!0;n.version='2.0';\n            n.queue=[];t=b.createElement(e);t.async=!0;\n            t.src=v;s=b.getElementsByTagName(e)[0];\n            s.parentNode.insertBefore(t,s)}(window, document,'script',\n            'https:\/\/connect.facebook.net\/en_US\/fbevents.js');\n        fbq('init', '819396665363898');\n        fbq('track', 'PageView');\n    <\/script><br \/>\n<br \/><\/p>\n<p><em> &#8221; Fuentes www.hosteltur.com &#8221; <\/em><\/p>\n","protected":false},"excerpt":{"rendered":"<p>CroisiEurope contin\u00faa celebrando sus 45 a\u00f1os de historia. Tras la excelente acogida por parte de los clientes, la mayor compa\u00f1\u00eda de cruceros fluviales de Europa a\u00f1ade nuevas fechas de salida al lanzamiento de sus ofertas de cruceros por el r\u00edo Duero para este verano. La oferta propuesta consiste en un 2&#215;1 en salidas determinadas en [&hellip;]<\/p>\n","protected":false},"author":4,"featured_media":165343,"comment_status":"open","ping_status":"closed","sticky":false,"template":"","format":"standard","meta":{"om_disable_all_campaigns":false,"jnews-multi-image_gallery":[],"jnews_single_post":[],"jnews_primary_category":[],"jnews_social_meta":[],"footnotes":""},"categories":[41],"tags":[572],"class_list":["post-165342","post","type-post","status-publish","format-standard","has-post-thumbnail","hentry","category-cruceros","tag-distribucion"],"_links":{"self":[{"href":"https:\/\/dimensionturistica.com\/es\/wp-json\/wp\/v2\/posts\/165342","targetHints":{"allow":["GET"]}}],"collection":[{"href":"https:\/\/dimensionturistica.com\/es\/wp-json\/wp\/v2\/posts"}],"about":[{"href":"https:\/\/dimensionturistica.com\/es\/wp-json\/wp\/v2\/types\/post"}],"author":[{"embeddable":true,"href":"https:\/\/dimensionturistica.com\/es\/wp-json\/wp\/v2\/users\/4"}],"replies":[{"embeddable":true,"href":"https:\/\/dimensionturistica.com\/es\/wp-json\/wp\/v2\/comments?post=165342"}],"version-history":[{"count":0,"href":"https:\/\/dimensionturistica.com\/es\/wp-json\/wp\/v2\/posts\/165342\/revisions"}],"wp:featuredmedia":[{"embeddable":true,"href":"https:\/\/dimensionturistica.com\/es\/wp-json\/wp\/v2\/media\/165343"}],"wp:attachment":[{"href":"https:\/\/dimensionturistica.com\/es\/wp-json\/wp\/v2\/media?parent=165342"}],"wp:term":[{"taxonomy":"category","embeddable":true,"href":"https:\/\/dimensionturistica.com\/es\/wp-json\/wp\/v2\/categories?post=165342"},{"taxonomy":"post_tag","embeddable":true,"href":"https:\/\/dimensionturistica.com\/es\/wp-json\/wp\/v2\/tags?post=165342"}],"curies":[{"name":"wp","href":"https:\/\/api.w.org\/{rel}","templated":true}]}}