{"id":165015,"date":"2021-07-27T10:24:04","date_gmt":"2021-07-27T10:24:04","guid":{"rendered":"https:\/\/dimensionturistica.com\/es\/?p=165015"},"modified":"2021-07-27T10:24:05","modified_gmt":"2021-07-27T10:24:05","slug":"ciudadanos-denuncia-que-no-se-convocan-los-planes-de-sostenibilidad-turistica-en-destino-2","status":"publish","type":"post","link":"https:\/\/dimensionturistica.com\/es\/ciudadanos-denuncia-que-no-se-convocan-los-planes-de-sostenibilidad-turistica-en-destino-2\/","title":{"rendered":"Ciudadanos denuncia que &#8220;no se convocan los Planes de Sostenibilidad Tur\u00edstica en Destino&#8221;"},"content":{"rendered":"<p> <br \/>\n<\/p>\n<div>\n<p>CASTELL\u00d3. \u00a0La portavoz de Ciudadanos en la Diputaci\u00f3n de Castell\u00f3n, <b>Cristina\u00a0Fern\u00e1ndez<\/b>, ha denunciado que el Ministerio de Industria, Comercio y Turismo &#8220;no ha aprobado a\u00fan la convocatoria del Programa de Planes de Sostenibilidad Tur\u00edstica en Destinos, el instrumento principal de intervenci\u00f3n de la administraci\u00f3n tur\u00edstica espa\u00f1ola&#8221;, as\u00ed como se ha informado en un comunicado.\u00a0<\/p>\n<p>La Secretar\u00eda de Estado de Turismo destina 23 millones de euros a esta edici\u00f3n que cofinanciar\u00e1n las Comunidades Aut\u00f3nomas y entidades locales cuyos proyectos sean seleccionados. Como afirma Fern\u00e1ndez, &#8220;el objetivo del programa es avanzar hacia la transformaci\u00f3n de los destinos tur\u00edsticos hacia un modelo basado en la sostenibilidad medioambiental, socioecon\u00f3mica y territorial. El 30 de marzo se ratific\u00f3 en la Conferencia Sectorial de Turismo el programa. Una partida que nos vendieron como uno de los instrumentos de pol\u00edtica tur\u00edstica con mayor capacidad tractora sobre el territorio tur\u00edstico previsto para que a finales de junio se diera a conocer los municipios beneficiados y seguimos sin noticias casi en agosto&#8221;. \u00a0\u00a0<\/p>\n<p>Esta edici\u00f3n ordinaria de Planes de 2021 se dirige a tres categor\u00edas de destinos: sol y playa; urbanos de m\u00e1s de 20.000 habitantes y rurales y\/o en espacios naturales protegidos (municipios de menos de 20.000 habitantes o comarcas con menos de 70.000 habitantes).<\/p>\n<p>Cristina Fern\u00e1ndez ha recordado que &#8220;el pr\u00f3ximo d\u00eda 29 de julio va a salir la convocatoria extraordinaria de los fondos europeos Next Generation, cuando la convocatoria ordinaria de los planes de sostenibilidad tur\u00edstica en destino deber\u00edan haber salido antes. Esto no es serio, el gobierno practica el postureo en sostenibilidad y as\u00ed lo demuestra que no cumplan los plazos. Es una falta de respeto a los funcionarios de los ayuntamientos que tanto han trabajado para cumplir la parte que les tocaba&#8221;.<\/p>\n<\/div>\n\n<p><em> &#8221; Fuentes castellonplaza.com &#8221; <\/em><\/p>\n","protected":false},"excerpt":{"rendered":"<p>CASTELL\u00d3. \u00a0La portavoz de Ciudadanos en la Diputaci\u00f3n de Castell\u00f3n, Cristina\u00a0Fern\u00e1ndez, ha denunciado que el Ministerio de Industria, Comercio y Turismo &#8220;no ha aprobado a\u00fan la convocatoria del Programa de Planes de Sostenibilidad Tur\u00edstica en Destinos, el instrumento principal de intervenci\u00f3n de la administraci\u00f3n tur\u00edstica espa\u00f1ola&#8221;, as\u00ed como se ha informado en un comunicado.\u00a0 La [&hellip;]<\/p>\n","protected":false},"author":4,"featured_media":165016,"comment_status":"open","ping_status":"closed","sticky":false,"template":"","format":"standard","meta":{"om_disable_all_campaigns":false,"jnews-multi-image_gallery":[],"jnews_single_post":[],"jnews_primary_category":[],"jnews_social_meta":[],"footnotes":""},"categories":[40],"tags":[2721,28461],"class_list":["post-165015","post","type-post","status-publish","format-standard","has-post-thumbnail","hentry","category-industria","tag-ciudadanos","tag-planes-de-sostenibilidad-turstica-en-destino"],"_links":{"self":[{"href":"https:\/\/dimensionturistica.com\/es\/wp-json\/wp\/v2\/posts\/165015","targetHints":{"allow":["GET"]}}],"collection":[{"href":"https:\/\/dimensionturistica.com\/es\/wp-json\/wp\/v2\/posts"}],"about":[{"href":"https:\/\/dimensionturistica.com\/es\/wp-json\/wp\/v2\/types\/post"}],"author":[{"embeddable":true,"href":"https:\/\/dimensionturistica.com\/es\/wp-json\/wp\/v2\/users\/4"}],"replies":[{"embeddable":true,"href":"https:\/\/dimensionturistica.com\/es\/wp-json\/wp\/v2\/comments?post=165015"}],"version-history":[{"count":0,"href":"https:\/\/dimensionturistica.com\/es\/wp-json\/wp\/v2\/posts\/165015\/revisions"}],"wp:featuredmedia":[{"embeddable":true,"href":"https:\/\/dimensionturistica.com\/es\/wp-json\/wp\/v2\/media\/165016"}],"wp:attachment":[{"href":"https:\/\/dimensionturistica.com\/es\/wp-json\/wp\/v2\/media?parent=165015"}],"wp:term":[{"taxonomy":"category","embeddable":true,"href":"https:\/\/dimensionturistica.com\/es\/wp-json\/wp\/v2\/categories?post=165015"},{"taxonomy":"post_tag","embeddable":true,"href":"https:\/\/dimensionturistica.com\/es\/wp-json\/wp\/v2\/tags?post=165015"}],"curies":[{"name":"wp","href":"https:\/\/api.w.org\/{rel}","templated":true}]}}