{"id":164553,"date":"2021-07-26T18:36:10","date_gmt":"2021-07-26T18:36:10","guid":{"rendered":"https:\/\/dimensionturistica.com\/es\/?p=164553"},"modified":"2021-07-26T18:36:11","modified_gmt":"2021-07-26T18:36:11","slug":"baleares-se-queda-aun-lejos-de-la-recuperacion-turistica-por-la-nueva-ola-de-contagios-economiademallorca","status":"publish","type":"post","link":"https:\/\/dimensionturistica.com\/es\/baleares-se-queda-aun-lejos-de-la-recuperacion-turistica-por-la-nueva-ola-de-contagios-economiademallorca\/","title":{"rendered":"Baleares se queda a\u00fan lejos de la recuperaci\u00f3n tur\u00edstica por la nueva ola de contagios | Econom\u00edadeMallorca"},"content":{"rendered":"<p> <br \/>\n<\/p>\n<p>\t<!--blogger signature --><br \/>\n\t        <span class=\"signature\">T.G.F.<\/span>     <\/p>\n<p><!--TWITTER --><\/p>\n<p><!-- linkedin --><br \/>\n            <span class=\"desktopnewdata\"><br \/>\n                        <\/span><\/p>\n<div>\n<p><strong>Baleares<\/strong> lleva a mediados de verano lejos de las mejores previsiones tur\u00edsticas y condicionado por la quinta ola de contagios por Coroinavirus y las nuevas restricciones a viajes en media Europa.<\/p>\n<p>\u00a0<\/p>\n<p>Baleares sigue con su industria tur\u00edstica a medio gasoline a pesar de los esfuerzos de reactivaci\u00f3n realizados hasta el momento y todo parece indicar que la incertidumbre va a continuar. As\u00ed, al menos lo dejan claro\u00a0\u00a0los indicadores que ha publicado la empresa mallorquina<strong> Travelgate X<\/strong> referentes a las reservas efectuadas durante los \u00faltimos diez dias.<\/p>\n<p>\u00a0<\/p>\n<p>Estos datos ofrecidos por Travelgate X muestran como las islas est\u00e1n aun lejos de completar la recuperaci\u00f3n. Y es que si se toman las reservas que se realizaron en el 2019, el \u00faltimo verano sin pandemia, estas reservas est\u00e1n a\u00fan un 20% por debajo de esas cifras. La mayor\u00eda de comunidades estan en esta misma situaci\u00f3n como Canarias con un retroceso del 16%. Solo Andalucia y Asturias presentan mejores cifras que hace dos veranos.<\/p>\n<p>\u00a0<\/p>\n<p>Eso s\u00ed, las islas mantienen el segundo puesto como\u00a0destino nacional m\u00e1s reservado en la \u00faltima semana con un 14,2% de las reservas,\u00a0solo superadas por Andaluc\u00eda.<\/p>\n<p>\u00a0<\/p>\n<p>Tambi\u00e9n los datos muestran un ligero incremento de las reservas del 2,2% respecto la pasada semana.\u00a0Adem\u00e1s y obviamente estamos mucho mejor que hace un a\u00f1o en el que todo estaba parado.\u00a0Comparados con entonces las reservas han subido m\u00e1s de un 29,2%. Pero es que esta cifra tendr\u00eda que ser mucho m\u00e1s alta si tenemos en cuenta que en comunidades como Murcia, Catalu\u00f1a o Madrid, se roza o se supera el 100% de incremento tur\u00edstico.<\/p>\n<p>\u00a0<\/p>\n<p>A nivel international el turismo nacional representa\u00a0el 82% del movimiento tur\u00edstico a nivel de Espa\u00f1a. El segundo mercado es el brit\u00e1nico que ha ido creciendo hasta superar el 6,4%.<\/p>\n<p>\u00a0<\/p>\n<p>Eso si, ha habido se consolida\u00a0un cambio importante de comportamiento en los turistas que\u00a0estan realizando reservas entre uno a dos meses vista para estencias de 2 a 5 noches.<\/p>\n<\/div>\n<p><script>(function(d, s, id) {\n  var js, fjs = d.getElementsByTagName(s)[0];\n  if (d.getElementById(id)) return;\n  js = d.createElement(s); js.id = id;\n  js.src=\"https:\/\/connect.facebook.net\/es_LA\/sdk.js#xfbml=1&version=v3.1&appId=1092654174213164&autoLogAppEvents=1\";\n  fjs.parentNode.insertBefore(js, fjs);\n}(document, 'script', 'facebook-jssdk'));<\/script><br \/>\n<br \/><\/p>\n<p><em> &#8221; Fuentes economiademallorca.com &#8221; <\/em><\/p>\n","protected":false},"excerpt":{"rendered":"<p>T.G.F. Baleares lleva a mediados de verano lejos de las mejores previsiones tur\u00edsticas y condicionado por la quinta ola de contagios por Coroinavirus y las nuevas restricciones a viajes en media Europa. \u00a0 Baleares sigue con su industria tur\u00edstica a medio gasoline a pesar de los esfuerzos de reactivaci\u00f3n realizados hasta el momento y todo [&hellip;]<\/p>\n","protected":false},"author":4,"featured_media":164554,"comment_status":"open","ping_status":"closed","sticky":false,"template":"","format":"standard","meta":{"om_disable_all_campaigns":false,"jnews-multi-image_gallery":[],"jnews_single_post":[],"jnews_primary_category":[],"jnews_social_meta":[],"footnotes":""},"categories":[40],"tags":[1771,548,1865,28389,544],"class_list":["post-164553","post","type-post","status-publish","format-standard","has-post-thumbnail","hentry","category-industria","tag-baleares","tag-destino","tag-reservas","tag-travelgate-x","tag-turismo"],"_links":{"self":[{"href":"https:\/\/dimensionturistica.com\/es\/wp-json\/wp\/v2\/posts\/164553","targetHints":{"allow":["GET"]}}],"collection":[{"href":"https:\/\/dimensionturistica.com\/es\/wp-json\/wp\/v2\/posts"}],"about":[{"href":"https:\/\/dimensionturistica.com\/es\/wp-json\/wp\/v2\/types\/post"}],"author":[{"embeddable":true,"href":"https:\/\/dimensionturistica.com\/es\/wp-json\/wp\/v2\/users\/4"}],"replies":[{"embeddable":true,"href":"https:\/\/dimensionturistica.com\/es\/wp-json\/wp\/v2\/comments?post=164553"}],"version-history":[{"count":0,"href":"https:\/\/dimensionturistica.com\/es\/wp-json\/wp\/v2\/posts\/164553\/revisions"}],"wp:featuredmedia":[{"embeddable":true,"href":"https:\/\/dimensionturistica.com\/es\/wp-json\/wp\/v2\/media\/164554"}],"wp:attachment":[{"href":"https:\/\/dimensionturistica.com\/es\/wp-json\/wp\/v2\/media?parent=164553"}],"wp:term":[{"taxonomy":"category","embeddable":true,"href":"https:\/\/dimensionturistica.com\/es\/wp-json\/wp\/v2\/categories?post=164553"},{"taxonomy":"post_tag","embeddable":true,"href":"https:\/\/dimensionturistica.com\/es\/wp-json\/wp\/v2\/tags?post=164553"}],"curies":[{"name":"wp","href":"https:\/\/api.w.org\/{rel}","templated":true}]}}