{"id":164498,"date":"2021-07-26T17:08:51","date_gmt":"2021-07-26T17:08:51","guid":{"rendered":"https:\/\/dimensionturistica.com\/es\/?p=164498"},"modified":"2021-07-26T17:08:51","modified_gmt":"2021-07-26T17:08:51","slug":"acusan-al-que-fue-presidente-del-comite-inaugural-de-trump-de-ser-agente-de-los-emiratos-arabes-unidos-sera-procesado-el-lunes","status":"publish","type":"post","link":"https:\/\/dimensionturistica.com\/es\/acusan-al-que-fue-presidente-del-comite-inaugural-de-trump-de-ser-agente-de-los-emiratos-arabes-unidos-sera-procesado-el-lunes\/","title":{"rendered":"Acusan al que fue presidente del Comit\u00e9 Inaugural de Trump de ser agente de los Emiratos \u00c1rabes Unidos, ser\u00e1 procesado el lunes"},"content":{"rendered":"<p> <br \/>\n<\/p>\n<div>\n<p>NUEVA YORK &#8211; Se espera que el que fue presidente del comit\u00e9 inaugural del expresidente Donald Trump sea procesado el lunes en una sala de audiencias de Nueva York.<\/p>\n<p>Tom Barrack, de 74 a\u00f1os, fue liberado la semana pasada con una fianza de 250 millones de d\u00f3lares para enfrentar cargos relacionados a que presuntamente trabaj\u00f3 en secreto como agente de los Emiratos \u00c1rabes Unidos para influir en la pol\u00edtica exterior de Trump y fue sometido a monitoreo electr\u00f3nico. Fue arrestado el martes en Los \u00c1ngeles cerca de su casa.<\/p>\n<p>Se espera que Barrack se declare inocente de conspirar para influir en la pol\u00edtica estadounidense en nombre de los Emiratos \u00c1rabes Unidos durante la campa\u00f1a de Trump en 2016 y mientras Trump period presidente. Barrack, fundador de la firma de capital privado Colony Capital, fue uno de los tres hombres acusados en el caso.<\/p>\n<p>Los fiscales dijeron que Barrack utiliz\u00f3 su larga amistad private con Trump para beneficiar a los Emiratos \u00c1rabes Unidos sin revelar sus v\u00ednculos con el gobierno de Estados Unidos.<\/p>\n<p>La jueza magistrada estadounidense Patricia Donahue en Los \u00c1ngeles orden\u00f3 condiciones estrictas para la liberaci\u00f3n de Barrack. Debe entregar su pasaporte, usar un monitor GPS para rastrear su paradero, limitar los viajes entre el sur de California y la Ciudad de Nueva York y obedecer un toque de queda.<\/p>\n<p>Barrack est\u00e1 acusado de conspiraci\u00f3n, obstrucci\u00f3n a la justicia y hacer m\u00faltiples declaraciones falsas durante una entrevista de junio de 2019 con agentes federales. Matthew Grimes, de 27 a\u00f1os, exejecutivo de la compa\u00f1\u00eda de Barrack de Aspen, Colorado, y Rashid al Malik, de 43 a\u00f1os, un empresario de los Emiratos \u00c1rabes Unidos quien, seg\u00fan los fiscales, actuaba como conducto para los gobernantes de esa naci\u00f3n, tambi\u00e9n fueron acusados de siete cargos.<\/p>\n<p>Grimes fue liberado con una fianza de $ 5 millones. Al Malik huy\u00f3 de Estados Unidos tres d\u00edas despu\u00e9s de una entrevista realizada en abril de 2018 por las fuerzas del orden y sigue pr\u00f3fugo, dijeron las autoridades. Se cree que vive en alg\u00fan lugar del Medio Oriente.<\/p>\n<p>Barrack es uno de los varios asociados del expresidente que enfrenta cargos penales, incluido su expresidente de campa\u00f1a, su exvicepresidente de campa\u00f1a, su exdirector de estrategia, su exasesor de seguridad nacional, su exabogado private y el antiguo director financiero de su empresa.<\/p>\n<p>Barrack fue un asesor casual de la campa\u00f1a de Trump en 2016 antes de convertirse en el presidente del comit\u00e9 inaugural.<\/p>\n<p>Recaud\u00f3 $ 107 millones para la fastuosa celebraci\u00f3n que se analiz\u00f3 tanto por sus gastos como por atraer a numerosos funcionarios extranjeros y empresarios que buscan presionar a la nueva administraci\u00f3n. El comit\u00e9 inaugural no estuvo implicado en la acusaci\u00f3n.<\/p>\n<p>Despu\u00e9s de que Trump asumi\u00f3 el cargo, Barrack asesor\u00f3 informalmente a altos funcionarios del Gobierno de Estados Unidos sobre la pol\u00edtica exterior de Medio Oriente. Tambi\u00e9n busc\u00f3 el nombramiento como enviado especial para Medio Oriente o embajador de Estados Unidos en los Emiratos \u00c1rabes Unidos, dijeron los fiscales.<\/p>\n<p>Transmiti\u00f3 informaci\u00f3n confidencial sobre los desarrollos dentro de la administraci\u00f3n Trump a los funcionarios de los Emiratos \u00c1rabes Unidos, incluida la opini\u00f3n de los altos funcionarios estadounidenses sobre un boicot de un a\u00f1o a Qatar llevado a cabo por los Emiratos \u00c1rabes Unidos y otros pa\u00edses del Medio Oriente, dijeron los fiscales.<\/p>\n<p>Le dijo a al Malik que conseguir un puesto oficial dentro de la administraci\u00f3n le permitir\u00eda promover los intereses de los Emiratos \u00c1rabes Unidos, dijeron los fiscales.<\/p>\n<p>\u00a1Tal nombramiento &#8220;le dar\u00eda a ABU DHABI m\u00e1s poder!&#8221; le escribi\u00f3 a al Malik, dijeron los fiscales.<\/p>\n<p>Los fiscales originalmente buscaron detener a Barrack porque dijeron que period due\u00f1o de un jet privado y que corr\u00eda riesgo de fuga. Tambi\u00e9n se\u00f1alaron que tiene ciudadan\u00eda en el L\u00edbano, un pa\u00eds sin tratado de extradici\u00f3n con Estados Unidos.<\/p>\n<\/p><\/div>\n\n<p><em> &#8221; Fuentes www.telemundo47.com &#8221; <\/em><\/p>\n","protected":false},"excerpt":{"rendered":"<p>NUEVA YORK &#8211; Se espera que el que fue presidente del comit\u00e9 inaugural del expresidente Donald Trump sea procesado el lunes en una sala de audiencias de Nueva York. Tom Barrack, de 74 a\u00f1os, fue liberado la semana pasada con una fianza de 250 millones de d\u00f3lares para enfrentar cargos relacionados a que presuntamente trabaj\u00f3 [&hellip;]<\/p>\n","protected":false},"author":4,"featured_media":164499,"comment_status":"open","ping_status":"closed","sticky":false,"template":"","format":"standard","meta":{"om_disable_all_campaigns":false,"jnews-multi-image_gallery":[],"jnews_single_post":[],"jnews_primary_category":[],"jnews_social_meta":[],"footnotes":""},"categories":[40],"tags":[2506,28376],"class_list":["post-164498","post","type-post","status-publish","format-standard","has-post-thumbnail","hentry","category-industria","tag-nueva-york","tag-tom-barrack"],"_links":{"self":[{"href":"https:\/\/dimensionturistica.com\/es\/wp-json\/wp\/v2\/posts\/164498","targetHints":{"allow":["GET"]}}],"collection":[{"href":"https:\/\/dimensionturistica.com\/es\/wp-json\/wp\/v2\/posts"}],"about":[{"href":"https:\/\/dimensionturistica.com\/es\/wp-json\/wp\/v2\/types\/post"}],"author":[{"embeddable":true,"href":"https:\/\/dimensionturistica.com\/es\/wp-json\/wp\/v2\/users\/4"}],"replies":[{"embeddable":true,"href":"https:\/\/dimensionturistica.com\/es\/wp-json\/wp\/v2\/comments?post=164498"}],"version-history":[{"count":0,"href":"https:\/\/dimensionturistica.com\/es\/wp-json\/wp\/v2\/posts\/164498\/revisions"}],"wp:featuredmedia":[{"embeddable":true,"href":"https:\/\/dimensionturistica.com\/es\/wp-json\/wp\/v2\/media\/164499"}],"wp:attachment":[{"href":"https:\/\/dimensionturistica.com\/es\/wp-json\/wp\/v2\/media?parent=164498"}],"wp:term":[{"taxonomy":"category","embeddable":true,"href":"https:\/\/dimensionturistica.com\/es\/wp-json\/wp\/v2\/categories?post=164498"},{"taxonomy":"post_tag","embeddable":true,"href":"https:\/\/dimensionturistica.com\/es\/wp-json\/wp\/v2\/tags?post=164498"}],"curies":[{"name":"wp","href":"https:\/\/api.w.org\/{rel}","templated":true}]}}