{"id":164049,"date":"2021-07-25T17:59:29","date_gmt":"2021-07-25T17:59:29","guid":{"rendered":"https:\/\/dimensionturistica.com\/es\/?p=164049"},"modified":"2021-07-25T17:59:29","modified_gmt":"2021-07-25T17:59:29","slug":"ayuso-destaca-del-paisaje-de-la-luz-que-hace-que-el-corazon-de-espana-sea-cada-vez-mas-atractivo","status":"publish","type":"post","link":"https:\/\/dimensionturistica.com\/es\/ayuso-destaca-del-paisaje-de-la-luz-que-hace-que-el-corazon-de-espana-sea-cada-vez-mas-atractivo\/","title":{"rendered":"Ayuso destaca del Paisaje de la Luz que hace que &#8220;el coraz\u00f3n de Espa\u00f1a sea cada vez m\u00e1s atractivo&#8221;"},"content":{"rendered":"<p> <br \/>\n<\/p>\n<div>\n<p>   MADRID, 25 (EUROPA PRESS TELEVISI\u00d3N)<\/p>\n<p>   La presidenta de la Comunidad, Isabel D\u00edaz Ayuso, ha destacado del Paisaje de la Luz, que ha conseguido la inscripci\u00f3n del Paseo del Prado y del Retiro como Patrimonio Mundial por la Unesco, que que hace que &#8220;el coraz\u00f3n de Espa\u00f1a sea cada vez m\u00e1s atractivo&#8221;.<\/p>\n<div class=\"ad-slot oat oat-visible oat-top \" data-mark=\"Publicidad\" style=\"height: 390px;\"><a rel=\"nofollow noopener\" target=\"_blank\" href=\"https:\/\/www.eldiarioalerta.com\/ads\/20210701105416171034\"> <img decoding=\"async\" src=\"https:\/\/www.eldiarioalerta.com\/media\/diarioalerta\/images\/2021\/07\/01\/2021070110530734775.jpg\" width=\"626\" height=\"375\"\/> <\/a><\/div>\n<p>   Ayuso ha puesto en valor que la Comunidad es &#8220;una de las regiones de Europa con m\u00e1s bienes declarados de inter\u00e9s mundial&#8221;. Ser\u00e1 el primer bien mundial inscrito en la capital de Espa\u00f1a y se unir\u00e1 a los bienes ya declarados ubicados en la Comunidad: el Monasterio de El Escorial, la universidad y el casco hist\u00f3rico de Alcal\u00e1 de Henares, el paisaje cultural de Aranjuez y el Hayedo de Montejo.<\/p>\n<p>   Tambi\u00e9n ha destacado que Espa\u00f1a es &#8220;el tercer pa\u00eds del mundo con m\u00e1s patrimonio mundial&#8221;. Todo esto le ha llevado a felicitar a las corporaciones municipales que han hecho posible la inscripci\u00f3n de un lugar que ha sabido congregar participaci\u00f3n ciudadana, cultura y ciencia.<\/p>\n<p>   Ayuso ha puesto en valor que el Teatro Actual haya recibido el Worldwide Opera Award 2021 como mejor teatro de \u00f3pera, que la regi\u00f3n est\u00e9 recibido &#8220;los mejores hoteles&#8221; o que este fin de semana haya inaugurado el medallero ol\u00edmpico con la alcala\u00edna Adriana Cerezo, plata en taekwondo.<\/p>\n<p>IM\u00c1GENES DISPONIBLES EN EUROPA PRESS TELEVISI\u00d3N<\/p>\n<p>URL DE DESCARGA: <\/p>\n<p>https:\/\/www.europapress.television\/politica\/587771\/1\/ayuso-destaca-valor-aporta-paisaje-luz-ciudad-madrid<\/p>\n<p>TEL\u00c9FONO DE CONTACTO 91 345 44 06 <\/p>\n<\/p><\/div>\n<p><script>(function(d, s, id) {\n      var js, fjs = d.getElementsByTagName(s)[0];\n      if (d.getElementById(id)) return;\n      js = d.createElement(s); js.id = id;\n      js.src = \"\/\/connect.facebook.net\/es_ES\/all.js#xfbml=1&version=v2.8&appId=196617431074428\";\n      fjs.parentNode.insertBefore(js, fjs);\n    }(document, 'script', 'facebook-jssdk'));<\/script><br \/>\n<br \/><\/p>\n<p><em> &#8221; Fuentes www.eldiarioalerta.com &#8221; <\/em><\/p>\n","protected":false},"excerpt":{"rendered":"<p>MADRID, 25 (EUROPA PRESS TELEVISI\u00d3N) La presidenta de la Comunidad, Isabel D\u00edaz Ayuso, ha destacado del Paisaje de la Luz, que ha conseguido la inscripci\u00f3n del Paseo del Prado y del Retiro como Patrimonio Mundial por la Unesco, que que hace que &#8220;el coraz\u00f3n de Espa\u00f1a sea cada vez m\u00e1s atractivo&#8221;. Ayuso ha puesto en [&hellip;]<\/p>\n","protected":false},"author":4,"featured_media":151174,"comment_status":"open","ping_status":"closed","sticky":false,"template":"","format":"standard","meta":{"om_disable_all_campaigns":false,"jnews-multi-image_gallery":[],"jnews_single_post":[],"jnews_primary_category":[],"jnews_social_meta":[],"footnotes":""},"categories":[39],"tags":[7443,22087,2640,5622,11266,770,6059,8373,795,10325,1890,4424,4445,442],"class_list":["post-164049","post","type-post","status-publish","format-standard","has-post-thumbnail","hentry","category-viajes","tag-atractivo","tag-ayuso","tag-cada","tag-corazon","tag-destaca","tag-espana","tag-hace","tag-luz","tag-mas","tag-paisaje","tag-que","tag-sea","tag-vez","tag-video"],"_links":{"self":[{"href":"https:\/\/dimensionturistica.com\/es\/wp-json\/wp\/v2\/posts\/164049","targetHints":{"allow":["GET"]}}],"collection":[{"href":"https:\/\/dimensionturistica.com\/es\/wp-json\/wp\/v2\/posts"}],"about":[{"href":"https:\/\/dimensionturistica.com\/es\/wp-json\/wp\/v2\/types\/post"}],"author":[{"embeddable":true,"href":"https:\/\/dimensionturistica.com\/es\/wp-json\/wp\/v2\/users\/4"}],"replies":[{"embeddable":true,"href":"https:\/\/dimensionturistica.com\/es\/wp-json\/wp\/v2\/comments?post=164049"}],"version-history":[{"count":0,"href":"https:\/\/dimensionturistica.com\/es\/wp-json\/wp\/v2\/posts\/164049\/revisions"}],"wp:featuredmedia":[{"embeddable":true,"href":"https:\/\/dimensionturistica.com\/es\/wp-json\/wp\/v2\/media\/151174"}],"wp:attachment":[{"href":"https:\/\/dimensionturistica.com\/es\/wp-json\/wp\/v2\/media?parent=164049"}],"wp:term":[{"taxonomy":"category","embeddable":true,"href":"https:\/\/dimensionturistica.com\/es\/wp-json\/wp\/v2\/categories?post=164049"},{"taxonomy":"post_tag","embeddable":true,"href":"https:\/\/dimensionturistica.com\/es\/wp-json\/wp\/v2\/tags?post=164049"}],"curies":[{"name":"wp","href":"https:\/\/api.w.org\/{rel}","templated":true}]}}