{"id":164005,"date":"2021-07-25T15:02:14","date_gmt":"2021-07-25T15:02:14","guid":{"rendered":"https:\/\/dimensionturistica.com\/es\/?p=164005"},"modified":"2021-07-25T15:02:14","modified_gmt":"2021-07-25T15:02:14","slug":"santa-cruz-el-ex-concejal-que-podria-ser-candidato","status":"publish","type":"post","link":"https:\/\/dimensionturistica.com\/es\/santa-cruz-el-ex-concejal-que-podria-ser-candidato\/","title":{"rendered":"Santa Cruz | El ex concejal que podr\u00eda ser candidato"},"content":{"rendered":"<p> <br \/>\n<\/p>\n<div id=\"nota_txt_noticia\">\n<p>&#8220;De El Calafate, con actividad pol\u00edtica partidaria, institucional y social ya desde tiempos universitarios. En El Calafate fui concejal a fines de los noventa y participando en <strong>Encuentro Ciudadano<\/strong> desde el 2007. Siempre he trabajado en la actividad tur\u00edstica, actualmente tengo junto con dos socios una agencia de viajes&#8221;, se\u00f1ala la rese\u00f1a de <strong>Fernando Cervo<\/strong>, quien acompa\u00f1a a Gabriela Mestel\u00e1n en la lista de precandidatos de Encuentro Ciudadano.<\/p>\n<p>El partido es una de las cinco listas que integra<strong> Cambia Santa Cruz<\/strong> camino a las <strong>PASO <\/strong>que se realizar\u00e1n el 12 de septiembre.<\/p>\n<p>\u00a0<\/p>\n<p><strong><em>TS: Hay un an\u00e1lisis que realiza el oficialismo de Cambia Santa Cruz en el cual Mestel\u00e1n puede quedar segunda, por ende, Usted integrar\u00eda la lista de candidatos con Roxana Reyes.<\/em><\/strong><\/p>\n<p>Considero que puede ser as\u00ed y es una de las tantas especulaciones. Suena a latiguillo, pero cualquiera de los que integran la lista de Encuentro Ciudadano puede tranquilamente ser diputado nacional y representar a Santa Cruz. El compromiso es ese, porque no hay una candidatura testimonial de ninguno de nosotros. Es parte de las PASO y es lo lindo de este proceso de las Primarias.<\/p>\n<p>\u00a0<\/p>\n<p><strong><em>-\u00bfPor qu\u00e9 decidi\u00f3 aceptar?<\/em><\/strong><\/p>\n<p>Hace a\u00f1os trabajo en pol\u00edtica. De hecho integr\u00e9 el Frente Grande y fui concejal en 1999 con el FREPASO y empec\u00e9 a trabajar con Encuentro Ciudadano en 2007. Fui candidato a todo en mi pueblo, a Intendente, diputado por el Pueblo y siempre tuve participaci\u00f3n en pol\u00edtica partidaria. En la provincia no se me conoce porque tengo una participaci\u00f3n institucional desde la actividad tur\u00edstica privada. Particip\u00e9 en el sector empresarial en mi localidad con la Asociaci\u00f3n de Agentes de Viajes y en el armado de la C\u00e1mara Provincial de Turismo.<\/p>\n<p>\u00a0<\/p>\n<p>La tercera que completa la lista es<\/p>\n<p><strong>Ethel Gargiulo. <\/strong>De Caleta Olivia, es trabajadora del Poder Judicial desde el a\u00f1o 2007, en donde particip\u00f3 activamente en el gremio judicial y actualmente es delegada. Hasta el 2007 se desempe\u00f1\u00f3 en actividades relacionadas con la comunicaci\u00f3n social, radiales, escritas e institucionales.<\/p>\n<\/div>\n<p><script async defer crossorigin=\"anonymous\" src=\"https:\/\/connect.facebook.net\/es_ES\/sdk.js#xfbml=1&#038;version=v10.0\" nonce=\"sWDqRJBj\" type=\"684c44398d1832391ee32f4b-text\/javascript\"><\/script><br \/>\n<br \/><\/p>\n<p><em> &#8221; Fuentes www.tiemposur.com.ar &#8221; <\/em><\/p>\n","protected":false},"excerpt":{"rendered":"<p>&#8220;De El Calafate, con actividad pol\u00edtica partidaria, institucional y social ya desde tiempos universitarios. En El Calafate fui concejal a fines de los noventa y participando en Encuentro Ciudadano desde el 2007. Siempre he trabajado en la actividad tur\u00edstica, actualmente tengo junto con dos socios una agencia de viajes&#8221;, se\u00f1ala la rese\u00f1a de Fernando Cervo, [&hellip;]<\/p>\n","protected":false},"author":4,"featured_media":0,"comment_status":"open","ping_status":"closed","sticky":false,"template":"","format":"standard","meta":{"om_disable_all_campaigns":false,"jnews-multi-image_gallery":[],"jnews_single_post":[],"jnews_primary_category":[],"jnews_social_meta":[],"footnotes":""},"categories":[40],"tags":[2142,28312,28313,3165],"class_list":["post-164005","post","type-post","status-publish","format-standard","hentry","category-industria","tag-elecciones","tag-encuentro-ciudadano","tag-fernando-cervo","tag-paso"],"_links":{"self":[{"href":"https:\/\/dimensionturistica.com\/es\/wp-json\/wp\/v2\/posts\/164005","targetHints":{"allow":["GET"]}}],"collection":[{"href":"https:\/\/dimensionturistica.com\/es\/wp-json\/wp\/v2\/posts"}],"about":[{"href":"https:\/\/dimensionturistica.com\/es\/wp-json\/wp\/v2\/types\/post"}],"author":[{"embeddable":true,"href":"https:\/\/dimensionturistica.com\/es\/wp-json\/wp\/v2\/users\/4"}],"replies":[{"embeddable":true,"href":"https:\/\/dimensionturistica.com\/es\/wp-json\/wp\/v2\/comments?post=164005"}],"version-history":[{"count":0,"href":"https:\/\/dimensionturistica.com\/es\/wp-json\/wp\/v2\/posts\/164005\/revisions"}],"wp:attachment":[{"href":"https:\/\/dimensionturistica.com\/es\/wp-json\/wp\/v2\/media?parent=164005"}],"wp:term":[{"taxonomy":"category","embeddable":true,"href":"https:\/\/dimensionturistica.com\/es\/wp-json\/wp\/v2\/categories?post=164005"},{"taxonomy":"post_tag","embeddable":true,"href":"https:\/\/dimensionturistica.com\/es\/wp-json\/wp\/v2\/tags?post=164005"}],"curies":[{"name":"wp","href":"https:\/\/api.w.org\/{rel}","templated":true}]}}