{"id":163649,"date":"2021-07-24T04:37:17","date_gmt":"2021-07-24T04:37:17","guid":{"rendered":"https:\/\/dimensionturistica.com\/es\/?p=163649"},"modified":"2021-07-24T04:37:17","modified_gmt":"2021-07-24T04:37:17","slug":"catamarca-tiene-una-nueva-pagina-web-de-turismo","status":"publish","type":"post","link":"https:\/\/dimensionturistica.com\/es\/catamarca-tiene-una-nueva-pagina-web-de-turismo\/","title":{"rendered":"Catamarca tiene una nueva p\u00e1gina web de turismo"},"content":{"rendered":"<p> <br \/>\n<\/p>\n<div>\n<div class=\"fecha-movil\">\n<p>\n<span class=\"dia\">s\u00e1bado, 24 de julio de 2021<\/span><br \/>\n<span class=\"brand-circle\"\/><br \/>\n<span class=\"hora\">01:24<\/span>\n<\/p>\n<\/div>\n<p>Ayer se realiz\u00f3 la presentaci\u00f3n de la nueva p\u00e1gina net de Turismo Catamarca (<a rel=\"nofollow noopener\" target=\"_blank\" href=\"http:\/\/www.turismo.catamarca.gob.ar\">www.turismo.catamarca.gob.ar<\/a>), que condensa informaci\u00f3n sobre los circuitos, rutas y servicios tur\u00edsticos de la provincia pensados para que los viajeros puedan dise\u00f1ar su propio itinerario en funci\u00f3n de sus intereses y tiempos de visita.<\/p>\n<p>La presentaci\u00f3n se concret\u00f3 en Casa de Gobierno con la participaci\u00f3n del gobernador Ra\u00fal Jalil, la ministra de Planificaci\u00f3n y Modernizaci\u00f3n, a cargo del ministerio de Cultura y Turismo, Susana Peralta, la directora de Promoci\u00f3n Tur\u00edstica Paola Clemente, la directora de Advertising and marketing y Redes de Turismo, \u00c1mbar Varela, el presidente de la Asociaci\u00f3n de Agencias de Viajes de Catamarca, Marcelo Coll. Tambi\u00e9n acompa\u00f1\u00f3 la secretaria de Modernizaci\u00f3n, Romina Arga\u00f1araz.<\/p>\n<p>\u201cEsta p\u00e1gina es resultado de un trabajo que venimos haciendo como equipo de Gobierno y junto al sector privado. Entendemos que, como gobierno, tenemos que ser instrumento para apoyar y apuntalar al sector privado sobre todo al turismo y la cultura tan afectados en la pandemia\u201d, se\u00f1al\u00f3 Peralta tras delinear las principales secciones y contenidos que tiene la p\u00e1gina, entre las que destac\u00f3 Descubr\u00ed Catamarca, con circuitos y rutas tur\u00edsticas; Arm\u00e1 Tu Itinerario, que permite al visitante planificar su viaje, conocer los paquetes y circuitos tur\u00edsticos y contactar directamente con las agencias de viajes que lo comercializan.<br \/>La p\u00e1gina cuenta tambi\u00e9n con una tienda digital de artesan\u00edas, vinculada a Mercado Libre, que permite a los artesanos catamarque\u00f1os comercializar directamente sus productos y a la que podr\u00e1n sumarse todos los artesanos registrados en Catamarca.<\/p>\n<p>\u201cEste es un producto que, si bien lanzamos en la antesala de la Fiesta del Poncho, porque tiene la tienda de artesan\u00edas, es algo que va a quedarse y va a ir sumando mejores herramientas\u201d, se\u00f1al\u00f3 Peralta.<\/p>\n<p>En representaci\u00f3n de la secretar\u00eda de Gesti\u00f3n Tur\u00edstica, Paola Clemente y \u00c1mbar Varela, detallaron las caracter\u00edsticas de la p\u00e1gina, remarcando que se trata de una net din\u00e1mica e intuitiva que apuesta a mostrar la diversidad de atractivos que ofrece Catamarca, brindar informaci\u00f3n precisa y actualizada al turista en cuanto a itinerarios, rutas y servicios de los prestadores tur\u00edsticos registrados, tanto en los rubros hoteler\u00eda, gastronom\u00eda, agencias, turismo activo y gu\u00edas. Una secci\u00f3n especial detalla los requisitos de ingreso a la provincia y a los distintos municipios, con informaci\u00f3n permanentemente actualizada.<\/p>\n<p>A su turno, Marcelo Coll, de la Asociaci\u00f3n de Agencias de Viajes de Catamarca, valor\u00f3 la sinergia que el Estado propuso al sector privado para trabajar por la reactivaci\u00f3n del turismo en pandemia: \u201cEstos son hechos concretos que demuestran el trabajo en equipo con el sector privado y la participaci\u00f3n que nos dan en este tipo de decisiones y en otras que ata\u00f1en a nuestra actividad. El turismo viene de un a\u00f1o y cinco meses muy duros, pero esto nos abre una visi\u00f3n distinta que lo que pueda venir para Catamarca, posicionarnos en la oferta nacional que es lo que todos aspiramos\u201d.<\/p>\n<\/div>\n<p><script>\n      window.fbAsyncInit = function() {\n        FB.init({\n          appId      : '{156514237751510}',\n          status     : true,\n\t\t  version:  'v2.7',\n          xfbml      : true\n        });\nFB.Event.subscribe('comment.create', function (response) {grabacom_compa(404070)});\t\nFB.Event.subscribe('comment.remove',  function (response) {grabacom_compa(404070)});\t\nFB.Event.subscribe('edge.create',  function (response) {grabacom_compa(404070)});\nFB.Event.subscribe('edge.remove',  function (response) {grabacom_compa(404070)});\n      };\n(function(d, s, id) {\n  var js, fjs = d.getElementsByTagName(s)[0];\n  if (d.getElementById(id)) return;\n  js = d.createElement(s); js.id = id;\n  js.src = \"\/\/connect.facebook.net\/es_LA\/sdk.js#xfbml=1&version=v2.7&appId=156514237751510\";\n  fjs.parentNode.insertBefore(js, fjs);\n}(document, 'script', 'facebook-jssdk'));\n    <\/script><br \/>\n<br \/><\/p>\n<p><em> &#8221; Fuentes www.elesquiu.com &#8221; <\/em><\/p>\n","protected":false},"excerpt":{"rendered":"<p>s\u00e1bado, 24 de julio de 2021 01:24 Ayer se realiz\u00f3 la presentaci\u00f3n de la nueva p\u00e1gina net de Turismo Catamarca (www.turismo.catamarca.gob.ar), que condensa informaci\u00f3n sobre los circuitos, rutas y servicios tur\u00edsticos de la provincia pensados para que los viajeros puedan dise\u00f1ar su propio itinerario en funci\u00f3n de sus intereses y tiempos de visita. La presentaci\u00f3n [&hellip;]<\/p>\n","protected":false},"author":4,"featured_media":163650,"comment_status":"open","ping_status":"closed","sticky":false,"template":"","format":"standard","meta":{"om_disable_all_campaigns":false,"jnews-multi-image_gallery":[],"jnews_single_post":[],"jnews_primary_category":[],"jnews_social_meta":[],"footnotes":""},"categories":[40],"tags":[544,373],"class_list":["post-163649","post","type-post","status-publish","format-standard","has-post-thumbnail","hentry","category-industria","tag-turismo","tag-web"],"_links":{"self":[{"href":"https:\/\/dimensionturistica.com\/es\/wp-json\/wp\/v2\/posts\/163649","targetHints":{"allow":["GET"]}}],"collection":[{"href":"https:\/\/dimensionturistica.com\/es\/wp-json\/wp\/v2\/posts"}],"about":[{"href":"https:\/\/dimensionturistica.com\/es\/wp-json\/wp\/v2\/types\/post"}],"author":[{"embeddable":true,"href":"https:\/\/dimensionturistica.com\/es\/wp-json\/wp\/v2\/users\/4"}],"replies":[{"embeddable":true,"href":"https:\/\/dimensionturistica.com\/es\/wp-json\/wp\/v2\/comments?post=163649"}],"version-history":[{"count":0,"href":"https:\/\/dimensionturistica.com\/es\/wp-json\/wp\/v2\/posts\/163649\/revisions"}],"wp:featuredmedia":[{"embeddable":true,"href":"https:\/\/dimensionturistica.com\/es\/wp-json\/wp\/v2\/media\/163650"}],"wp:attachment":[{"href":"https:\/\/dimensionturistica.com\/es\/wp-json\/wp\/v2\/media?parent=163649"}],"wp:term":[{"taxonomy":"category","embeddable":true,"href":"https:\/\/dimensionturistica.com\/es\/wp-json\/wp\/v2\/categories?post=163649"},{"taxonomy":"post_tag","embeddable":true,"href":"https:\/\/dimensionturistica.com\/es\/wp-json\/wp\/v2\/tags?post=163649"}],"curies":[{"name":"wp","href":"https:\/\/api.w.org\/{rel}","templated":true}]}}