{"id":163333,"date":"2021-07-23T11:39:39","date_gmt":"2021-07-23T11:39:39","guid":{"rendered":"https:\/\/dimensionturistica.com\/es\/?p=163333"},"modified":"2021-07-23T11:39:40","modified_gmt":"2021-07-23T11:39:40","slug":"experiencias-sensoriales-en-tendencia-turistica","status":"publish","type":"post","link":"https:\/\/dimensionturistica.com\/es\/experiencias-sensoriales-en-tendencia-turistica\/","title":{"rendered":"Experiencias sensoriales en tendencia tur\u00edstica"},"content":{"rendered":"<p> <br \/>\n<\/p>\n<div id=\"\">\n<p class=\"default__StyledText-sc-1x318ic-0 gCUWbD\">Desde los \u00faltimos meses, es innegable la tendencia que las experiencias sensoriales han tra\u00eddo en la pandemia.<\/p>\n<p class=\"default__StyledText-sc-1x318ic-0 gCUWbD\">A trav\u00e9s de ellas se ha logrado la reactivaci\u00f3n de la industria tur\u00edstica en las grandes ciudades.<\/p>\n<p class=\"default__StyledText-sc-1x318ic-0 gCUWbD\">Pero al mismo tiempo, han tra\u00eddo una tendencia de replantear la <mark><b>oferta de los museos<\/b><\/mark> y el c\u00f3mo volver cada vez m\u00e1s interactivas sus exposiciones pese a la agon\u00eda contra la que luchan algunos de ellos en la pandemia dependiendo el esquema por el que se manejan.<\/p>\n<p class=\"default__StyledText-sc-1x318ic-0 gCUWbD\">Pero \u00bfpor qu\u00e9 es indudable ligar en estos tambi\u00e9n a otros prestadores de servicios tur\u00edsticos con esta tendencia?<\/p>\n<p class=\"default__StyledText-sc-1x318ic-0 gCUWbD\">La respuesta es f\u00e1cil, al ser un indudable atractivo, muchas de ellas se pueden aliar con restauranteros, gu\u00edas de turistas y hasta hoteleros para impulsar las llamadas rutas tur\u00edsticas que sirvan en las grandes ciudades.<\/p>\n<p class=\"default__StyledText-sc-1x318ic-0 gCUWbD\">Esto a pesar de que varios hoteleros y l\u00edderes del sector han se\u00f1alado continuamente la innegable tendencia del<u><b> turista<\/b><\/u> de ir a zonas de naturaleza o playas.<\/p>\n<p class=\"default__StyledText-sc-1x318ic-0 gCUWbD\">Es necesario voltear a ver tambi\u00e9n los destinos que no son la joya de la corona y con ello reactivar e impulsar a la industria de la hospitalidad y cultural en las grandes urbes.<\/p>\n<p class=\"default__StyledText-sc-1x318ic-0 gCUWbD\">Pero sobre todo, apostar a homologar todos los proceso digitales que se han implementado dentro de la reactivaci\u00f3n para generar una oferta que beneficie a todos de forma equitativa.<\/p>\n<\/div>\n\n<p><em> &#8221; Fuentes www.sdpnoticias.com &#8221; <\/em><\/p>\n","protected":false},"excerpt":{"rendered":"<p>Desde los \u00faltimos meses, es innegable la tendencia que las experiencias sensoriales han tra\u00eddo en la pandemia. A trav\u00e9s de ellas se ha logrado la reactivaci\u00f3n de la industria tur\u00edstica en las grandes ciudades. Pero al mismo tiempo, han tra\u00eddo una tendencia de replantear la oferta de los museos y el c\u00f3mo volver cada vez [&hellip;]<\/p>\n","protected":false},"author":4,"featured_media":163334,"comment_status":"open","ping_status":"closed","sticky":false,"template":"","format":"standard","meta":{"om_disable_all_campaigns":false,"jnews-multi-image_gallery":[],"jnews_single_post":[],"jnews_primary_category":[],"jnews_social_meta":[],"footnotes":""},"categories":[40],"tags":[544],"class_list":["post-163333","post","type-post","status-publish","format-standard","has-post-thumbnail","hentry","category-industria","tag-turismo"],"_links":{"self":[{"href":"https:\/\/dimensionturistica.com\/es\/wp-json\/wp\/v2\/posts\/163333","targetHints":{"allow":["GET"]}}],"collection":[{"href":"https:\/\/dimensionturistica.com\/es\/wp-json\/wp\/v2\/posts"}],"about":[{"href":"https:\/\/dimensionturistica.com\/es\/wp-json\/wp\/v2\/types\/post"}],"author":[{"embeddable":true,"href":"https:\/\/dimensionturistica.com\/es\/wp-json\/wp\/v2\/users\/4"}],"replies":[{"embeddable":true,"href":"https:\/\/dimensionturistica.com\/es\/wp-json\/wp\/v2\/comments?post=163333"}],"version-history":[{"count":0,"href":"https:\/\/dimensionturistica.com\/es\/wp-json\/wp\/v2\/posts\/163333\/revisions"}],"wp:featuredmedia":[{"embeddable":true,"href":"https:\/\/dimensionturistica.com\/es\/wp-json\/wp\/v2\/media\/163334"}],"wp:attachment":[{"href":"https:\/\/dimensionturistica.com\/es\/wp-json\/wp\/v2\/media?parent=163333"}],"wp:term":[{"taxonomy":"category","embeddable":true,"href":"https:\/\/dimensionturistica.com\/es\/wp-json\/wp\/v2\/categories?post=163333"},{"taxonomy":"post_tag","embeddable":true,"href":"https:\/\/dimensionturistica.com\/es\/wp-json\/wp\/v2\/tags?post=163333"}],"curies":[{"name":"wp","href":"https:\/\/api.w.org\/{rel}","templated":true}]}}