{"id":162390,"date":"2021-07-21T19:52:29","date_gmt":"2021-07-21T19:52:29","guid":{"rendered":"https:\/\/dimensionturistica.com\/es\/?p=162390"},"modified":"2021-07-21T19:52:29","modified_gmt":"2021-07-21T19:52:29","slug":"turistas-internacionales-fue-85-inferior-a-nivel-de-2019-omt","status":"publish","type":"post","link":"https:\/\/dimensionturistica.com\/es\/turistas-internacionales-fue-85-inferior-a-nivel-de-2019-omt\/","title":{"rendered":"Turistas internacionales fue 85% inferior a nivel de 2019: OMT"},"content":{"rendered":"<p> <br \/>\n<\/p>\n<div id=\"content-body\" itemprop=\"articleBody\">\n<p>El arribo de <b>turistas internacionales<\/b> cay\u00f3 85 por ciento hasta mayo en todo el mundo, respecto a los niveles registrados en 2019, antes de la <a rel=\"nofollow noopener\" target=\"_blank\" href=\"https:\/\/www.milenio.com\/temas\/pandemia\">pandemia<\/a>, mientras que el retroceso en comparaci\u00f3n con los cinco primeros meses de 2020 se situ\u00f3 en 65 por ciento, seg\u00fan datos de la <a rel=\"nofollow noopener\" target=\"_blank\" href=\"https:\/\/www.milenio.com\/temas\/omt\">Organizaci\u00f3n Mundial del Turismo (OMT)<\/a>.<\/p>\n<p>La OMT explic\u00f3 este mi\u00e9rcoles en un comunicado que entre enero y mayo de 2021 <b>se contabilizaron 460 millones de llegadas internacionales menos que en el mismo periodo de 2019<\/b> y 147 millones menos respecto a 2020.<\/p>\n<p>La organizaci\u00f3n destac\u00f3 un peque\u00f1o repunte en mayo pasado, coincidiendo con la <b>flexibilizaci\u00f3n de restricciones de algunos pa\u00edses<\/b> y el ligero aumento de la confianza de los consumidores.<\/p>\n<p>Sin embargo, se\u00f1al\u00f3 que la aparici\u00f3n de <b>nuevas variantes de<\/b> <a rel=\"nofollow noopener\" target=\"_blank\" href=\"https:\/\/www.milenio.com\/temas\/coronavirus\">coronavirus<\/a>, como la delta, y la constante imposici\u00f3n de restricciones est\u00e1n provocando que el <b>turismo interno<\/b> se recupere a una mayor velocidad que el internacional.<\/p>\n<p>Por regiones, <b>Asia y el Pac\u00edfico fue la que m\u00e1s cay\u00f3 en los cinco primeros meses del a\u00f1o en comparaci\u00f3n con los niveles previos a la pandemia,<\/b> con un descenso del 95 por ciento, seguida de Europa, que perdi\u00f3 85 por ciento, Oriente Medio (83 por ciento), \u00c1frica (81 por ciento) y la regi\u00f3n de las Am\u00e9ricas (72 por ciento), que experiment\u00f3 un descenso comparativamente menor.<\/p>\n<p>\u200b<span style=\"font-family: var(--font-utopia5);\">En este sentido, la subregi\u00f3n del <\/span><b>Caribe fue la que mejores datos registr\u00f3 a nivel mundial durante mayo<\/b><span style=\"font-family: var(--font-utopia5);\">, con un descenso del 60 por ciento respecto a 2019, benefici\u00e1ndose del aumento del n\u00famero de viajes desde Estados Unidos.<\/span><\/p>\n<p>Seg\u00fan el secretario common de la OMT, Zurab Pololikashvili, para reactivar el <a rel=\"nofollow noopener\" target=\"_blank\" href=\"https:\/\/www.milenio.com\/temas\/turismo\">turismo<\/a> ser\u00e1 necesario &#8220;acelerar el ritmo de <a rel=\"nofollow noopener\" target=\"_blank\" href=\"https:\/\/www.milenio.com\/temas\/vacunacion\">vacunaci\u00f3n<\/a> en todo el mundo&#8221; e impulsar &#8220;las herramientas digitales&#8221; que favorecen la movilidad.<\/p>\n<p>Respecto a las <b>restricciones de movilidad<\/b>, en junio el n\u00famero de destinos con las fronteras totalmente cerradas se situ\u00f3 en 63, frente a los 69 de febrero.<\/p>\n<p>Del whole de destinos cerrados, 33 se encuentran en la regi\u00f3n de Asia y el Pac\u00edfico y tan s\u00f3lo siete en <b>Europa, situ\u00e1ndose como la regi\u00f3n con menos restricciones para viajar en la actualidad.<\/b><\/p>\n<p>Sobre las perspectiva de recuperaci\u00f3n, 49 por ciento de los expertos consultados por la OMT se\u00f1al\u00f3 que<b> no se alcanzar\u00e1n los niveles de turismo internacional previos a la pandemia hasta 2024<\/b>, frente al 36 por ciento que adelant\u00f3 la fecha hasta 2023 y 14 por ciento que apunt\u00f3 a 2022.<\/p>\n<p>srgs<\/p>\n<\/p><\/div>\n<p><script async defer crossorigin=\"anonymous\" src=\"https:\/\/connect.facebook.net\/es_LA\/sdk.js#xfbml=1&#038;version=v7.0\" nonce=\"ZELF4oef\"><\/script><br \/>\n<br \/><\/p>\n<p><em> &#8221; Fuentes www.milenio.com &#8221; <\/em><\/p>\n","protected":false},"excerpt":{"rendered":"<p>El arribo de turistas internacionales cay\u00f3 85 por ciento hasta mayo en todo el mundo, respecto a los niveles registrados en 2019, antes de la pandemia, mientras que el retroceso en comparaci\u00f3n con los cinco primeros meses de 2020 se situ\u00f3 en 65 por ciento, seg\u00fan datos de la Organizaci\u00f3n Mundial del Turismo (OMT). La [&hellip;]<\/p>\n","protected":false},"author":4,"featured_media":162391,"comment_status":"open","ping_status":"closed","sticky":false,"template":"","format":"standard","meta":{"om_disable_all_campaigns":false,"jnews-multi-image_gallery":[],"jnews_single_post":[],"jnews_primary_category":[],"jnews_social_meta":[],"footnotes":""},"categories":[39],"tags":[1347,1158,626,1701,28106,544,7770,10944],"class_list":["post-162390","post","type-post","status-publish","format-standard","has-post-thumbnail","hentry","category-viajes","tag-movilidad","tag-omt","tag-pandemia","tag-recuperacion","tag-restricciones-en-viajes","tag-turismo","tag-turistas-internacionales","tag-vacunacion"],"_links":{"self":[{"href":"https:\/\/dimensionturistica.com\/es\/wp-json\/wp\/v2\/posts\/162390","targetHints":{"allow":["GET"]}}],"collection":[{"href":"https:\/\/dimensionturistica.com\/es\/wp-json\/wp\/v2\/posts"}],"about":[{"href":"https:\/\/dimensionturistica.com\/es\/wp-json\/wp\/v2\/types\/post"}],"author":[{"embeddable":true,"href":"https:\/\/dimensionturistica.com\/es\/wp-json\/wp\/v2\/users\/4"}],"replies":[{"embeddable":true,"href":"https:\/\/dimensionturistica.com\/es\/wp-json\/wp\/v2\/comments?post=162390"}],"version-history":[{"count":0,"href":"https:\/\/dimensionturistica.com\/es\/wp-json\/wp\/v2\/posts\/162390\/revisions"}],"wp:featuredmedia":[{"embeddable":true,"href":"https:\/\/dimensionturistica.com\/es\/wp-json\/wp\/v2\/media\/162391"}],"wp:attachment":[{"href":"https:\/\/dimensionturistica.com\/es\/wp-json\/wp\/v2\/media?parent=162390"}],"wp:term":[{"taxonomy":"category","embeddable":true,"href":"https:\/\/dimensionturistica.com\/es\/wp-json\/wp\/v2\/categories?post=162390"},{"taxonomy":"post_tag","embeddable":true,"href":"https:\/\/dimensionturistica.com\/es\/wp-json\/wp\/v2\/tags?post=162390"}],"curies":[{"name":"wp","href":"https:\/\/api.w.org\/{rel}","templated":true}]}}