{"id":162142,"date":"2021-07-21T13:46:50","date_gmt":"2021-07-21T13:46:50","guid":{"rendered":"https:\/\/dimensionturistica.com\/es\/?p=162142"},"modified":"2021-07-21T13:46:50","modified_gmt":"2021-07-21T13:46:50","slug":"el-papa-realizara-su-primer-viaje-desde-la-operacion","status":"publish","type":"post","link":"https:\/\/dimensionturistica.com\/es\/el-papa-realizara-su-primer-viaje-desde-la-operacion\/","title":{"rendered":"El papa realizar\u00e1 su primer viaje desde la operaci\u00f3n"},"content":{"rendered":"<p> <br \/>\n<\/p>\n<div data-key=\"article\">\n<p class=\"Component-root-0-2-87 Component-p-0-2-78\">ROMA (AP) \u2014 El papa Francisco realizar\u00e1 su primer viaje desde la operaci\u00f3n, un exigente periplo que lo llevar\u00e1 a Hungr\u00eda y Eslovaquia entre el 12 y 15 de septiembre, anunci\u00f3 el Vaticano el mi\u00e9rcoles.<\/p>\n<p class=\"Component-root-0-2-87 Component-p-0-2-78\">Francisco, de 84 a\u00f1os, reconoci\u00f3 que en su viaje m\u00e1s reciente, el que hizo a Irak en marzo, se sinti\u00f3 agotado y contempl\u00f3 la posibilidad de aligerar su fren\u00e9tico itinerario.<\/p>\n<p class=\"Component-root-0-2-87 Component-p-0-2-78\">Eso fue antes de la operaci\u00f3n en que le extirparon parte del colon. El pont\u00edfice estuvo 10 d\u00edas en un hospital de Roma hasta hace pocos d\u00edas, y sigue en etapa de recuperaci\u00f3n.<\/p>\n<p class=\"Component-root-0-2-87 Component-p-0-2-78\">A pesar de ello, el itinerario publicado el mi\u00e9rcoles no refleja letargo alguno. De hecho incluye encuentros que van m\u00e1s all\u00e1 de los t\u00edpicos eventos pol\u00edticos y religiosos de sus viajes, como por ejemplo encuentros con grupos jud\u00edos, con grupos de los roma y hasta con el titular del parlamento de Eslovaquia.<\/p>\n<p class=\"Component-root-0-2-87 Component-p-0-2-78\">Eslovaquia es el destino principal de este pr\u00f3ximo itinerario. Francisco estar\u00e1 en Budapest menos de siete horas el 12 de septiembre, principalmente para celebrar la misa de cierre de un c\u00f3nclave eucar\u00edstico internacional.<\/p>\n<p class=\"Component-root-0-2-87 Component-p-0-2-78\">No es que desestima su visita a Hungr\u00eda. All\u00ed se reunir\u00e1 con el primer ministro Viktor Orban y realizar\u00e1 encuentros consecutivos con obispos h\u00fangaros y con representantes de grupos cristianos y jud\u00edos.<\/p>\n<p class=\"Component-root-0-2-87 Component-p-0-2-78\">Pero el abreviado itinerario en Hungr\u00eda parece reflejar que Francisco no quiere aparecer como d\u00e1ndole demasiado apoyo al gobierno derechista de Orban, con el cual mantiene profundas discrepancias en cuanto a la migraci\u00f3n y otros temas.<\/p>\n<p class=\"Component-root-0-2-87 Component-p-0-2-78\">Tras la breve parada en Budapest, Francisco llegar\u00e1 el 12 de septiembre a la capital eslovaca, Bratislava, donde inmediatamente asistir\u00e1 a un encuentro ecum\u00e9nico y de all\u00ed a una reuni\u00f3n con miembros de su orden jesuita.<\/p>\n<p class=\"Component-root-0-2-87 Component-p-0-2-78\">El d\u00eda siguiente lo pasar\u00e1 en Bratislava con visitas protocolares a l\u00edderes pol\u00edticos y discursos a grupos diplom\u00e1ticos y de la sociedad civil, adem\u00e1s de encuentros con curas, monjas y obispos. En la tarde se reunir\u00e1 con representantes de la comunidad jud\u00eda eslovaca.<\/p>\n<p class=\"Component-root-0-2-87 Component-p-0-2-78\">Al d\u00eda siguiente viajar\u00e1 a Kosice para celebrar una misa bizantina, reunirse con la comunidad roma y con un grupo de j\u00f3venes. Su \u00faltimo d\u00eda incluye un vuelo a Sastin para una misa de cierre, antes de regresar a Roma.<\/p>\n<\/div>\n\n<p><em> &#8221; Fuentes apnews.com &#8221; <\/em><\/p>\n","protected":false},"excerpt":{"rendered":"<p>ROMA (AP) \u2014 El papa Francisco realizar\u00e1 su primer viaje desde la operaci\u00f3n, un exigente periplo que lo llevar\u00e1 a Hungr\u00eda y Eslovaquia entre el 12 y 15 de septiembre, anunci\u00f3 el Vaticano el mi\u00e9rcoles. Francisco, de 84 a\u00f1os, reconoci\u00f3 que en su viaje m\u00e1s reciente, el que hizo a Irak en marzo, se sinti\u00f3 [&hellip;]<\/p>\n","protected":false},"author":4,"featured_media":162143,"comment_status":"open","ping_status":"closed","sticky":false,"template":"","format":"standard","meta":{"om_disable_all_campaigns":false,"jnews-multi-image_gallery":[],"jnews_single_post":[],"jnews_primary_category":[],"jnews_social_meta":[],"footnotes":""},"categories":[39],"tags":[705],"class_list":["post-162142","post","type-post","status-publish","format-standard","has-post-thumbnail","hentry","category-viajes","tag-noticias"],"_links":{"self":[{"href":"https:\/\/dimensionturistica.com\/es\/wp-json\/wp\/v2\/posts\/162142","targetHints":{"allow":["GET"]}}],"collection":[{"href":"https:\/\/dimensionturistica.com\/es\/wp-json\/wp\/v2\/posts"}],"about":[{"href":"https:\/\/dimensionturistica.com\/es\/wp-json\/wp\/v2\/types\/post"}],"author":[{"embeddable":true,"href":"https:\/\/dimensionturistica.com\/es\/wp-json\/wp\/v2\/users\/4"}],"replies":[{"embeddable":true,"href":"https:\/\/dimensionturistica.com\/es\/wp-json\/wp\/v2\/comments?post=162142"}],"version-history":[{"count":0,"href":"https:\/\/dimensionturistica.com\/es\/wp-json\/wp\/v2\/posts\/162142\/revisions"}],"wp:featuredmedia":[{"embeddable":true,"href":"https:\/\/dimensionturistica.com\/es\/wp-json\/wp\/v2\/media\/162143"}],"wp:attachment":[{"href":"https:\/\/dimensionturistica.com\/es\/wp-json\/wp\/v2\/media?parent=162142"}],"wp:term":[{"taxonomy":"category","embeddable":true,"href":"https:\/\/dimensionturistica.com\/es\/wp-json\/wp\/v2\/categories?post=162142"},{"taxonomy":"post_tag","embeddable":true,"href":"https:\/\/dimensionturistica.com\/es\/wp-json\/wp\/v2\/tags?post=162142"}],"curies":[{"name":"wp","href":"https:\/\/api.w.org\/{rel}","templated":true}]}}