{"id":162002,"date":"2021-07-21T04:32:19","date_gmt":"2021-07-21T04:32:19","guid":{"rendered":"https:\/\/dimensionturistica.com\/es\/?p=162002"},"modified":"2021-07-21T04:32:19","modified_gmt":"2021-07-21T04:32:19","slug":"toc-toc-atienda-senor-presidente-el-financiero","status":"publish","type":"post","link":"https:\/\/dimensionturistica.com\/es\/toc-toc-atienda-senor-presidente-el-financiero\/","title":{"rendered":"Toc, toc, atienda se\u00f1or Presidente \u2013 El Financiero"},"content":{"rendered":"<p> <br \/>\n<\/p>\n<div id=\"\">\n<p class=\"default__StyledText-xb1qmn-0 kYamVn body-paragraph\">Quien piense que hay un doble discurso presidencial, est\u00e1 equivocado. El Andr\u00e9s Manuel L\u00f3pez Obrador que usted ve en las ma\u00f1aneras es el mismo de las reuniones de gabinete y de las sesiones m\u00e1s privadas donde se toman las decisiones. Hay matices entre sus apariciones en p\u00fablico y c\u00f3mo se comporta en privado, pero no hay hipocres\u00edas. Le cuesta trabajo admitir las cosas, y prefiere vestirlas con acusaciones de corrupci\u00f3n en el pasado, o corrige sin reconocer que se ha equivocado de estrategia, como en el caso del Covid-19. Pero hay que insistir, no tiene doble cara.<\/p>\n<p class=\"default__StyledText-xb1qmn-0 kYamVn body-paragraph\">Eso es lo mejor que tiene el presidente L\u00f3pez Obrador. Lo que cube lo cumple, y lo que cumple lo anuncia en p\u00fablico, incluso revelando cosas que son confidenciales o por indiscreto. Es predecible y previsible. El problema con esa peculiar forma de actuar, que incide directamente en su toma de decisiones, es cuando ese tipo de desinter\u00e9s, que a veces parece soberbia o soslaya temas de alta relevancia, se da en su despacho, en esas reuniones cerradas donde toma decisiones que afectar\u00e1n a 130 millones de mexicanos. Ah\u00ed, en esos concili\u00e1bulos, es donde se pueden percibir los or\u00edgenes de asuntos que luego lo desbordan.<\/p>\n<p class=\"default__StyledText-xb1qmn-0 kYamVn body-paragraph\">Hay uno que va a explotar, que se lo est\u00e1n advirtiendo, y que al Presidente no le ha interesado. Tiene que ver con la pandemia del coronavirus, con las vacunas y frente al riesgo que se empiecen a cerrar todav\u00eda m\u00e1s las fronteras con sus socios norteamericanos y europeos. Se lo han planteado el secretario de Relaciones Exteriores, Marcelo Ebrard, y el subsecretario de Salud, Hugo L\u00f3pez-Gatell, el zar del coronavirus, pero el Presidente se ha mostrado indiferente, proyectando desinter\u00e9s y minimizando la problem\u00e1tica que le han expuesto.<\/p>\n<p class=\"default__StyledText-xb1qmn-0 kYamVn body-paragraph\">L\u00f3pez-Gatell le advirti\u00f3 al Presidente que la Secretar\u00eda de Salud hab\u00eda recibido una notificaci\u00f3n oficial de los Centros para el Management y Prevenci\u00f3n de Enfermedades de Estados Unidos, conocidos como CDC, donde le informaron que su gobierno consideraba a M\u00e9xico en un nivel de alerta alto, dejando entrever la probabilidad de que se tomaran medidas m\u00e1s dr\u00e1sticas contra M\u00e9xico en t\u00e9rminos de viajes.<\/p>\n<p class=\"default__StyledText-xb1qmn-0 kYamVn body-paragraph\">L\u00f3pez Obrador ni siquiera le pidi\u00f3 m\u00e1s informaci\u00f3n y le respondi\u00f3 con concepts que no ten\u00edan que ver con el tema que le hab\u00eda llevado, igual que en las ma\u00f1aneras, cuando lo cuestionan sobre algo en espec\u00edfico y se sale por peteneras. En este caso, le contest\u00f3 al subsecretario que estaba enterado de c\u00f3mo iba avanzando la campa\u00f1a de vacunaci\u00f3n, lo que no ten\u00eda nada que ver con el punto que le llev\u00f3 el funcionario.<\/p>\n<p class=\"default__StyledText-xb1qmn-0 kYamVn body-paragraph\">D\u00edas despu\u00e9s, lo que anticip\u00f3 L\u00f3pez-Gatell, sucedi\u00f3. Los CDC colocaron a M\u00e9xico en alerta de viaje nivel 3 \u2013el pen\u00faltimo m\u00e1s grave\u2013, con la recomendaci\u00f3n de no viajar a este pa\u00eds. D\u00edas antes, Ebrard le hab\u00eda pedido autorizaci\u00f3n para buscar una vez m\u00e1s que el gobierno de Estados Unidos acepte abrir la frontera terrestre entre los dos pa\u00edses para todo tipo de viaje, derivado de la forma como ha avanzado la vacunaci\u00f3n en las entidades que colindan con aquella naci\u00f3n. No se entiende bien la mec\u00e1nica de la mente de L\u00f3pez Obrador, donde los dos aspectos planteados en momentos distintos estaban vinculados, y la alerta levantada por L\u00f3pez-Gatell adelanta lo que podr\u00e1 pasar cuando se vuelva a revisar el cierre de la frontera.<\/p>\n<p class=\"default__StyledText-xb1qmn-0 kYamVn body-paragraph\">De mayor preocupaci\u00f3n es que la pel\u00edcula en c\u00e1mara lenta que le han venido pasando sus colaboradores al Presidente sobre la probabilidad de aislamiento de M\u00e9xico con las regiones con las que m\u00e1s comercio tiene, no le han preocupado. Ebrard le inform\u00f3 a su regreso de un r\u00e1pido viaje a Europa, a principios de julio, que sus gestiones para que se aceptara a todo mexicano sin importar la vacuna anti-Covid que tuvieran, fracasaron.<\/p>\n<p class=\"default__StyledText-xb1qmn-0 kYamVn body-paragraph\">La preocupaci\u00f3n de Ebrard se dio en el contexto del pasaporte Covid que aprob\u00f3 la Uni\u00f3n Europea a partir del 1 de julio, para garantizar la salud de los pa\u00edses de la regi\u00f3n y que establece los mecanismos para viajeros en esa zona. Europa, como otras naciones industriales, est\u00e1 caminando hacia la imposici\u00f3n de barreras sanitarias, donde adem\u00e1s de las pruebas de ant\u00edgenos y PCR que exigen muchas naciones, pidan adicionalmente el esquema de vacunaci\u00f3n completo.<\/p>\n<p class=\"default__StyledText-xb1qmn-0 kYamVn body-paragraph\">M\u00e9xico tiene un amplio portafolio de las vacunas adquiridas, pero lo que a\u00fan no ha permeado entre la poblaci\u00f3n es que, pese a ese esfuerzo, una buena parte de los mexicanos que quieren viajar a Estados Unidos o a Europa no va a poder hacerlo, de mantenerse el rumbo que lleva la construcci\u00f3n de regiones libres de Covid, porque la mayor parte de las vacunas adquiridas no sirve para poder entrar a las naciones a las cuales se viaja con mayor frecuencia por razones de paseo, negocios o estudios, y probablemente har\u00e1 disaster cuando se empiecen a regularizar los viajes y la normalizaci\u00f3n de la vida.<\/p>\n<p class=\"default__StyledText-xb1qmn-0 kYamVn body-paragraph\">En Europa, donde empiezan a exigir vacunaci\u00f3n completa, no van a poder entrar quienes no cuenten con vacunas aprobadas por la Administraci\u00f3n de Alimentos y Medicamentos de Estados Unidos, que s\u00f3lo ha autorizado las de Pfizer-BioNTech, Moderna y Jenssen, o la vacuna AstraZeneca producida en B\u00e9lgica. Los europeos reconocen vacunas para uso de emergencia identificadas por la Organizaci\u00f3n Mundial de la Salud, como la producida por el Instituto Serum de la India, con la f\u00f3rmula de AstraZeneca, que no ha autorizado la Agencia de Medicinas Europeas. La OMS incluy\u00f3 la vacuna china Shinopharm, aunque cada naci\u00f3n se reserva el derecho de aceptar o rechazar a quienes est\u00e9n vacunadas con ella. En Estados Unidos y Canad\u00e1 no aceptan vacunas rusas o chinas, y tampoco han autorizado AstraZeneca.<\/p>\n<p class=\"default__StyledText-xb1qmn-0 kYamVn body-paragraph\">L\u00f3pez Obrador minimiz\u00f3 el planteamiento de Ebrard y dijo que eso no period un problema de M\u00e9xico \u00fanicamente, sino de todo el mundo. Es cierto, pero no es Presidente de todo el mundo, sino de un pa\u00eds que enfrentar\u00e1 riesgos de movilidad internacional para sus ciudadanos con esta tendencia de cordones sanitarios.<\/p>\n<\/div>\n\n<p><em> &#8221; Fuentes www.elfinanciero.com.mx &#8221; <\/em><\/p>\n","protected":false},"excerpt":{"rendered":"<p>Quien piense que hay un doble discurso presidencial, est\u00e1 equivocado. El Andr\u00e9s Manuel L\u00f3pez Obrador que usted ve en las ma\u00f1aneras es el mismo de las reuniones de gabinete y de las sesiones m\u00e1s privadas donde se toman las decisiones. Hay matices entre sus apariciones en p\u00fablico y c\u00f3mo se comporta en privado, pero no [&hellip;]<\/p>\n","protected":false},"author":4,"featured_media":162003,"comment_status":"open","ping_status":"closed","sticky":false,"template":"","format":"standard","meta":{"om_disable_all_campaigns":false,"jnews-multi-image_gallery":[],"jnews_single_post":[],"jnews_primary_category":[],"jnews_social_meta":[],"footnotes":""},"categories":[39],"tags":[973,6082,8753],"class_list":["post-162002","post","type-post","status-publish","format-standard","has-post-thumbnail","hentry","category-viajes","tag-amlo","tag-atencion","tag-problemas"],"_links":{"self":[{"href":"https:\/\/dimensionturistica.com\/es\/wp-json\/wp\/v2\/posts\/162002","targetHints":{"allow":["GET"]}}],"collection":[{"href":"https:\/\/dimensionturistica.com\/es\/wp-json\/wp\/v2\/posts"}],"about":[{"href":"https:\/\/dimensionturistica.com\/es\/wp-json\/wp\/v2\/types\/post"}],"author":[{"embeddable":true,"href":"https:\/\/dimensionturistica.com\/es\/wp-json\/wp\/v2\/users\/4"}],"replies":[{"embeddable":true,"href":"https:\/\/dimensionturistica.com\/es\/wp-json\/wp\/v2\/comments?post=162002"}],"version-history":[{"count":0,"href":"https:\/\/dimensionturistica.com\/es\/wp-json\/wp\/v2\/posts\/162002\/revisions"}],"wp:featuredmedia":[{"embeddable":true,"href":"https:\/\/dimensionturistica.com\/es\/wp-json\/wp\/v2\/media\/162003"}],"wp:attachment":[{"href":"https:\/\/dimensionturistica.com\/es\/wp-json\/wp\/v2\/media?parent=162002"}],"wp:term":[{"taxonomy":"category","embeddable":true,"href":"https:\/\/dimensionturistica.com\/es\/wp-json\/wp\/v2\/categories?post=162002"},{"taxonomy":"post_tag","embeddable":true,"href":"https:\/\/dimensionturistica.com\/es\/wp-json\/wp\/v2\/tags?post=162002"}],"curies":[{"name":"wp","href":"https:\/\/api.w.org\/{rel}","templated":true}]}}