{"id":161713,"date":"2021-07-20T19:36:50","date_gmt":"2021-07-20T19:36:50","guid":{"rendered":"https:\/\/dimensionturistica.com\/es\/?p=161713"},"modified":"2021-07-20T19:36:51","modified_gmt":"2021-07-20T19:36:51","slug":"el-imss-exhorta-a-no-realizar-viajes-en-vacaciones-de-verano-para-evitar-contagios-de-covid-el-siglo-de-torreon","status":"publish","type":"post","link":"https:\/\/dimensionturistica.com\/es\/el-imss-exhorta-a-no-realizar-viajes-en-vacaciones-de-verano-para-evitar-contagios-de-covid-el-siglo-de-torreon\/","title":{"rendered":"El IMSS exhorta a no realizar viajes en vacaciones de verano para evitar contagios de COVID, El Siglo de Torre\u00f3n"},"content":{"rendered":"<p> <br \/>\n<\/p>\n<p>\nCon el fin de romper cadenas de contagio de COVID-19 durante las vacaciones de verano, el Instituto Mexicano del Seguro Social (IMSS) llam\u00f3 a la poblaci\u00f3n a no realizar viajes a menos que sea estrictamente necesario. Piden reforzar las medidas de higiene y mantener el distanciamiento social. <\/p>\n<div>\n<p>Diego Balc\u00f3n Caro, coordinador de programas m\u00e9dicos en la Divisi\u00f3n de Promoci\u00f3n a la Salud, dijo que en caso de que las personas tengan que trasladarse a un lugar diferente al de su localidad, deben estar pendientes de las condiciones que persisten en cada entidad. Hay que tomar en cuenta el sem\u00e1foro de riesgo epidemiol\u00f3gico y mantener las medidas sanitarias como el uso de cubrebocas de forma adecuada, el lavado frecuente de manos con agua y jab\u00f3n o usar alcohol gel al 70 por ciento.<\/p>\n<p><strong>VER M\u00c1S: <a rel=\"nofollow noopener\" target=\"_blank\" href=\"https:\/\/www.elsiglodetorreon.com.mx\/noticia\/1952693.coahuila-registra-166-casos-nuevos-de-covid-y-tres-defunciones-acumula-73-mil-182-contagios.html\" title=\"Coahuila registra 166 casos nuevos de COVID y tres defunciones; acumula 73 mil 182 contagios\">Coahuila registra 166 casos nuevos de COVID y tres defunciones; acumula 73 mil 182 contagios<\/a>\u00a0<\/strong><\/p>\n<p>Se\u00f1al\u00f3 que dependiendo de la distancia, es conveniente desplazarse en veh\u00edculo explicit, planear el trayecto, evitar numerosas paradas y no tener contacto con otras personas. En caso de trasladarse por alg\u00fan otro medio, se recomienda elegir d\u00edas y horarios donde haya menor afluencia.<\/p>\n<p>Se recomienda a la ciudadan\u00eda llevar algunos snacks saludables para comer durante el trayecto y no detenerse m\u00e1s que para lo indispensable.<\/p>\n<p>El especialista del IMSS sugiri\u00f3 portar un frasco peque\u00f1o con jab\u00f3n l\u00edquido o alcohol para mantener las manos limpias, evitar tocarse la cara, ojos, boca, nariz y reforzar el uso de cubrebocas siempre que se est\u00e9 en exteriores o cerca de otras personas.<\/p>\n<p><strong>VER M\u00c1S: <a rel=\"nofollow noopener\" target=\"_blank\" href=\"https:\/\/www.elsiglodetorreon.com.mx\/noticia\/1952691.torreon-reporta-jornada-39sin-incidentes39-durante-aplicacion-de-segundas-dosis-anticovid-a-personas-mayores-de-40-anos.html\" title=\"Torre\u00f3n reporta jornada 'sin incidentes' durante aplicaci\u00f3n de segundas dosis antiCOVID a personas mayores de 40 a\u00f1os\">Torre\u00f3n reporta jornada &#8216;sin incidentes&#8217; durante aplicaci\u00f3n de segundas dosis antiCOVID a personas mayores de 40 a\u00f1os<\/a>\u00a0<\/strong><\/p>\n<p>Coment\u00f3 que en caso de optar por quedarse en casa, hay que mantener en todo momento las reglas de autocuidado, fomentar alguna actividad f\u00edsica o deportiva al aire libre. En este contexto, se pueden realizar actividades para estimular la creatividad como pintar, dibujar o cocinar en familia.<\/p>\n<p>En el caso de los ni\u00f1os y ni\u00f1as, se sugiere limpiar y lavar constantemente los juguetes para prevenir el contagio de otras enfermedades, y que se vigile el uso adecuado de dichos objetos.<\/p>\n<p><strong>VER M\u00c1S: <a rel=\"nofollow noopener\" target=\"_blank\" href=\"https:\/\/www.elsiglodetorreon.com.mx\/noticia\/1952574.aumentan-de-un-dia-a-otro-en-mas-de-40-los-pacientes-hospitalizados-por-covid-en-durango.html\" title=\"Aumentan de un d\u00eda a otro en m\u00e1s de 40% los pacientes hospitalizados por COVID en Durango\">Aumentan de un d\u00eda a otro en m\u00e1s de 40% los pacientes hospitalizados por COVID en Durango<\/a>\u00a0<\/strong><\/p>\n<p>En esta temporada vacacional, Balc\u00f3n Caro destac\u00f3 la importancia de mantener buenos h\u00e1bitos de alimentaci\u00f3n para evitar casos de sobrepeso y obesidad en menores y adultos, sobre todo porque se trata de comorbilidades que pueden agravar el estado de salud de aquellas personas que se infectan de COVID-19. De igual manera es necesario tener a la mano el carnet de citas en caso de que la derechohabiencia tengan la necesidad de acudir a la Unidad de Medicina Acquainted (UMF) m\u00e1s cercana para recibir atenci\u00f3n m\u00e9dica.<\/p>\n<p>\n<button data-emo=\"1\" data-no=\"0\" id=\"emo1\" class=\"emos btn btn-outline-secondary mb-2\">&#x1f44d; me gusta <small\/><\/button><br \/>\n<button data-emo=\"2\" data-no=\"0\" id=\"emo2\" class=\"emos btn btn-outline-secondary mb-2\">&#x1f60d; me encanta <small\/><\/button><br \/>\n<button data-emo=\"3\" data-no=\"0\" id=\"emo3\" class=\"emos btn btn-outline-secondary mb-2\">&#x1f923; divertido <small\/><\/button><br \/>\n<button data-emo=\"4\" data-no=\"0\" id=\"emo4\" class=\"emos btn btn-outline-secondary mb-2\">&#x1f62e; sorprendido <small\/><\/button><br \/>\n<button data-emo=\"5\" data-no=\"0\" id=\"emo5\" class=\"emos btn btn-outline-secondary mb-2\">&#x1f621; enojado <small\/><\/button><br \/>\n<button data-emo=\"6\" data-no=\"0\" id=\"emo6\" class=\"emos btn btn-outline-secondary mb-2\">&#x1f622; triste <small\/><\/button><\/p>\n<h6 class=\"small\"\/>\n<\/div>\n<p><script>\n  !function(f,b,e,v,n,t,s)\n  {if(f.fbq)return;n=f.fbq=function(){n.callMethod?\n  n.callMethod.apply(n,arguments):n.queue.push(arguments)};\n  if(!f._fbq)f._fbq=n;n.push=n;n.loaded=!0;n.version='2.0';\n  n.queue=[];t=b.createElement(e);t.async=!0;\n  t.src=v;s=b.getElementsByTagName(e)[0];\n  s.parentNode.insertBefore(t,s)}(window, document,'script',\n  'https:\/\/connect.facebook.net\/en_US\/fbevents.js');\n  fbq('init', '871541936550779');\n  fbq('track', 'PageView');\n<\/script><script>(function(d, s, id) { var js, fjs = d.getElementsByTagName(s)[0]; if (d.getElementById(id)) return; js = d.createElement(s); js.id = id; js.src=\"https:\/\/connect.facebook.net\/es_LA\/sdk.js#xfbml=1&version=v3.2&appId=133034970052161&autoLogAppEvents=1\"; fjs.parentNode.insertBefore(js, fjs); }(document, 'script', 'facebook-jssdk'));<\/script><br \/>\n<br \/><\/p>\n<p><em> &#8221; Fuentes www.elsiglodetorreon.com.mx &#8221; <\/em><\/p>\n","protected":false},"excerpt":{"rendered":"<p>Con el fin de romper cadenas de contagio de COVID-19 durante las vacaciones de verano, el Instituto Mexicano del Seguro Social (IMSS) llam\u00f3 a la poblaci\u00f3n a no realizar viajes a menos que sea estrictamente necesario. Piden reforzar las medidas de higiene y mantener el distanciamiento social. Diego Balc\u00f3n Caro, coordinador de programas m\u00e9dicos en [&hellip;]<\/p>\n","protected":false},"author":4,"featured_media":161714,"comment_status":"open","ping_status":"closed","sticky":false,"template":"","format":"standard","meta":{"om_disable_all_campaigns":false,"jnews-multi-image_gallery":[],"jnews_single_post":[],"jnews_primary_category":[],"jnews_social_meta":[],"footnotes":""},"categories":[39],"tags":[55,1356,510],"class_list":["post-161713","post","type-post","status-publish","format-standard","has-post-thumbnail","hentry","category-viajes","tag-coronavirus","tag-covid","tag-covid-19"],"_links":{"self":[{"href":"https:\/\/dimensionturistica.com\/es\/wp-json\/wp\/v2\/posts\/161713","targetHints":{"allow":["GET"]}}],"collection":[{"href":"https:\/\/dimensionturistica.com\/es\/wp-json\/wp\/v2\/posts"}],"about":[{"href":"https:\/\/dimensionturistica.com\/es\/wp-json\/wp\/v2\/types\/post"}],"author":[{"embeddable":true,"href":"https:\/\/dimensionturistica.com\/es\/wp-json\/wp\/v2\/users\/4"}],"replies":[{"embeddable":true,"href":"https:\/\/dimensionturistica.com\/es\/wp-json\/wp\/v2\/comments?post=161713"}],"version-history":[{"count":0,"href":"https:\/\/dimensionturistica.com\/es\/wp-json\/wp\/v2\/posts\/161713\/revisions"}],"wp:featuredmedia":[{"embeddable":true,"href":"https:\/\/dimensionturistica.com\/es\/wp-json\/wp\/v2\/media\/161714"}],"wp:attachment":[{"href":"https:\/\/dimensionturistica.com\/es\/wp-json\/wp\/v2\/media?parent=161713"}],"wp:term":[{"taxonomy":"category","embeddable":true,"href":"https:\/\/dimensionturistica.com\/es\/wp-json\/wp\/v2\/categories?post=161713"},{"taxonomy":"post_tag","embeddable":true,"href":"https:\/\/dimensionturistica.com\/es\/wp-json\/wp\/v2\/tags?post=161713"}],"curies":[{"name":"wp","href":"https:\/\/api.w.org\/{rel}","templated":true}]}}