{"id":161367,"date":"2021-07-20T09:52:38","date_gmt":"2021-07-20T09:52:38","guid":{"rendered":"https:\/\/dimensionturistica.com\/es\/?p=161367"},"modified":"2021-07-20T09:52:39","modified_gmt":"2021-07-20T09:52:39","slug":"que-ver-y-que-hacer-en-la-isla","status":"publish","type":"post","link":"https:\/\/dimensionturistica.com\/es\/que-ver-y-que-hacer-en-la-isla\/","title":{"rendered":"Qu\u00e9 ver y qu\u00e9 hacer en la isla"},"content":{"rendered":"<p> <br \/>\n<\/p>\n<div id=\"article-body-content\" data-action=\"toggle\" data-status=\"on\">\n<p id=\"paragraph_1\">Sol, algunas de las mejores playas de Espa\u00f1a, paisajes volc\u00e1nicos, naturaleza, pintorescos pueblos\u2026 Gran Canaria es una de <a rel=\"nofollow noopener\" target=\"_blank\" href=\"https:\/\/www.elespanol.com\/viajes\/20210622\/gran-canaria-isla-cura-cuida\/590691498_0.html\">esas islas que cura y cuida<\/a>. Un destino perfecto para disfrutar, desconectar y relajarse y que en su inside esconde numerosas sorpresas para todo aquel que se acerque a visitarla, como inmensas dunas, yacimientos arqueol\u00f3gicos, imponentes miradores desde los que disfrutar del mejor atardecer, una deliciosa gastronom\u00eda t\u00edpica\u2026 Todo esto y mucho m\u00e1s es lo que te proponemos en esta lista de cosas imprescindibles para ver y hacer en Gran Canaria.<\/p>\n<h3 class=\"content__summary-title\"><strong>\u00bfQu\u00e9 ver y hacer en Gran Canaria?<\/strong><\/h3>\n<h3 class=\"content__summary-title\"><strong>Callejear por Las Palmas<\/strong><\/h3>\n<p id=\"paragraph_2\">Si hay uno de esos planes que no puedes perderte, ese es el de callejear y perderse por la ciudad de Las Palmas, uno de los lugares que no pueden faltar en tu itinerario por Gran Canaria. <strong>Una capital repleta de bonitas callejuelas y multitud de atractivos<\/strong>, entre los que destaca el precioso Barrio de Vegueta, uno de los s\u00edmbolos de la ciudad de Las Palmas y centro hist\u00f3rico. Una de esas paradas imprescindibles, si lo que quieres es saber un poco m\u00e1s sobre el origen de la ciudad de Las Palmas y donde encontrar\u00e1s algunos tesoros como la Catedral de las Palmas, el Museo Canario, el Mercado, la Casa de Col\u00f3n o la Plaza de Santa Ana, entre otros.<\/p>\n<div class=\"article-media \" itemscope=\"\" itemtype=\"http:\/\/schema.org\/ImageObject\">\n<p><img decoding=\"async\" alt=\"Las Palmas\" data-imgm=\"true\" height=\"180\" loading=\"lazy\" sizes=\"auto, (max-width: 479px) 100vw, (max-width: 1023px) 80vw, 40vw\" src=\"https:\/\/s1.eestatic.com\/2021\/07\/19\/actualidad\/597701107_195651805_1024x576.jpg\" srcset=\"https:\/\/s1.eestatic.com\/2021\/07\/19\/actualidad\/597701107_195651808_320x180.jpg 320w, https:\/\/s1.eestatic.com\/2021\/07\/19\/actualidad\/597701107_195651807_640x360.jpg 640w, https:\/\/s1.eestatic.com\/2021\/07\/19\/actualidad\/597701107_195651806_864x486.jpg 864w, https:\/\/s1.eestatic.com\/2021\/07\/19\/actualidad\/597701107_195651805_1024x576.jpg 1024w, https:\/\/s1.eestatic.com\/2021\/07\/19\/actualidad\/597701107_195651804_1706x960.jpg 1706w\" width=\"320\"\/><\/p><\/div>\n<h3 class=\"content__summary-title\"><strong>Recorrer las Dunas de Maspalomas<\/strong><\/h3>\n<p id=\"paragraph_3\">Y de la ciudad al mism\u00edsimo desierto de Gran Canaria, para adentrarte en uno de esos paisajes que es imposible que no se queden grabados en la memoria: las Dunas de Maspalomas. En ellas encontrar\u00e1s un paisaje repleto de monta\u00f1as de enviornment que llegan a alcanzar los 25 metros de altura y con el azul del Atl\u00e1ntico de fondo. Un lugar que te har\u00e1 viajar al mism\u00edsimo Sahara sin salir de la isla cuando te pierdas por sus dunas y donde podr\u00e1s disfrutar de <strong>los mejores atardeceres o incluso de un paseo en camello<\/strong>.<\/p>\n<div class=\"article-media \" itemscope=\"\" itemtype=\"http:\/\/schema.org\/ImageObject\">\n<p><img decoding=\"async\" alt=\"Dunas de Maspalomas\" data-imgm=\"true\" height=\"180\" loading=\"lazy\" sizes=\"auto, (max-width: 479px) 100vw, (max-width: 1023px) 80vw, 40vw\" src=\"https:\/\/s1.eestatic.com\/2021\/07\/19\/actualidad\/597701109_195651863_1024x576.jpg\" srcset=\"https:\/\/s1.eestatic.com\/2021\/07\/19\/actualidad\/597701109_195651866_320x180.jpg 320w, https:\/\/s1.eestatic.com\/2021\/07\/19\/actualidad\/597701109_195651865_640x360.jpg 640w, https:\/\/s1.eestatic.com\/2021\/07\/19\/actualidad\/597701109_195651864_864x486.jpg 864w, https:\/\/s1.eestatic.com\/2021\/07\/19\/actualidad\/597701109_195651863_1024x576.jpg 1024w, https:\/\/s1.eestatic.com\/2021\/07\/19\/actualidad\/597701109_195651862_1706x960.jpg 1706w\" width=\"320\"\/><\/p><\/div>\n<h3 class=\"content__summary-title\"><strong>Subir hasta el Mirador de \u2018El Balc\u00f3n\u2019<\/strong><\/h3>\n<p id=\"paragraph_4\">Este espectacular mirador lo encontrar\u00e1s pr\u00f3ximo al extremo occidental de Gran Canaria, situado sobre un imponente acantilado que cae sobre el azul del Oc\u00e9ano Atl\u00e1ntico. Otra de esas paradas obligadas si visitas Gran Canaria, sobre todo para los amantes de <strong>los paisajes monumentales y repletos de coloration que te regalar\u00e1 este mirador.<\/strong><\/p>\n<div class=\"article-media \" itemscope=\"\" itemtype=\"http:\/\/schema.org\/ImageObject\">\n<p><img decoding=\"async\" alt=\"Mirador de \u2018El Balc\u00f3n\u2019\" data-imgm=\"true\" height=\"180\" loading=\"lazy\" sizes=\"auto, (max-width: 479px) 100vw, (max-width: 1023px) 80vw, 40vw\" src=\"https:\/\/s1.eestatic.com\/2021\/07\/19\/actualidad\/597701110_195651894_1024x576.jpg\" srcset=\"https:\/\/s1.eestatic.com\/2021\/07\/19\/actualidad\/597701110_195651897_320x180.jpg 320w, https:\/\/s1.eestatic.com\/2021\/07\/19\/actualidad\/597701110_195651896_640x360.jpg 640w, https:\/\/s1.eestatic.com\/2021\/07\/19\/actualidad\/597701110_195651895_864x486.jpg 864w, https:\/\/s1.eestatic.com\/2021\/07\/19\/actualidad\/597701110_195651894_1024x576.jpg 1024w, https:\/\/s1.eestatic.com\/2021\/07\/19\/actualidad\/597701110_195651893_1706x960.jpg 1706w\" width=\"320\"\/><\/p>\n<div class=\"article-media__caption\">\n<p>\n                    <span class=\"article-media__caption-description\"><br \/>\n                                    Mirador de \u2018El Balc\u00f3n\u2019<br \/>\n                            <\/span><\/p>\n<\/div><\/div>\n<h3 class=\"content__summary-title\"><strong>Descubrir el Parque Arqueol\u00f3gico del Maip\u00e9s<\/strong><\/h3>\n<p id=\"paragraph_5\">Si quieres descubrir un poco m\u00e1s de la historia que esconde la Isla de Gran Canaria, entonces no olvides pasarte por el Parque Arqueol\u00f3gico del Maip\u00e9s, en \u00e9l a\u00fan se conserva una necr\u00f3polis con <strong>cerca de 700 tumbas de los antiguos canarios<\/strong>, algunas de las cuales se remontan a m\u00e1s de 1300 a\u00f1os. Un yacimiento que ha sido declarado Bien de Inter\u00e9s Cultural con la categor\u00eda de Zona Arqueol\u00f3gica. Su entorno tambi\u00e9n ser\u00e1 otro de esos puntos que har\u00e1n inolvidable tu visita, ya que se encuentra emplazado bajo los espectaculares paredones sobre los que se asienta el pinar de Tamadaba, el cual est\u00e1 declarado Parque Pure.<\/p>\n<h3 class=\"content__summary-title\"><strong>Disfrutar del atardecer desde el mirador del \u201cPico de los Pozos de las Nieves\u201d<\/strong><\/h3>\n<p id=\"paragraph_6\">Otro de esos puntos altos desde los que descubrir la belleza de Gran Canaria, lo encontrar\u00e1s en el Pico de los Pozos de las Nieves. Un mirador que encontrar\u00e1s situado en el mismo centro de la isla y a nada menos que 1.949 metros de altura. Desde \u00e9l podr\u00e1s disfrutar de un <strong>inmenso paisaje protagonizado por imponentes barrancos, aristas afiladas, vegetaci\u00f3n y del mejor de los atardeceres de la isla<\/strong>.<\/p>\n<div class=\"article-media \" itemscope=\"\" itemtype=\"http:\/\/schema.org\/ImageObject\">\n<p><img decoding=\"async\" alt=\"\u201cPico de los Pozos de las Nieves\u201d\" data-imgm=\"true\" height=\"180\" loading=\"lazy\" sizes=\"auto, (max-width: 479px) 100vw, (max-width: 1023px) 80vw, 40vw\" src=\"https:\/\/s1.eestatic.com\/2021\/07\/19\/actualidad\/597701104_195651707_1024x576.jpg\" srcset=\"https:\/\/s1.eestatic.com\/2021\/07\/19\/actualidad\/597701104_195651710_320x180.jpg 320w, https:\/\/s1.eestatic.com\/2021\/07\/19\/actualidad\/597701104_195651709_640x360.jpg 640w, https:\/\/s1.eestatic.com\/2021\/07\/19\/actualidad\/597701104_195651708_864x486.jpg 864w, https:\/\/s1.eestatic.com\/2021\/07\/19\/actualidad\/597701104_195651707_1024x576.jpg 1024w, https:\/\/s1.eestatic.com\/2021\/07\/19\/actualidad\/597701104_195651706_1706x960.jpg 1706w\" width=\"320\"\/><\/p>\n<div class=\"article-media__caption\">\n<p>\n                    <span class=\"article-media__caption-description\"><br \/>\n                                    \u201cPico de los Pozos de las Nieves\u201d<br \/>\n                            <\/span><\/p>\n<\/div><\/div>\n<h3 class=\"content__summary-title\"><strong>Conocer las playas m\u00e1s famosas de Gran Canaria<\/strong><\/h3>\n<p id=\"paragraph_7\">Tampoco deber\u00edas irte de Gran Canaria sin disfrutar de sus playas. Y es que en la isla encontrar\u00e1s playas para todos los gustos y desde las m\u00e1s tur\u00edsticas, hasta las m\u00e1s rec\u00f3nditas. Algunas de las que no deber\u00edas perderte son: l<strong>a Playa de Maspalomas, la Playa Dedo de Dios, Playa de las Canteras, Playa del Ingl\u00e9s, Playa de Anfi de Mar, Playa de los Amadores o la Playa de G\u00fci G\u00fci<\/strong>, una de esas playas v\u00edrgenes imprescindibles que encontrar\u00e1s situada en la Aldea de San Nicol\u00e1s y tambi\u00e9n una de las m\u00e1s inaccesibles de la isla.<\/p>\n<div class=\"article-media \" itemscope=\"\" itemtype=\"http:\/\/schema.org\/ImageObject\">\n<p><img decoding=\"async\" alt=\"Playa de G\u00fci G\u00fci\" data-imgm=\"true\" height=\"180\" loading=\"lazy\" sizes=\"auto, (max-width: 479px) 100vw, (max-width: 1023px) 80vw, 40vw\" src=\"https:\/\/s1.eestatic.com\/2021\/07\/19\/actualidad\/597701094_195651406_1024x576.jpg\" srcset=\"https:\/\/s1.eestatic.com\/2021\/07\/19\/actualidad\/597701094_195651409_320x180.jpg 320w, https:\/\/s1.eestatic.com\/2021\/07\/19\/actualidad\/597701094_195651408_640x360.jpg 640w, https:\/\/s1.eestatic.com\/2021\/07\/19\/actualidad\/597701094_195651407_864x486.jpg 864w, https:\/\/s1.eestatic.com\/2021\/07\/19\/actualidad\/597701094_195651406_1024x576.jpg 1024w, https:\/\/s1.eestatic.com\/2021\/07\/19\/actualidad\/597701094_195651405_1706x960.jpg 1706w\" width=\"320\"\/><\/p><\/div>\n<h3 class=\"content__summary-title\"><strong>Visitar el Pueblo de Arucas<\/strong><\/h3>\n<p id=\"paragraph_8\">Adentrarte en las calles de la ciudad de Arucas y disfrutar de su casco urbano, <strong>declarado de inter\u00e9s hist\u00f3rico-art\u00edstico<\/strong>, es otra de esas citas imprescindibles para los visitantes. Un pueblo que encontrar\u00e1s situado en la provincia de Las Palmas. Dentro de este pueblo, la joya de la corona la encontrar\u00e1s en la Iglesia Parroquial de San Juan Bautista. Una iglesia que knowledge de 1909 y que fue erigida \u00edntegramente por piedra de Arucas, adem\u00e1s de ser obra de los maestros labrantes de la localidad. Pero si hay algo por lo que tambi\u00e9n destaque Arucas, eso es por su ron miel y es que en este pueblo es donde se encuentra la famosa destiler\u00eda Arehucas, a la que se puede acceder a trav\u00e9s de visitas guiadas. As\u00ed que no olvides probar uno de esos deliciosos chupitos antes de acabar tu paso por Arucas.<\/p>\n<div class=\"article-media \" itemscope=\"\" itemtype=\"http:\/\/schema.org\/ImageObject\">\n<p><img decoding=\"async\" alt=\"Arucas\" data-imgm=\"true\" height=\"180\" loading=\"lazy\" sizes=\"auto, (max-width: 479px) 100vw, (max-width: 1023px) 80vw, 40vw\" src=\"https:\/\/s1.eestatic.com\/2021\/07\/19\/actualidad\/597701093_195651377_1024x576.jpg\" srcset=\"https:\/\/s1.eestatic.com\/2021\/07\/19\/actualidad\/597701093_195651380_320x180.jpg 320w, https:\/\/s1.eestatic.com\/2021\/07\/19\/actualidad\/597701093_195651379_640x360.jpg 640w, https:\/\/s1.eestatic.com\/2021\/07\/19\/actualidad\/597701093_195651378_864x486.jpg 864w, https:\/\/s1.eestatic.com\/2021\/07\/19\/actualidad\/597701093_195651377_1024x576.jpg 1024w, https:\/\/s1.eestatic.com\/2021\/07\/19\/actualidad\/597701093_195651376_1706x960.jpg 1706w\" width=\"320\"\/><\/p><\/div>\n<h3 class=\"content__summary-title\"><strong>Disfrutar de la gastronom\u00eda t\u00edpica de la Isla<\/strong><\/h3>\n<p id=\"paragraph_9\">Adem\u00e1s de poder presumir de los mejores paisajes y de los pueblos con m\u00e1s encanto, la isla tambi\u00e9n puede presumir de tener una gastronom\u00eda exquisita. Algunos de sus deliciosos platos tradicionales que no deber\u00edas perderte son e<strong>l potaje de berros, la carne fiesta o cochinillo de adobo, el puchero canario, vieja con papas arrugadas<\/strong>, papas arrugadas con mojo pic\u00f3n o el sancocho canario, son solo algunos de los deliciosos platos t\u00edpicos de Canarias que no puedes irte sin probar en la isla.<\/p>\n<div class=\"article-media \" itemscope=\"\" itemtype=\"http:\/\/schema.org\/ImageObject\">\n<p><img decoding=\"async\" alt=\"Papas arrugadas\" data-imgm=\"true\" height=\"180\" loading=\"lazy\" sizes=\"auto, (max-width: 479px) 100vw, (max-width: 1023px) 80vw, 40vw\" src=\"https:\/\/s1.eestatic.com\/2021\/07\/19\/actualidad\/597701091_195651314_1024x576.jpg\" srcset=\"https:\/\/s1.eestatic.com\/2021\/07\/19\/actualidad\/597701091_195651317_320x180.jpg 320w, https:\/\/s1.eestatic.com\/2021\/07\/19\/actualidad\/597701091_195651316_640x360.jpg 640w, https:\/\/s1.eestatic.com\/2021\/07\/19\/actualidad\/597701091_195651315_864x486.jpg 864w, https:\/\/s1.eestatic.com\/2021\/07\/19\/actualidad\/597701091_195651314_1024x576.jpg 1024w, https:\/\/s1.eestatic.com\/2021\/07\/19\/actualidad\/597701091_195651313_1706x960.jpg 1706w\" width=\"320\"\/><\/p><\/div>\n<h3 class=\"content__summary-title\"><strong>Pueblo de Teror y la Bas\u00edlica de Nuestra Se\u00f1ora del Pino<\/strong><\/h3>\n<p id=\"paragraph_10\">Historia, naturaleza, tradici\u00f3n, monumentalidad y religi\u00f3n, todo esto es lo que combina el Pueblo de Teror. Un municipio que se encuentra situado en la isla de Gran Canaria y que puede presumir de poseer <strong>un gran valor de car\u00e1cter hist\u00f3rico y pure<\/strong>. En este pueblo podr\u00e1s contemplar tambi\u00e9n los balcones t\u00edpicos de la arquitectura canaria que encontrar\u00e1s por toda la localidad. Pero si por algo destaca esta localidad, adem\u00e1s de por la belleza de sus calles, es por contar con la Bas\u00edlica de Nuestra Se\u00f1ora del Pino, la cual se llev\u00f3 a cabo en 1767.Uno de los edificios m\u00e1s importantes del municipio, donde las gentes profesan su devoci\u00f3n a la Virgen del Pino, patrona de la isla.<\/p>\n<div class=\"article-media \" itemscope=\"\" itemtype=\"http:\/\/schema.org\/ImageObject\">\n<p><img decoding=\"async\" alt=\"teror-turismo-gran-canaria\" data-imgm=\"true\" height=\"180\" loading=\"lazy\" sizes=\"auto, (max-width: 479px) 100vw, (max-width: 1023px) 80vw, 40vw\" src=\"https:\/\/s1.eestatic.com\/2021\/07\/19\/actualidad\/597701090_195651285_1024x576.jpg\" srcset=\"https:\/\/s1.eestatic.com\/2021\/07\/19\/actualidad\/597701090_195651288_320x180.jpg 320w, https:\/\/s1.eestatic.com\/2021\/07\/19\/actualidad\/597701090_195651287_640x360.jpg 640w, https:\/\/s1.eestatic.com\/2021\/07\/19\/actualidad\/597701090_195651286_864x486.jpg 864w, https:\/\/s1.eestatic.com\/2021\/07\/19\/actualidad\/597701090_195651285_1024x576.jpg 1024w, https:\/\/s1.eestatic.com\/2021\/07\/19\/actualidad\/597701090_195651284_1706x960.jpg 1706w\" width=\"320\"\/><\/p>\n<div class=\"article-media__caption\">\n<p>\n                    <span class=\"article-media__caption-description\"><br \/>\n                                    teror-turismo-gran-canaria<br \/>\n                            <\/span><\/p>\n<\/div><\/div>\n<h3 class=\"content__summary-title\"><strong>Ad\u00e9ntrate en el Puerto de Mog\u00e1n<\/strong><\/h3>\n<p id=\"paragraph_11\">El Puerto de Mog\u00e1n es otra de las \u00e1reas tur\u00edsticas m\u00e1s apreciadas de la isla. \u00bfLa raz\u00f3n? Tanto<strong> la belleza de sus playas como el buen tiempo<\/strong> que asegura durante todo el a\u00f1o atrae cada vez a m\u00e1s turistas. Todo ello sumado a sus muchos rincones de inter\u00e9s y a que se trata de una pintoresca localidad de pescadores que encontrar\u00e1s protegida por las monta\u00f1as, repleta de casas de coloration blanco, coloridos jardines y peque\u00f1os canales y puentes que han llevado a que muchos califiquen esta localidad como \u201cla peque\u00f1a Venecia de Canarias\u201d. Otro lugar id\u00edlico de Gran Canaria que deber\u00edas visitar.<\/p>\n<div class=\"article-media \" itemscope=\"\" itemtype=\"http:\/\/schema.org\/ImageObject\">\n<p><img decoding=\"async\" alt=\"Puerto de Mog\u00e1n\" data-imgm=\"true\" height=\"180\" loading=\"lazy\" sizes=\"auto, (max-width: 479px) 100vw, (max-width: 1023px) 80vw, 40vw\" src=\"https:\/\/s1.eestatic.com\/2021\/07\/19\/actualidad\/597701087_195651194_1024x576.jpg\" srcset=\"https:\/\/s1.eestatic.com\/2021\/07\/19\/actualidad\/597701087_195651197_320x180.jpg 320w, https:\/\/s1.eestatic.com\/2021\/07\/19\/actualidad\/597701087_195651196_640x360.jpg 640w, https:\/\/s1.eestatic.com\/2021\/07\/19\/actualidad\/597701087_195651195_864x486.jpg 864w, https:\/\/s1.eestatic.com\/2021\/07\/19\/actualidad\/597701087_195651194_1024x576.jpg 1024w, https:\/\/s1.eestatic.com\/2021\/07\/19\/actualidad\/597701087_195651193_1706x960.jpg 1706w\" width=\"320\"\/><\/p><\/div>\n<h3 class=\"content__summary-title\"><strong>Paisaje Risco Ca\u00eddo y Monta\u00f1as Sagradas<\/strong><\/h3>\n<p id=\"paragraph_12\">El Risco Ca\u00eddo se caracteriza por ser una topograf\u00eda de acantilados, barrancos y formaciones volc\u00e1nicas presentes en la zona monta\u00f1osa del centro de la isla de Gran Canaria. <strong>Uno de los 48 lugares declarados Patrimonio de la Humanidad en Espa\u00f1a<\/strong> y el \u00fanico de la provincia de Las Palmas. En \u00e9l se encuentra un impresionante yacimiento arqueol\u00f3gico compuesto por 21 cuevas excavadas en la roca volc\u00e1nica por los abor\u00edgenes canarios.<\/p>\n<div class=\"article-media \" itemscope=\"\" itemtype=\"http:\/\/schema.org\/ImageObject\">\n<p><img decoding=\"async\" alt=\"Paisaje Risco Ca\u00eddo y Monta\u00f1as Sagradas\" data-imgm=\"true\" height=\"180\" loading=\"lazy\" sizes=\"auto, (max-width: 479px) 100vw, (max-width: 1023px) 80vw, 40vw\" src=\"https:\/\/s1.eestatic.com\/2021\/07\/19\/actualidad\/597701086_195651161_1024x576.jpg\" srcset=\"https:\/\/s1.eestatic.com\/2021\/07\/19\/actualidad\/597701086_195651164_320x180.jpg 320w, https:\/\/s1.eestatic.com\/2021\/07\/19\/actualidad\/597701086_195651163_640x360.jpg 640w, https:\/\/s1.eestatic.com\/2021\/07\/19\/actualidad\/597701086_195651162_864x486.jpg 864w, https:\/\/s1.eestatic.com\/2021\/07\/19\/actualidad\/597701086_195651161_1024x576.jpg 1024w, https:\/\/s1.eestatic.com\/2021\/07\/19\/actualidad\/597701086_195651160_1706x960.jpg 1706w\" width=\"320\"\/><\/p>\n<div class=\"article-media__caption\">\n<p>\n                    <span class=\"article-media__caption-description\"><br \/>\n                                    Paisaje Risco Ca\u00eddo y Monta\u00f1as Sagradas<br \/>\n                            <\/span><\/p>\n<\/div><\/div>\n<h3 class=\"content__summary-title\"><strong>El Barranco de las Vacas<\/strong><\/h3>\n<p id=\"paragraph_13\">Este es otro de esos lugares repletos de belleza que encontrar\u00e1s en la isla de Gran Canaria. Un espectacular paisaje situado en Ag\u00fcimes, un pueblo al suroeste de la isla, en el que encontrar\u00e1s<strong> impresionantes formaciones y paredes de roca<\/strong> que la erosi\u00f3n del agua y el aire han ido labrando desde hace cientos de a\u00f1os, creando un paisaje que parece sacado del mism\u00edsimo Oeste de Estados Unidos. Uno de esos lugares perfectos para los amantes de las fotograf\u00edas y de los mejores paisajes en la naturaleza.<\/p>\n<div class=\"article-media \" itemscope=\"\" itemtype=\"http:\/\/schema.org\/ImageObject\">\n<p><img decoding=\"async\" alt=\"El Barranco de las Vacas\" data-imgm=\"true\" height=\"180\" loading=\"lazy\" sizes=\"auto, (max-width: 479px) 100vw, (max-width: 1023px) 80vw, 40vw\" src=\"https:\/\/s1.eestatic.com\/2021\/07\/19\/actualidad\/597701085_195651127_1024x576.jpg\" srcset=\"https:\/\/s1.eestatic.com\/2021\/07\/19\/actualidad\/597701085_195651130_320x180.jpg 320w, https:\/\/s1.eestatic.com\/2021\/07\/19\/actualidad\/597701085_195651129_640x360.jpg 640w, https:\/\/s1.eestatic.com\/2021\/07\/19\/actualidad\/597701085_195651128_864x486.jpg 864w, https:\/\/s1.eestatic.com\/2021\/07\/19\/actualidad\/597701085_195651127_1024x576.jpg 1024w, https:\/\/s1.eestatic.com\/2021\/07\/19\/actualidad\/597701085_195651126_1706x960.jpg 1706w\" width=\"320\"\/><\/p><\/div>\n<h3 class=\"content__summary-title\"><strong>Observatorio astron\u00f3mico de Temisas<\/strong><\/h3>\n<p id=\"paragraph_14\">Y para los que busquen alguno de esos mejores lugares de Espa\u00f1a para observar las estrellas, nada mejor que pasarte por el Observatorio astron\u00f3mico del peque\u00f1o pueblo de Temisas y observar a trav\u00e9s de su telescopio. Otro de los destinos que ostentan el t\u00edtulo de <strong>Destinos Starlight<\/strong> y donde podr\u00e1s disfrutar de unas observaciones astron\u00f3micas espectaculares.<\/p>\n<div class=\"article-media \" itemscope=\"\" itemtype=\"http:\/\/schema.org\/ImageObject\">\n<p><img decoding=\"async\" alt=\"Observatorio astron\u00f3mico de Temisas\" data-imgm=\"true\" height=\"180\" loading=\"lazy\" sizes=\"auto, (max-width: 479px) 100vw, (max-width: 1023px) 80vw, 40vw\" src=\"https:\/\/s1.eestatic.com\/2021\/07\/19\/actualidad\/597701078_195650897_1024x576.jpg\" srcset=\"https:\/\/s1.eestatic.com\/2021\/07\/19\/actualidad\/597701078_195650900_320x180.jpg 320w, https:\/\/s1.eestatic.com\/2021\/07\/19\/actualidad\/597701078_195650899_640x360.jpg 640w, https:\/\/s1.eestatic.com\/2021\/07\/19\/actualidad\/597701078_195650898_864x486.jpg 864w, https:\/\/s1.eestatic.com\/2021\/07\/19\/actualidad\/597701078_195650897_1024x576.jpg 1024w, https:\/\/s1.eestatic.com\/2021\/07\/19\/actualidad\/597701078_195650896_1706x960.jpg 1706w\" width=\"320\"\/><\/p>\n<div class=\"article-media__caption\">\n<p>\n                    <span class=\"article-media__caption-description\"><br \/>\n                                    Observatorio astron\u00f3mico de Temisas<br \/>\n                            <\/span><\/p>\n<\/div><\/div>\n<h3 class=\"content__summary-title\">Tambi\u00e9n te puede interesar&#8230;<\/h3>\n<ul class=\"content__summary-list content__summary-list--bullets\">\n<li class=\"summary-list__item\"><a rel=\"nofollow noopener\" target=\"_blank\" href=\"https:\/\/www.elespanol.com\/ocio\/playas-aguas-cristalinas-bonitas-espana-viajes-costa-turismo\/588942526_0.html\">Las playas de aguas cristalinas m\u00e1s bonitas de Espa\u00f1a<\/a><\/li>\n<\/ul>\n<ul class=\"content__summary-list content__summary-list--bullets\">\n<li class=\"summary-list__item\"><a rel=\"nofollow noopener\" target=\"_blank\" href=\"https:\/\/www.elespanol.com\/ocio\/campings-acampada-espana-querras-quedarte-vivir-bungalows-cabanas-viajes-turismo\/589442314_0.html\">Estos son los campings de Espa\u00f1a en los que querr\u00e1s quedarte a vivir<\/a><\/li>\n<\/ul>\n<ul class=\"content__summary-list content__summary-list--bullets\">\n<li class=\"summary-list__item\"><a rel=\"nofollow noopener\" target=\"_blank\" href=\"https:\/\/www.elespanol.com\/ocio\/restaurantes-rurales-espana-merecen-visita-comida-tradicional-turismo\/591941115_0.html\">8 restaurantes rurales en Espa\u00f1a que merecen una visita<\/a><\/li>\n<\/ul>\n<ul class=\"content__summary-list content__summary-list--bullets\">\n<li class=\"summary-list__item\"><a rel=\"nofollow noopener\" target=\"_blank\" href=\"https:\/\/www.elespanol.com\/ocio\/mejores-cosas-hacer-cuenca-fin-semana-viajes-turismo-espana\/586691608_0.html\">Las 10 mejores cosas que hacer en Cuenca en un fin de semana<\/a><\/li>\n<\/ul>\n<p><include onerror=\"continue\" src=\"https:\/\/www.elespanol.com\/eemodules\/ESPTagListContentsHTMLMO\/mo.html?p=W10&amp;h=0b72\"\/><\/p>\n<h3 class=\"follow-topics-title\"><span class=\"follow-topics-title__icon\"\/>Sigue los temas que te interesan<\/h3>\n<\/p><\/div>\n\n<p><em> &#8221; Fuentes www.elespanol.com &#8221; <\/em><\/p>\n","protected":false},"excerpt":{"rendered":"<p>Sol, algunas de las mejores playas de Espa\u00f1a, paisajes volc\u00e1nicos, naturaleza, pintorescos pueblos\u2026 Gran Canaria es una de esas islas que cura y cuida. Un destino perfecto para disfrutar, desconectar y relajarse y que en su inside esconde numerosas sorpresas para todo aquel que se acerque a visitarla, como inmensas dunas, yacimientos arqueol\u00f3gicos, imponentes miradores [&hellip;]<\/p>\n","protected":false},"author":4,"featured_media":161368,"comment_status":"open","ping_status":"closed","sticky":false,"template":"","format":"standard","meta":{"om_disable_all_campaigns":false,"jnews-multi-image_gallery":[],"jnews_single_post":[],"jnews_primary_category":[],"jnews_social_meta":[],"footnotes":""},"categories":[39],"tags":[6738,22818,544,545],"class_list":["post-161367","post","type-post","status-publish","format-standard","has-post-thumbnail","hentry","category-viajes","tag-gran-canaria","tag-ocio-y-tiempo-libre","tag-turismo","tag-viajes"],"_links":{"self":[{"href":"https:\/\/dimensionturistica.com\/es\/wp-json\/wp\/v2\/posts\/161367","targetHints":{"allow":["GET"]}}],"collection":[{"href":"https:\/\/dimensionturistica.com\/es\/wp-json\/wp\/v2\/posts"}],"about":[{"href":"https:\/\/dimensionturistica.com\/es\/wp-json\/wp\/v2\/types\/post"}],"author":[{"embeddable":true,"href":"https:\/\/dimensionturistica.com\/es\/wp-json\/wp\/v2\/users\/4"}],"replies":[{"embeddable":true,"href":"https:\/\/dimensionturistica.com\/es\/wp-json\/wp\/v2\/comments?post=161367"}],"version-history":[{"count":0,"href":"https:\/\/dimensionturistica.com\/es\/wp-json\/wp\/v2\/posts\/161367\/revisions"}],"wp:featuredmedia":[{"embeddable":true,"href":"https:\/\/dimensionturistica.com\/es\/wp-json\/wp\/v2\/media\/161368"}],"wp:attachment":[{"href":"https:\/\/dimensionturistica.com\/es\/wp-json\/wp\/v2\/media?parent=161367"}],"wp:term":[{"taxonomy":"category","embeddable":true,"href":"https:\/\/dimensionturistica.com\/es\/wp-json\/wp\/v2\/categories?post=161367"},{"taxonomy":"post_tag","embeddable":true,"href":"https:\/\/dimensionturistica.com\/es\/wp-json\/wp\/v2\/tags?post=161367"}],"curies":[{"name":"wp","href":"https:\/\/api.w.org\/{rel}","templated":true}]}}