{"id":160812,"date":"2021-07-19T13:01:55","date_gmt":"2021-07-19T13:01:55","guid":{"rendered":"https:\/\/dimensionturistica.com\/es\/?p=160812"},"modified":"2021-07-19T13:01:56","modified_gmt":"2021-07-19T13:01:56","slug":"fuerteventura-se-promociona-en-mas-de-1-000-agencias-de-viaje-independientes-de-espana-y-portugal","status":"publish","type":"post","link":"https:\/\/dimensionturistica.com\/es\/fuerteventura-se-promociona-en-mas-de-1-000-agencias-de-viaje-independientes-de-espana-y-portugal\/","title":{"rendered":"Fuerteventura se promociona en m\u00e1s de 1.000 agencias de viaje independientes de Espa\u00f1a y Portugal"},"content":{"rendered":"<p> <br \/>\n<\/p>\n<div>\n<p>El Cabildo de Fuerteventura \u201ccontin\u00faa promocionando el destino tur\u00edstico majorero y contribuyendo a la reactivaci\u00f3n tur\u00edstica\u201d apunta en el comunicado. A partir de este lunes, Turismo de Fuerteventura comienza la campa\u00f1a de verano entre m\u00e1s de 1.000 agencias de viaje independientes, que est\u00e1n asociadas a DIT Gesti\u00f3n.<\/p>\n<p>El objetivo es \u201cposicionar la isla como destino de vacaciones y ayudar a la recuperaci\u00f3n del sector de cara a lo que resta de a\u00f1o, principalmente en el mercado nacional, pero tambi\u00e9n en el pa\u00eds vecino, Portugal, cuya capital, Lisboa, cuenta con conexi\u00f3n directa a la isla\u201d comenta el comunicado.<\/p>\n<p>Desde la consejer\u00eda de Turismo, su responsable, Jessica de Le\u00f3n, \u201capuesta firmemente por esta colaboraci\u00f3n con DIT Gesti\u00f3n, ya que nos permite posicionarnos como destino cercano y seguro, con espacios abiertos y sin aglomeraciones, continuando con nuestra campa\u00f1a Fuerteventura `Abierto todo el a\u00f1o\u00b4\u201d.<\/p>\n<p>\u201cDe este modo, podemos promocionar la isla en m\u00e1s de 1.000 agencias de viaje de todo el territorio peninsular, en Espa\u00f1a y en Portugal. Tanto ahora, en verano, como de cara al pr\u00f3ximo invierno\u201d, se\u00f1ala de Le\u00f3n.<\/p>\n<p>El pasado viernes 16, el destino majorero se present\u00f3 a los agentes de viaje asociados por medio de un webinar, (video formativo en web) que les ofreci\u00f3 p\u00edldoras de aprendizaje con las que aprender c\u00f3mo ense\u00f1ar la oferta tur\u00edstica majorera y sus fortalezas como destino seguro en el precise contexto covid.<\/p>\n<p>Todas estas agencias recibir\u00e1n boletines informativos y comunicados a trav\u00e9s de correo electr\u00f3nico, con toda la informaci\u00f3n y novedades. El destino majorero se publicitar\u00e1 tambi\u00e9n a trav\u00e9s de banners y en las herramientas de trabajo que los agentes usan a diario para tenerlo presente de forma seen cuando propongan a sus clientes un destino al que viajar.<\/p>\n<p>Por \u00faltimo, entre las previsiones de la consejer\u00eda figura presentar el destino majorero en la pr\u00f3xima convenci\u00f3n hispano-lusa de agencias de viaje asociadas a DIT Gesti\u00f3n, que se celebrar\u00e1 en noviembre.<\/p>\n<\/div>\n\n<p><em> &#8221; Fuentes www.diariodefuerteventura.com &#8221; <\/em><\/p>\n","protected":false},"excerpt":{"rendered":"<p>El Cabildo de Fuerteventura \u201ccontin\u00faa promocionando el destino tur\u00edstico majorero y contribuyendo a la reactivaci\u00f3n tur\u00edstica\u201d apunta en el comunicado. A partir de este lunes, Turismo de Fuerteventura comienza la campa\u00f1a de verano entre m\u00e1s de 1.000 agencias de viaje independientes, que est\u00e1n asociadas a DIT Gesti\u00f3n. El objetivo es \u201cposicionar la isla como destino [&hellip;]<\/p>\n","protected":false},"author":4,"featured_media":160813,"comment_status":"open","ping_status":"closed","sticky":false,"template":"","format":"standard","meta":{"om_disable_all_campaigns":false,"jnews-multi-image_gallery":[],"jnews_single_post":[],"jnews_primary_category":[],"jnews_social_meta":[],"footnotes":""},"categories":[40],"tags":[707,4127,4121,1483,4135,1708,4118,662,708,4112,828,4113,4114,715,4119,4132,4115,4123,4116,4133,4125,4117,4136,4128,4129,4131,4126,705,773,4124,831,4134,546,4120,1907,722,4130,4122,706,442],"class_list":["post-160812","post","type-post","status-publish","format-standard","has-post-thumbnail","hentry","category-industria","tag-actualidad","tag-betancuria","tag-caleta-de-fuste","tag-canarias","tag-carlos-de-saa","tag-comentarios","tag-corralejo","tag-cultura","tag-deportes","tag-diario-de-fuerteventura","tag-diario-digital","tag-diariodefuerteventura-com","tag-diariodefuerteventura-es","tag-economia","tag-el-cotillo","tag-eloy-vera","tag-fuerteventura","tag-gran-tarajal","tag-isla-de-lobos","tag-itziar-fernandez","tag-jandia","tag-la-oliva","tag-lourdes-bermejo","tag-majorero","tag-majoreros","tag-manuel-riveiro","tag-morro-jable","tag-noticias","tag-opinion","tag-pajara","tag-periodico","tag-pia-penagarikano","tag-politica","tag-puerto-del-rosario","tag-sociedad","tag-sucesos","tag-tribunales","tag-tuineje","tag-ultima-hora","tag-video"],"_links":{"self":[{"href":"https:\/\/dimensionturistica.com\/es\/wp-json\/wp\/v2\/posts\/160812","targetHints":{"allow":["GET"]}}],"collection":[{"href":"https:\/\/dimensionturistica.com\/es\/wp-json\/wp\/v2\/posts"}],"about":[{"href":"https:\/\/dimensionturistica.com\/es\/wp-json\/wp\/v2\/types\/post"}],"author":[{"embeddable":true,"href":"https:\/\/dimensionturistica.com\/es\/wp-json\/wp\/v2\/users\/4"}],"replies":[{"embeddable":true,"href":"https:\/\/dimensionturistica.com\/es\/wp-json\/wp\/v2\/comments?post=160812"}],"version-history":[{"count":0,"href":"https:\/\/dimensionturistica.com\/es\/wp-json\/wp\/v2\/posts\/160812\/revisions"}],"wp:featuredmedia":[{"embeddable":true,"href":"https:\/\/dimensionturistica.com\/es\/wp-json\/wp\/v2\/media\/160813"}],"wp:attachment":[{"href":"https:\/\/dimensionturistica.com\/es\/wp-json\/wp\/v2\/media?parent=160812"}],"wp:term":[{"taxonomy":"category","embeddable":true,"href":"https:\/\/dimensionturistica.com\/es\/wp-json\/wp\/v2\/categories?post=160812"},{"taxonomy":"post_tag","embeddable":true,"href":"https:\/\/dimensionturistica.com\/es\/wp-json\/wp\/v2\/tags?post=160812"}],"curies":[{"name":"wp","href":"https:\/\/api.w.org\/{rel}","templated":true}]}}