{"id":160803,"date":"2021-07-19T12:45:14","date_gmt":"2021-07-19T12:45:14","guid":{"rendered":"https:\/\/dimensionturistica.com\/es\/?p=160803"},"modified":"2021-07-19T12:45:15","modified_gmt":"2021-07-19T12:45:15","slug":"el-gobierno-estima-que-el-empleo-crecera-en-150-000-trabajadores-en-julio-a-pesar-de-la-quinta-ola-economia","status":"publish","type":"post","link":"https:\/\/dimensionturistica.com\/es\/el-gobierno-estima-que-el-empleo-crecera-en-150-000-trabajadores-en-julio-a-pesar-de-la-quinta-ola-economia\/","title":{"rendered":"El Gobierno estima que el empleo crecer\u00e1 en 150.000 trabajadores en julio, a pesar de la quinta ola | Econom\u00eda"},"content":{"rendered":"<p> <br \/>\n<\/p>\n<div id=\"cuerpo_noticia\" itemprop=\"articleBody\">\n<p>A pesar de la irrupci\u00f3n en Espa\u00f1a de la quinta ola del coronavirus, la recuperaci\u00f3n del empleo sigue a toda m\u00e1quina. As\u00ed lo ha anunciado este lunes el ministro de Inclusi\u00f3n, Seguridad Social y Migraciones, Jos\u00e9 Luis Escriv\u00e1, quien ha estimado que en julio se crear\u00e1n 150.000 puestos de trabajo. &#8220;Este ser\u00e1 otro mes extraordinariamente din\u00e1mico para el empleo&#8221;, ha se\u00f1alado el ministro. De esta forma, el Gobierno prev\u00e9 que a finales de julio haya aproximadamente 19.419.000 afiliados a la Seguridad Social, cifra que se quedar\u00e1 a apenas 60.000 trabajadores de los que hab\u00eda en febrero de 2020, justo antes del comienzo de la pandemia.<\/p>\n<p>Adem\u00e1s, en los primeros quince d\u00edas del mes, el ritmo de reactivaci\u00f3n de trabajadores en ERTE (Expedientes de Regulaci\u00f3n Temporal de Empleo) se ha acelerado, con 87.000 personas menos en suspensi\u00f3n temporal de actividad. Esto supone apenas 7.000 menos que en todo junio, cuando salieron de este mecanismo 94.000 trabajadores. Actualmente, quedan en ERTE 361.382 profesionales, de los cuales 256.000 est\u00e1n en suspensi\u00f3n complete de actividad, es decir, no trabajan ni una sola hora.<\/p>\n<p>Los \u00fanicos sectores que a d\u00eda de hoy tienen a m\u00e1s del 20% de su plantilla en ERTE, son las agencias de viaje y el transporte a\u00e9reo, con un 23% y un 22,6% respectivamente. Por su parte, el 17% de las personas empleadas en el sector de alojamiento todav\u00eda se encuentran en una suspensi\u00f3n temporal de la actividad. En cuanto al sector de bebidas y comidas, a d\u00eda de hoy, solo mantiene al 5,7% de sus empleados en ERTE. Si se compara con febrero, mes en el que se alcanz\u00f3 el pico de personas acogidas a un ERTE este a\u00f1o, estos dos \u00faltimos sectores han reincorporado a la actividad a 293.000 personas.<\/p>\n<p>Por comunidades aut\u00f3nomas, Canarias y Baleares son las que presentan una mayor tasa de profesionales en suspensi\u00f3n temporal de actividad, con un 9,1% y un 6% respectivamente. Estas cifras est\u00e1n muy por encima del promedio nacional, que se encuentra en el 2,5% aproximadamente.<\/p>\n<p>Las medidas de protecci\u00f3n del empleo desplegadas por el Ejecutivo han costado a la Seguridad Social m\u00e1s de 20.500 millones de euros durante la pandemia. La mayor parte del gasto se concentr\u00f3 en 2020, cuando la factura ascendi\u00f3 a 14.400 millones.<\/p>\n<\/div>\n\n<p><em> &#8221; Fuentes cincodias.elpais.com &#8221; <\/em><\/p>\n","protected":false},"excerpt":{"rendered":"<p>A pesar de la irrupci\u00f3n en Espa\u00f1a de la quinta ola del coronavirus, la recuperaci\u00f3n del empleo sigue a toda m\u00e1quina. As\u00ed lo ha anunciado este lunes el ministro de Inclusi\u00f3n, Seguridad Social y Migraciones, Jos\u00e9 Luis Escriv\u00e1, quien ha estimado que en julio se crear\u00e1n 150.000 puestos de trabajo. &#8220;Este ser\u00e1 otro mes extraordinariamente [&hellip;]<\/p>\n","protected":false},"author":4,"featured_media":160804,"comment_status":"open","ping_status":"closed","sticky":false,"template":"","format":"standard","meta":{"om_disable_all_campaigns":false,"jnews-multi-image_gallery":[],"jnews_single_post":[],"jnews_primary_category":[],"jnews_social_meta":[],"footnotes":""},"categories":[40],"tags":[27949,27952,12355,27950,7993,9108,751,761,27948,698,1336,11742,758,27951,8897,5520,10638,2806,12451,13749,4181,812,11203,3708],"class_list":["post-160803","post","type-post","status-publish","format-standard","has-post-thumbnail","hentry","category-industria","tag-150-000","tag-361-000","tag-7-000","tag-87-000","tag-crecer","tag-emplear","tag-empleo","tag-erte","tag-estimar","tag-gobierno","tag-haber","tag-julio","tag-mes","tag-mes-de-junio","tag-ola","tag-persona","tag-primera","tag-quedar","tag-quincena","tag-quinta","tag-salir","tag-suspension","tag-temporal","tag-trabajador"],"_links":{"self":[{"href":"https:\/\/dimensionturistica.com\/es\/wp-json\/wp\/v2\/posts\/160803","targetHints":{"allow":["GET"]}}],"collection":[{"href":"https:\/\/dimensionturistica.com\/es\/wp-json\/wp\/v2\/posts"}],"about":[{"href":"https:\/\/dimensionturistica.com\/es\/wp-json\/wp\/v2\/types\/post"}],"author":[{"embeddable":true,"href":"https:\/\/dimensionturistica.com\/es\/wp-json\/wp\/v2\/users\/4"}],"replies":[{"embeddable":true,"href":"https:\/\/dimensionturistica.com\/es\/wp-json\/wp\/v2\/comments?post=160803"}],"version-history":[{"count":0,"href":"https:\/\/dimensionturistica.com\/es\/wp-json\/wp\/v2\/posts\/160803\/revisions"}],"wp:featuredmedia":[{"embeddable":true,"href":"https:\/\/dimensionturistica.com\/es\/wp-json\/wp\/v2\/media\/160804"}],"wp:attachment":[{"href":"https:\/\/dimensionturistica.com\/es\/wp-json\/wp\/v2\/media?parent=160803"}],"wp:term":[{"taxonomy":"category","embeddable":true,"href":"https:\/\/dimensionturistica.com\/es\/wp-json\/wp\/v2\/categories?post=160803"},{"taxonomy":"post_tag","embeddable":true,"href":"https:\/\/dimensionturistica.com\/es\/wp-json\/wp\/v2\/tags?post=160803"}],"curies":[{"name":"wp","href":"https:\/\/api.w.org\/{rel}","templated":true}]}}