{"id":159545,"date":"2021-07-16T16:34:14","date_gmt":"2021-07-16T16:34:14","guid":{"rendered":"https:\/\/dimensionturistica.com\/es\/?p=159545"},"modified":"2021-07-16T16:34:15","modified_gmt":"2021-07-16T16:34:15","slug":"canada-preve-permitir-ingreso-a-extranjeros-vacunados-para-viajes-no-esenciales-a-partir-de-setiembre-mundo","status":"publish","type":"post","link":"https:\/\/dimensionturistica.com\/es\/canada-preve-permitir-ingreso-a-extranjeros-vacunados-para-viajes-no-esenciales-a-partir-de-setiembre-mundo\/","title":{"rendered":"Canad\u00e1 prev\u00e9 permitir ingreso a extranjeros vacunados para viajes no esenciales a partir de setiembre | MUNDO"},"content":{"rendered":"<p> <br \/>\n<\/p>\n<div>\n<p><time datetime=\"2021-07-16T11:19:53-05:00\">Actualizado el 16\/07\/2021 11:19 a.m.<\/time><\/p>\n<\/div>\n<div id=\"contenedor\">\n<section>\n<p itemprop=\"description\" class=\"story-content__font--secondary mb-25 title-xs line-h-md mt-20 secondary-font pr-20\"><b>El primer ministro Justin Trudeau anunci\u00f3 que Canad\u00e1 podr\u00eda empezar a permitir que estadounidenses totalmente vacunados ingresen al pa\u00eds a mediados de agosto para viajes no esenciales, y estar\u00eda en posici\u00f3n de recibir a partir de los primeros d\u00edas de setiembre a viajeros de otras naciones que ya est\u00e9n inoculados.<\/b><\/p>\n<p itemprop=\"description\" class=\"story-content__font--secondary mb-25 title-xs line-h-md mt-20 secondary-font pr-20\">Trudeau convers\u00f3 el jueves con las autoridades de las provincias de Canad\u00e1, y su oficina emiti\u00f3 un documento sobre la llamada. Subray\u00f3 que si el pa\u00eds mantiene su precise ritmo positivo de vacunaci\u00f3n y persisten las condiciones de salud p\u00fablica la frontera puede ser abierta.<\/p>\n<p itemprop=\"description\" class=\"story-content__font--secondary mb-25 title-xs line-h-md mt-20 secondary-font pr-20\">\u201cCanad\u00e1 podr\u00eda estar en una posici\u00f3n de dar la bienvenida a viajeros totalmente vacunados de todos los pa\u00edses para los primeros d\u00edas de septiembre\u201d, seg\u00fan el texto. \u201c\u00c9l destac\u00f3 las conversaciones en marcha con Estados Unidos sobre los planes de reapertura, e indic\u00f3 que podr\u00edamos esperar que se comience a permitir el ingreso de ciudadanos estadounidenses y residentes permanentes totalmente vacunados a Canad\u00e1 a mediados de agosto para viajes no esenciales\u201d.<\/p>\n<p itemprop=\"description\" class=\"story-content__font--secondary mb-25 title-xs line-h-md mt-20 secondary-font pr-20\">Trudeau destac\u00f3 que <a rel=\"nofollow noopener\" target=\"_blank\" itemprop=\"url\" href=\"https:\/\/gestion.pe\/noticias\/canada\/\"><b>Canad\u00e1<\/b><\/a> contin\u00faa liderando a los pa\u00edses del G20 en tasas de vacunaci\u00f3n, ya que aproximadamente 80% de los canadienses elegibles han recibido su primera dosis y m\u00e1s de 50% est\u00e1n totalmente vacunados. Se\u00f1al\u00f3 que el n\u00famero de infecciones y de casos de enfermedad severa contin\u00faa declinando en el pa\u00eds conforme aumenta la tasa de vacunaci\u00f3n.<\/p>\n<p itemprop=\"description\" class=\"story-content__font--secondary mb-25 title-xs line-h-md mt-20 secondary-font pr-20\">Al comenzar la pandemia, <a rel=\"nofollow noopener\" target=\"_blank\" itemprop=\"url\" href=\"https:\/\/gestion.pe\/noticias\/eeuu\/\"><b>Estados Unidos<\/b><\/a> y Canad\u00e1 cerraron su frontera de m\u00e1s de 8,800 kil\u00f3metros (5,500 millas) al tr\u00e1nsito no esencial. Debido al aumento de las tasas de vacunaci\u00f3n y disminuci\u00f3n de las de contagio, algunos sectores est\u00e1n molestos de que ambos gobiernos no hayan presentado planes detallados para reabrir totalmente la frontera.<\/p>\n<p itemprop=\"description\" class=\"story-content__font--secondary mb-25 title-xs line-h-md mt-20 secondary-font pr-20\">Canad\u00e1 comenz\u00f3 a reducir sus restricciones este mes, permitiendo el regreso de canadienses o residentes legales permanentes que est\u00e9n totalmente vacunados sin que tengan que cumplir una cuarentena. Pero entre los requisitos est\u00e1 el presentar una prueba negativa al coronavirus antes de regresar, y otra una vez que regresan.<\/p>\n<p itemprop=\"description\" class=\"story-content__font--secondary mb-25 title-xs line-h-md mt-20 secondary-font pr-20\">Han aumentado las presiones para que Canad\u00e1 contin\u00fae reduciendo las restricciones en la frontera que han estado en vigor desde marzo del a\u00f1o pasado.<\/p>\n<p itemprop=\"description\" class=\"story-content__font--secondary mb-25 title-xs line-h-md mt-20 secondary-font pr-20\">El tr\u00e1nsito comercial entre ambos pa\u00edses se efect\u00faa con normalidad desde el comienzo de la pandemia. Los canadienses pueden llegar en avi\u00f3n a Estados Unidos si muestran una prueba de que dieron negativo al <a rel=\"nofollow noopener\" target=\"_blank\" itemprop=\"url\" href=\"https:\/\/gestion.pe\/noticias\/covid-19\/\"><b>COVID-19<\/b><\/a>.<\/p>\n<p itemprop=\"description\" class=\"story-content__font--secondary mb-25 title-xs line-h-md mt-20 secondary-font pr-20\">La Asociaci\u00f3n Estadounidense de Viajes calcula que cada mes que la frontera est\u00e1 cerrada tiene un costo de US$ 1,500 millones. Las autoridades canadienses aseguran que su pa\u00eds recibi\u00f3 22 millones de visitantes extranjeros en el 2019, de los cuales aproximadamente 15 millones llegaron de Estados Unidos.<\/p>\n<\/section>\n<\/div>\n\n<p><em> &#8221; Fuentes gestion.pe &#8221; <\/em><\/p>\n","protected":false},"excerpt":{"rendered":"<p>Actualizado el 16\/07\/2021 11:19 a.m. El primer ministro Justin Trudeau anunci\u00f3 que Canad\u00e1 podr\u00eda empezar a permitir que estadounidenses totalmente vacunados ingresen al pa\u00eds a mediados de agosto para viajes no esenciales, y estar\u00eda en posici\u00f3n de recibir a partir de los primeros d\u00edas de setiembre a viajeros de otras naciones que ya est\u00e9n inoculados. [&hellip;]<\/p>\n","protected":false},"author":4,"featured_media":159546,"comment_status":"open","ping_status":"closed","sticky":false,"template":"","format":"standard","meta":{"om_disable_all_campaigns":false,"jnews-multi-image_gallery":[],"jnews_single_post":[],"jnews_primary_category":[],"jnews_social_meta":[],"footnotes":""},"categories":[39],"tags":[72,510,626,10158],"class_list":["post-159545","post","type-post","status-publish","format-standard","has-post-thumbnail","hentry","category-viajes","tag-canada","tag-covid-19","tag-pandemia","tag-turistas-extranjeros"],"_links":{"self":[{"href":"https:\/\/dimensionturistica.com\/es\/wp-json\/wp\/v2\/posts\/159545","targetHints":{"allow":["GET"]}}],"collection":[{"href":"https:\/\/dimensionturistica.com\/es\/wp-json\/wp\/v2\/posts"}],"about":[{"href":"https:\/\/dimensionturistica.com\/es\/wp-json\/wp\/v2\/types\/post"}],"author":[{"embeddable":true,"href":"https:\/\/dimensionturistica.com\/es\/wp-json\/wp\/v2\/users\/4"}],"replies":[{"embeddable":true,"href":"https:\/\/dimensionturistica.com\/es\/wp-json\/wp\/v2\/comments?post=159545"}],"version-history":[{"count":0,"href":"https:\/\/dimensionturistica.com\/es\/wp-json\/wp\/v2\/posts\/159545\/revisions"}],"wp:featuredmedia":[{"embeddable":true,"href":"https:\/\/dimensionturistica.com\/es\/wp-json\/wp\/v2\/media\/159546"}],"wp:attachment":[{"href":"https:\/\/dimensionturistica.com\/es\/wp-json\/wp\/v2\/media?parent=159545"}],"wp:term":[{"taxonomy":"category","embeddable":true,"href":"https:\/\/dimensionturistica.com\/es\/wp-json\/wp\/v2\/categories?post=159545"},{"taxonomy":"post_tag","embeddable":true,"href":"https:\/\/dimensionturistica.com\/es\/wp-json\/wp\/v2\/tags?post=159545"}],"curies":[{"name":"wp","href":"https:\/\/api.w.org\/{rel}","templated":true}]}}