{"id":159499,"date":"2021-07-16T15:12:35","date_gmt":"2021-07-16T15:12:35","guid":{"rendered":"https:\/\/dimensionturistica.com\/es\/?p=159499"},"modified":"2021-07-16T15:12:35","modified_gmt":"2021-07-16T15:12:35","slug":"certificado-covid-digital-de-la-ue-un-escrito-para-viajar-de-forma-segura-en-europa","status":"publish","type":"post","link":"https:\/\/dimensionturistica.com\/es\/certificado-covid-digital-de-la-ue-un-escrito-para-viajar-de-forma-segura-en-europa\/","title":{"rendered":"Certificado COVID digital de la UE: un escrito para viajar de forma segura en Europa"},"content":{"rendered":"<p> <br \/>\n<\/p>\n<div>\n<p>El a\u00f1o 2020 y los primeros meses de 2021 han sido terribles para la industria del turismo, ya que las restricciones relacionadas con la pandemia siguen pasando factura al sector.<\/p>\n<p>En Enterprise Planet, el periodista de Euronews, Paul Hackett, analiza los \u00faltimos esfuerzos realizados a nivel europeo para ayudar al sector tur\u00edstico y a la hosteler\u00eda, y al mismo tiempo, velar por la seguridad en nuestros viajes. Hackett viaj\u00f3 a Portugal, para observar qu\u00e9 hace una empresa para atraer a los turistas.<\/p>\n<p><a rel=\"nofollow noopener\" target=\"_blank\" href=\"https:\/\/www.vilagale.com\/\">Vila Gal\u00e9<\/a> es uno de los mayores grupos hoteleros de Portugal. La empresa cuenta con cerca de 40 hoteles y complejos tur\u00edsticos, como este de Elvas, repartidos por todo el pa\u00eds. Tras meses de confinamiento, la empresa espera que las cosas mejoren este verano. Por eso, se apresur\u00f3 a adoptar un nuevo distintivo de excelencia denominado <a rel=\"nofollow noopener\" target=\"_blank\" href=\"https:\/\/www.consilium.europa.eu\/es\/policies\/coronavirus\/eu-digital-covid-certificate\/\">Sello de Seguridad Tur\u00edstica Europea COVID-19<\/a>. Su objetivo es armonizar las medidas de salud y seguridad en el sector de la hosteler\u00eda en toda la UE. He hablado de ello con uno de los directores de la empresa.<\/p>\n<p>Gon\u00e7alo, supongo que ya ten\u00edan muchos protocolos de salud. \u00bfQu\u00e9 le motiv\u00f3 a unirse a esta iniciativa?, pregunta el reportero.<\/p>\n<p>&#8220;Pensamos que era muy importante recuperar la confianza de nuestros clientes y poner en marcha procedimientos adicionales, para que la gente pueda volver a viajar y se sienta segura cuando se aloje en el extranjero, en nuestras propiedades&#8221;, responde Gon\u00e7alo Rebelo Almeida, miembro del Consejo de Administraci\u00f3n de Vila Gal\u00e9.<\/p>\n<p><strong>\u00bfResult\u00f3 complicado implementar el sello de seguridad?<\/strong>, quiere saber el periodista.<\/p>\n<p>&#8220;El primer paso fue dif\u00edcil de entender, pero despu\u00e9s, como la industria hotelera tiene muchos procedimientos ya integrados, en t\u00e9rminos de limpieza y seguridad, no result\u00f3 tan complicado. El distanciamiento social tambi\u00e9n supone un reto para esta actividad porque tenemos que mantener la distancia en los restaurantes, en los bares, en las piscinas&#8230; y eso fue m\u00e1s dif\u00edcil de implementar&#8221;, a\u00f1ade Gon\u00e7alo Rebelo Almeida.<\/p>\n<p>El nuevo sello pretende garantizar a los viajeros que las empresas han puesto en marcha determinadas medidas de seguridad y sanitarias y que siguen las mejores pr\u00e1cticas. A pesar de la creciente preocupaci\u00f3n por la propagaci\u00f3n de la variante Delta, (02.12 Gr\u00e1fico) se espera que el sello, junto con el nuevo pasaporte de vacunaci\u00f3n de la UE, el certificado digital COVID-19, facilite los viajes y restablezca la confianza. Para saber m\u00e1s, he conversado con la art\u00edfice del \u2018sello de seguridad\u2019.<\/p>\n<p><strong>\u00bfQu\u00e9 exige este sello de seguridad a las empresas?<\/strong>, pregunta Paul Hackett a Natalia Ortiz de Z\u00e1rate, miembro de la <a rel=\"nofollow noopener\" target=\"_blank\" href=\"https:\/\/www.une.org\/\">Asociaci\u00f3n Espa\u00f1ola de Normalizaci\u00f3n<\/a>.<\/p>\n<p>&#8220;El sello establece medidas de seguridad y de salud dirigidas a toda la cadena de valor del turismo. Las empresas deben implementar los requisitos espec\u00edficos que sean aplicables, relacionados con el personal, la limpieza, la ventilaci\u00f3n, la informaci\u00f3n y otros, seg\u00fan su propia evaluaci\u00f3n de riesgos COVID-19&#8221;, explica Natalia Ortiz de Z\u00e1rate.<\/p>\n<p>\u00bfEs f\u00e1cil adherirse al sistema? \u00bfSupondr\u00e1 un coste adicional para las empresas?, interroga el periodista de Euronews.<\/p>\n<p>&#8220;La mayor\u00eda de las empresas ya han adaptado sus operaciones para hacer frente a la pandemia, por lo que alinear sus medidas con los requisitos establecidos en el sello deber\u00eda ser una tarea f\u00e1cil&#8221;, afirma Ortiz de Z\u00e1rate.<\/p>\n<p>Para terminar el reportaje, Paul Hackett retoma la conversaci\u00f3n con Gon\u00e7alo Rebelo Almeida. Ahora mismo, las restricciones para viajar, en Europa, siguen siendo diferentes seg\u00fan el pa\u00eds. Como empresario tur\u00edstico, \u00bfqu\u00e9 le gustar\u00eda que ocurriera?, quiere saber el reportero.<\/p>\n<p>&#8220;Me gustar\u00eda ver que, en un futuro pr\u00f3ximo, las normas sean las mismas para todos los pa\u00edses. Esto va a ser muy importante para volver a recuperar la confianza. Y, que vuelva todo el turismo y regresen los viajes dentro de Europa; va a ser muy importante lograrlo&#8221;, concluye el miembro del Consejo de Administraci\u00f3n de Vila Gal\u00e9.<\/p>\n<\/div>\n\n<p><em> &#8221; Fuentes es.euronews.com &#8221; <\/em><\/p>\n","protected":false},"excerpt":{"rendered":"<p>El a\u00f1o 2020 y los primeros meses de 2021 han sido terribles para la industria del turismo, ya que las restricciones relacionadas con la pandemia siguen pasando factura al sector. En Enterprise Planet, el periodista de Euronews, Paul Hackett, analiza los \u00faltimos esfuerzos realizados a nivel europeo para ayudar al sector tur\u00edstico y a la [&hellip;]<\/p>\n","protected":false},"author":4,"featured_media":159500,"comment_status":"open","ping_status":"closed","sticky":false,"template":"","format":"standard","meta":{"om_disable_all_campaigns":false,"jnews-multi-image_gallery":[],"jnews_single_post":[],"jnews_primary_category":[],"jnews_social_meta":[],"footnotes":""},"categories":[39],"tags":[510,1511,544],"class_list":["post-159499","post","type-post","status-publish","format-standard","has-post-thumbnail","hentry","category-viajes","tag-covid-19","tag-portugal","tag-turismo"],"_links":{"self":[{"href":"https:\/\/dimensionturistica.com\/es\/wp-json\/wp\/v2\/posts\/159499","targetHints":{"allow":["GET"]}}],"collection":[{"href":"https:\/\/dimensionturistica.com\/es\/wp-json\/wp\/v2\/posts"}],"about":[{"href":"https:\/\/dimensionturistica.com\/es\/wp-json\/wp\/v2\/types\/post"}],"author":[{"embeddable":true,"href":"https:\/\/dimensionturistica.com\/es\/wp-json\/wp\/v2\/users\/4"}],"replies":[{"embeddable":true,"href":"https:\/\/dimensionturistica.com\/es\/wp-json\/wp\/v2\/comments?post=159499"}],"version-history":[{"count":0,"href":"https:\/\/dimensionturistica.com\/es\/wp-json\/wp\/v2\/posts\/159499\/revisions"}],"wp:featuredmedia":[{"embeddable":true,"href":"https:\/\/dimensionturistica.com\/es\/wp-json\/wp\/v2\/media\/159500"}],"wp:attachment":[{"href":"https:\/\/dimensionturistica.com\/es\/wp-json\/wp\/v2\/media?parent=159499"}],"wp:term":[{"taxonomy":"category","embeddable":true,"href":"https:\/\/dimensionturistica.com\/es\/wp-json\/wp\/v2\/categories?post=159499"},{"taxonomy":"post_tag","embeddable":true,"href":"https:\/\/dimensionturistica.com\/es\/wp-json\/wp\/v2\/tags?post=159499"}],"curies":[{"name":"wp","href":"https:\/\/api.w.org\/{rel}","templated":true}]}}