{"id":159329,"date":"2021-07-16T08:55:45","date_gmt":"2021-07-16T08:55:45","guid":{"rendered":"https:\/\/dimensionturistica.com\/es\/?p=159329"},"modified":"2021-07-16T08:55:45","modified_gmt":"2021-07-16T08:55:45","slug":"en-concreto-rojas-un-nuevo-tamaulipas","status":"publish","type":"post","link":"https:\/\/dimensionturistica.com\/es\/en-concreto-rojas-un-nuevo-tamaulipas\/","title":{"rendered":"EN CONCRETO\/ Rojas, \u201cUn nuevo Tamaulipas\u201d"},"content":{"rendered":"<p> <br \/>\n<\/p>\n<p><h2>Cd. Victoria<\/h2>\n<\/p>\n<p>\n            Fecha de Publicaci\u00f3n: <strong>Julio , 16 ,2021  | Tags: Comunicadores, Hacienda, Ribere\u00f1a<\/strong>\n          <\/p>\n<div>\n<ul>&#13;<\/p>\n<li><span style=\"font-size:12pt\"><span style=\"font-family:&quot;Times New Roman&quot;,serif\"><strong><em><span style=\"font-size:10.0pt\"><span style=\"font-family:&quot;Arial&quot;,sans-serif\"><span style=\"color:#333333\">Ofrece \u2018chamba\u2019 a sus adversarios<\/span><\/span><\/span><\/em><\/strong><\/span><\/span><\/li>\n<p>&#13;<\/p>\n<li><span style=\"font-size:12pt\"><span style=\"font-family:&quot;Times New Roman&quot;,serif\"><strong><em><span style=\"font-size:10.0pt\"><span style=\"font-family:&quot;Arial&quot;,sans-serif\"><span style=\"color:#333333\">Fiscal\u00eda estatal le gira oficio de cita<\/span><\/span><\/span><\/em><\/strong><\/span><\/span><\/li>\n<p>&#13;<\/p>\n<li><span style=\"font-size:12pt\"><span style=\"font-family:&quot;Times New Roman&quot;,serif\"><strong><em><span style=\"font-size:10.0pt\"><span style=\"font-family:&quot;Arial&quot;,sans-serif\"><span style=\"color:#333333\">Egidio, al banquillo de los acusados<\/span><\/span><\/span><\/em><\/strong><\/span><\/span><\/li>\n<p>&#13;<\/p>\n<li><span style=\"font-size:12pt\"><span style=\"font-family:&quot;Times New Roman&quot;,serif\"><strong><em><span style=\"font-size:10.0pt\"><span style=\"font-family:&quot;Arial&quot;,sans-serif\"><span style=\"color:#333333\">Gerardo Pe\u00f1a, en campa\u00f1a por NLD<\/span><\/span><\/span><\/em><\/strong><\/span><\/span><\/li>\n<p>&#13;\n<\/ul>\n<p style=\"margin-left:0cm; margin-right:0cm\"><em><strong><span style=\"font-size:12pt\"><span style=\"font-family:&quot;Times New Roman&quot;,serif\"><span style=\"font-size:10.0pt\"><span style=\"font-family:&quot;Arial&quot;,sans-serif\"><span style=\"color:#333333\">Por: \u00c1ngel A. Guerra<\/span><\/span><\/span><\/span><\/span><\/strong><\/em><\/p>\n<p style=\"margin-left:0cm; margin-right:0cm\"><span style=\"font-size:12pt\"><span style=\"font-family:&quot;Times New Roman&quot;,serif\"><span style=\"font-size:10.0pt\"><span style=\"font-family:&quot;Arial&quot;,sans-serif\"><span style=\"color:#333333\">El pre candidato de Morena a gobernador ALEJANDRO ROJAS D\u00cdAZ DUR\u00c1N, ofreci\u00f3 ayer desde Reynosa \u201cun nuevo Tamaulipas\u201d, al proponer un pacto social para sentar las bases de una nueva Constituci\u00f3n, \u201cy abrir espacios laborales en mi gobierno a los m\u00e1s de nueve aspirantes a la gubernatura, para aprovechar su capacidad\u201d.<\/span><\/span><\/span><\/span><\/span><\/p>\n<p style=\"margin-left:0cm; margin-right:0cm\"><span style=\"font-size:12pt\"><span style=\"font-family:&quot;Times New Roman&quot;,serif\"><span style=\"font-size:10.0pt\"><span style=\"font-family:&quot;Arial&quot;,sans-serif\"><span style=\"color:#333333\">Autodefini\u00e9ndose como la mejor propuesta de Morena para la gubernatura de Tamaulipas, ALEJANDRO ROJAS D\u00cdAZ DUR\u00c1N asever\u00f3 que su gobierno \u201cextirpar\u00e1 el c\u00e1ncer de corrupci\u00f3n del cabecismo y el egidismo\u201d, al tiempo que asegur\u00f3 ser \u201cm\u00e1s tamaulipeco que CABEZA DE VACA, quien es texano porque naci\u00f3 en McAllen\u201d.<\/span><\/span><\/span><\/span><\/span><\/p>\n<p style=\"margin-left:0cm; margin-right:0cm\"><span style=\"font-size:12pt\"><span style=\"font-family:&quot;Times New Roman&quot;,serif\"><span style=\"font-size:10.0pt\"><span style=\"font-family:&quot;Arial&quot;,sans-serif\"><span style=\"color:#333333\">Rodeado por decenas de reporteros, ROJAS les dijo a los comunicadores: \u201cDemostrar\u00e9 que soy tan tamaulipeco como cualquiera de ustedes\u201d, al confirmar que mostrar\u00e1 el antecedente authorized de su derecho constitucional a ser gobernador:<\/span><\/span><\/span><\/span><\/span><\/p>\n<p style=\"margin-left:0cm; margin-right:0cm\"><span style=\"font-size:12pt\"><span style=\"font-family:&quot;Times New Roman&quot;,serif\"><span style=\"font-size:10.0pt\"><span style=\"font-family:&quot;Arial&quot;,sans-serif\"><span style=\"color:#333333\">\u201cMi abuelo fue petrolero en la Compa\u00f1\u00eda del \u00c1guila, en ciudad Madero\u201d, record\u00f3, para matizar la ra\u00edz geneal\u00f3gica que le da acceso al derecho constitucional de ser gobernador de Tamaulipas.<\/span><\/span><\/span><\/span><\/span><\/p>\n<p style=\"margin-left:0cm; margin-right:0cm\"><span style=\"font-size:12pt\"><span style=\"font-family:&quot;Times New Roman&quot;,serif\"><span style=\"font-size:10.0pt\"><span style=\"font-family:&quot;Arial&quot;,sans-serif\"><span style=\"color:#333333\">Al mismo tiempo, sostuvo que la efervescencia que despert\u00f3 la [anticipada] Sucesi\u00f3n Presidencial 2024 entre los miembros del Gabinete, y los aspirantes a la gubernatura en Tamaulipas, alienta el debate por lo que convoc\u00f3 a sus adversarios a prepararse para exponer sus propuestas en los diferentes escenarios pol\u00edticos de la entidad.<\/span><\/span><\/span><\/span><\/span><\/p>\n<p style=\"margin-left:0cm; margin-right:0cm\"><span style=\"font-size:12pt\"><span style=\"font-family:&quot;Times New Roman&quot;,serif\"><span style=\"font-size:10.0pt\"><span style=\"font-family:&quot;Arial&quot;,sans-serif\"><span style=\"color:#333333\">Pero, minutos despu\u00e9s de sustentar una rueda de prensa desde la mesa de un restaurante, D\u00cdAZ ROJAS DUR\u00c1N fue interceptado en la plaza principal por enviados de la Fiscal\u00eda Common de Justicia del Estado, quienes le entregaron un citatorio para este lunes 19 de julio, para que responda a una acusaci\u00f3n que le imputan.<\/span><\/span><\/span><\/span><\/span><\/p>\n<p style=\"margin-left:0cm; margin-right:0cm\"><span style=\"font-size:12pt\"><span style=\"font-family:&quot;Times New Roman&quot;,serif\"><span style=\"font-size:10.0pt\"><span style=\"font-family:&quot;Arial&quot;,sans-serif\"><span style=\"color:#333333\">\u201cEsto parte de la represi\u00f3n pol\u00edtica. Est\u00e1n desviando mi cruzada\u201d, dijo el senador suplente ROJAS D\u00cdAZ DUR\u00c1N, al afirmar que iniciar\u00eda una gira de di\u00e1logo ciudadano por R\u00edo Bravo, Matamoros, Valle Hermoso, San Fernando y la zona ribere\u00f1a.<\/span><\/span><\/span><\/span><\/span><\/p>\n<p style=\"margin-left:0cm; margin-right:0cm\"><span style=\"font-size:12pt\"><span style=\"font-family:&quot;Times New Roman&quot;,serif\"><em><strong><span style=\"font-size:10.0pt\"><span style=\"font-family:&quot;Arial&quot;,sans-serif\"><span style=\"color:#333333\">EGIDIO TORRE,\u00a0AL BANQUILLO<\/span><\/span><\/span><\/strong><\/em><\/span><\/span><\/p>\n<p style=\"margin-left:0cm; margin-right:0cm\"><span style=\"font-size:12pt\"><span style=\"font-family:&quot;Times New Roman&quot;,serif\"><span style=\"font-size:10.0pt\"><span style=\"font-family:&quot;Arial&quot;,sans-serif\"><span style=\"color:#333333\">Por cierto, el video-cr\u00edtica de la diputada federal MARIANA RODR\u00cdGUEZ MIER y TERAN contra el Senador AM\u00c9RICO VILLARREAL ANAYA, se convirti\u00f3 en un fuerte reactivo que motivar\u00e1 investigaciones en torno al gobierno de EGIDIO TORRE CANT\u00da, en cuya gesti\u00f3n el Ing. MANUEL RODR\u00cdGUEZ MORALES, padre de MARIANITA, Fue-Un-Todopoderoso Secretario de Obras P\u00fablicas que hizo y deshizo en Tamaulipas sin rendir m\u00e1s informes que los que le ped\u00eda su jefe de entonces.<\/span><\/span><\/span><\/span><\/span><\/p>\n<p style=\"margin-left:0cm; margin-right:0cm\"><span style=\"font-size:12pt\"><span style=\"font-family:&quot;Times New Roman&quot;,serif\"><span style=\"font-size:10.0pt\"><span style=\"font-family:&quot;Arial&quot;,sans-serif\"><span style=\"color:#333333\">El senador suplente ROJAS D\u00cdAZ DUR\u00c1N le \u201cremovi\u00f3\u201d al caso del ex gobernador EGIDIO TORRE, de quien tambi\u00e9n elabor\u00f3 un expediente para presentarlo ante la Fiscal\u00eda Common de la Rep\u00fablica, pues resulta por dem\u00e1s extra\u00f1o que este gobierno estatal haya investigado al ex gobernador EUGENIO HERN\u00c1NDEZ FLORES, y se haya \u201csaltado\u201d a EGIDIO, quien desde la \u00f3ptica ciudadana, fue un d\u00e9spota que manej\u00f3 el presupuesto p\u00fablico como hacienda de su propiedad.<\/span><\/span><\/span><\/span><\/span><\/p>\n<p style=\"margin-left:0cm; margin-right:0cm\"><span style=\"font-size:12pt\"><span style=\"font-family:&quot;Times New Roman&quot;,serif\"><span style=\"font-size:10.0pt\"><span style=\"font-family:&quot;Arial&quot;,sans-serif\"><span style=\"color:#333333\">ALEJANDRO ROJAS anunci\u00f3 en redes que ya elabor\u00f3 una denuncia formal contra EGIDIO TORRE CANT\u00da por los delitos de peculado, enriquecimiento il\u00edcito m\u00e1s los que se le acumulen, por lo que todo parece indicar que por fin se har\u00e1 justicia, lo cual alegre a la Clase Pol\u00edtica de entonces, pues recuerde usted que cuando EGIDIO usurpa el triunfo de su hermano, \u201cliquida\u201d a los pol\u00edticos y literalmente los destierra de Tamaulipas.<\/span><\/span><\/span><\/span><\/span><\/p>\n<p style=\"margin-left:0cm; margin-right:0cm\"><span style=\"font-size:12pt\"><span style=\"font-family:&quot;Times New Roman&quot;,serif\"><span style=\"font-size:10.0pt\"><span style=\"font-family:&quot;Arial&quot;,sans-serif\"><span style=\"color:#333333\">Ahora, con la 4T en el gobierno, se voltear\u00e1 el chirri\u00f3n por el palito.<\/span><\/span><\/span><\/span><\/span><\/p>\n<p style=\"margin-left:0cm; margin-right:0cm\"><span style=\"font-size:12pt\"><span style=\"font-family:&quot;Times New Roman&quot;,serif\"><em><strong><span style=\"font-size:10.0pt\"><span style=\"font-family:&quot;Arial&quot;,sans-serif\"><span style=\"color:#333333\">REYNOSA: VACUNAN A\u00a0PERSONAS DE 50 A 59 A\u00d1OS<\/span><\/span><\/span><\/strong><\/em><\/span><\/span><\/p>\n<p style=\"margin-left:0cm; margin-right:0cm\"><span style=\"font-size:12pt\"><span style=\"font-family:&quot;Times New Roman&quot;,serif\"><span style=\"font-size:10.0pt\"><span style=\"font-family:&quot;Arial&quot;,sans-serif\"><span style=\"color:#333333\">En otro tema, d\u00e9jeme decirle que el Gobierno Municipal de Reynosa informa a la poblaci\u00f3n que este jueves 15 de julio continu\u00f3 la aplicaci\u00f3n de segunda dosis anti COVID-19 para ciudadanos de 50 a 59 a\u00f1os, embarazadas y personas en rezago que acudieron a la primera vacuna en este segmento de edad; la jornada sanitaria se desarrolla de 8:00 de la ma\u00f1ana a 6:00 de la tarde en 3 m\u00f3dulos: Auditorio Municipal del fraccionamiento Vista Hermosa, CBTIS 7 de la colonia Petrolera, y UAT Unidad Rodhe en la colonia Arco\u00edris.<\/span><\/span><\/span><\/span><\/span><\/p>\n<p style=\"margin-left:0cm; margin-right:0cm\"><span style=\"font-size:12pt\"><span style=\"font-family:&quot;Times New Roman&quot;,serif\"><span style=\"font-size:10.0pt\"><span style=\"font-family:&quot;Arial&quot;,sans-serif\"><span style=\"color:#333333\">Este jueves la Estrategia\u00a0 Conjunta de Vacunaci\u00f3n, est\u00e1 recibiendo a quienes su primer apellido inicia con las letras R, S, T, U y V, para finalizar el d\u00eda viernes 16 con W, X, Y, Z. La atenci\u00f3n a bordo de autom\u00f3vil fue brindada \u00fanicamente del lunes 12 al mi\u00e9rcoles 14 de julio.<\/span><\/span><\/span><\/span><\/span><\/p>\n<p style=\"margin-left:0cm; margin-right:0cm\"><span style=\"font-size:12pt\"><span style=\"font-family:&quot;Times New Roman&quot;,serif\"><em><strong><span style=\"font-size:10.0pt\"><span style=\"font-family:&quot;Arial&quot;,sans-serif\"><span style=\"color:#333333\">ANUNCIA PC POSIBILIDAD DE\u00a0LLUVIAS Y ALTAS TEMPERATURAS<\/span><\/span><\/span><\/strong><\/em><\/span><\/span><\/p>\n<p style=\"margin-left:0cm; margin-right:0cm\"><span style=\"font-size:12pt\"><span style=\"font-family:&quot;Times New Roman&quot;,serif\"><span style=\"font-size:10.0pt\"><span style=\"font-family:&quot;Arial&quot;,sans-serif\"><span style=\"color:#333333\">Por cierto, la Coordinaci\u00f3n de Protecci\u00f3n Civil, del Gobierno Municipal de Reynosa, informa sobre las condiciones del clima para este fin de semana en que sigue latente la posibilidad de lluvias para la regi\u00f3n.<\/span><\/span><\/span><\/span><\/span><\/p>\n<p style=\"margin-left:0cm; margin-right:0cm\"><span style=\"font-size:12pt\"><span style=\"font-family:&quot;Times New Roman&quot;,serif\"><span style=\"font-size:10.0pt\"><span style=\"font-family:&quot;Arial&quot;,sans-serif\"><span style=\"color:#333333\">Los fen\u00f3menos hidrometeorol\u00f3gicos presentes en varias zonas del pa\u00eds mantienen la posibilidad de chubascos para Tamaulipas y Nuevo Le\u00f3n.<\/span><\/span><\/span><\/span><\/span><\/p>\n<p style=\"margin-left:0cm; margin-right:0cm\"><span style=\"font-size:12pt\"><span style=\"font-family:&quot;Times New Roman&quot;,serif\"><span style=\"font-size:10.0pt\"><span style=\"font-family:&quot;Arial&quot;,sans-serif\"><span style=\"color:#333333\">De acuerdo a la informaci\u00f3n que emiti\u00f3 este jueves 15 de julio el Servicio Meteorol\u00f3gico Nacional, la zona noreste, en la que se ubica Reynosa podr\u00eda registrar temperaturas de entre 35 a 40 Cent\u00edgrados como m\u00e1xima.<\/span><\/span><\/span><\/span><\/span><\/p>\n<p style=\"margin-left:0cm; margin-right:0cm\"><span style=\"font-size:12pt\"><span style=\"font-family:&quot;Times New Roman&quot;,serif\"><span style=\"font-size:10.0pt\"><span style=\"font-family:&quot;Arial&quot;,sans-serif\"><span style=\"color:#333333\">Las lluvias podr\u00edan estar acompa\u00f1adas de descargas el\u00e9ctricas y vientos de 50 a 60 Kil\u00f3metros por hora.<\/span><\/span><\/span><\/span><\/span><\/p>\n<p style=\"margin-left:0cm; margin-right:0cm\"><span style=\"font-size:12pt\"><span style=\"font-family:&quot;Times New Roman&quot;,serif\"><em><strong><span style=\"font-size:10.0pt\"><span style=\"font-family:&quot;Arial&quot;,sans-serif\"><span style=\"color:#333333\">TEMPERATURAS:<\/span><\/span><\/span><\/strong><\/em><\/span><\/span><\/p>\n<p style=\"margin-left:0cm; margin-right:0cm\"><span style=\"font-size:12pt\"><span style=\"font-family:&quot;Times New Roman&quot;,serif\"><span style=\"font-size:10.0pt\"><span style=\"font-family:&quot;Arial&quot;,sans-serif\"><span style=\"color:#333333\">El viernes 16 y s\u00e1bado 17, la temperatura podr\u00eda situarse en 25 Cent\u00edgrados como m\u00ednima hasta los 34\/35 como m\u00e1xima, con probabilidad de lluvia del 10%.<\/span><\/span><\/span><\/span><\/span><\/p>\n<p style=\"margin-left:0cm; margin-right:0cm\"><span style=\"font-size:12pt\"><span style=\"font-family:&quot;Times New Roman&quot;,serif\"><span style=\"font-size:10.0pt\"><span style=\"font-family:&quot;Arial&quot;,sans-serif\"><span style=\"color:#333333\">Los d\u00edas domingo 18 y lunes 19 se incrementa la probabilidad de precipitaciones pluviales hasta el 25% con temperaturas de 24 a 34 Cent\u00edgrados como m\u00ednima y m\u00e1xima.<\/span><\/span><\/span><\/span><\/span><\/p>\n<p style=\"margin-left:0cm; margin-right:0cm\"><span style=\"font-size:12pt\"><span style=\"font-family:&quot;Times New Roman&quot;,serif\"><em><strong><span style=\"font-size:10.0pt\"><span style=\"font-family:&quot;Arial&quot;,sans-serif\"><span style=\"color:#333333\">CONFIRMA SS VARIANTE DELTA\u00a0DE COVID-19 EN TAMAULIPAS<\/span><\/span><\/span><\/strong><\/em><\/span><\/span><\/p>\n<p style=\"margin-left:0cm; margin-right:0cm\"><span style=\"font-size:12pt\"><span style=\"font-family:&quot;Times New Roman&quot;,serif\"><span style=\"font-size:10.0pt\"><span style=\"font-family:&quot;Arial&quot;,sans-serif\"><span style=\"color:#333333\">Desde otra vertiente, le comparto que la secretaria de Salud GLORIA MOLINA GAMBOA ,confirm\u00f3 la circulaci\u00f3n de la variante Delta de COVID-19 luego de que 5 pacientes de diferentes municipios del Estado resultaran positivos a la cepa, por lo que reiter\u00f3 el llamado a reforzar las medidas preventivas.<\/span><\/span><\/span><\/span><\/span><\/p>\n<p style=\"margin-left:0cm; margin-right:0cm\"><span style=\"font-size:12pt\"><span style=\"font-family:&quot;Times New Roman&quot;,serif\"><span style=\"font-size:10.0pt\"><span style=\"font-family:&quot;Arial&quot;,sans-serif\"><span style=\"color:#333333\">Se trata de un hombre de 55 a\u00f1os, una mujer de 63 a\u00f1os, una mujer de 42 a\u00f1os, un hombre de 79 a\u00f1os, y otra mujer de 63 a\u00f1os de edad en los municipios de Matamoros, Reynosa, Ciudad Victoria y Tampico.<\/span><\/span><\/span><\/span><\/span><\/p>\n<p style=\"margin-left:0cm; margin-right:0cm\"><span style=\"font-size:12pt\"><span style=\"font-family:&quot;Times New Roman&quot;,serif\"><span style=\"font-size:10.0pt\"><span style=\"font-family:&quot;Arial&quot;,sans-serif\"><span style=\"color:#333333\">Tras la notificaci\u00f3n, el Gobierno de Tamaulipas a trav\u00e9s de la Secretar\u00eda de Salud, activ\u00f3 los protocolos de bioseguridad sanitaria para identificar a las personas con las que hayan tenido contacto y pudieran ser casos sospechosos.<\/span><\/span><\/span><\/span><\/span><\/p>\n<p style=\"margin-left:0cm; margin-right:0cm\"><span style=\"font-size:12pt\"><span style=\"font-family:&quot;Times New Roman&quot;,serif\"><span style=\"font-size:10.0pt\"><span style=\"font-family:&quot;Arial&quot;,sans-serif\"><span style=\"color:#333333\">De la misma forma intensific\u00f3 la vigilancia epidemiol\u00f3gica en los municipios de mayor concentraci\u00f3n poblacional para\u00a0 atender posibles brotes y prevenir un incremento de casos, hospitalizaciones y complicaciones graves.<\/span><\/span><\/span><\/span><\/span><\/p>\n<p style=\"margin-left:0cm; margin-right:0cm\"><span style=\"font-size:12pt\"><span style=\"font-family:&quot;Times New Roman&quot;,serif\"><span style=\"font-size:10.0pt\"><span style=\"font-family:&quot;Arial&quot;,sans-serif\"><span style=\"color:#333333\">MOLINA GAMBOA precis\u00f3 que actualmente se encuentran en an\u00e1lisis los 5 casos confirmados y en cuanto se cuente con mayor informaci\u00f3n se har\u00e1 del conocimiento p\u00fablico a trav\u00e9s de los medios y plataformas oficiales.<\/span><\/span><\/span><\/span><\/span><\/p>\n<p style=\"margin-left:0cm; margin-right:0cm\"><span style=\"font-size:12pt\"><span style=\"font-family:&quot;Times New Roman&quot;,serif\"><span style=\"font-size:10.0pt\"><span style=\"font-family:&quot;Arial&quot;,sans-serif\"><span style=\"color:#333333\">En tanto, pidi\u00f3 a la poblaci\u00f3n no bajar la guardia y evitar salidas innecesarias aun si ya se han vacunado, lavarse las manos de forma correcta y frecuente, no saludar de beso, mano o abrazo, usar cubrebocas en cualquier espacio p\u00fablico, mantener la sana distancia, evitar aglomeraciones y no exponer a los m\u00e1s vulnerables a un contagio.<\/span><\/span><\/span><\/span><\/span><\/p>\n<p style=\"margin-left:0cm; margin-right:0cm\"><span style=\"font-size:12pt\"><span style=\"font-family:&quot;Times New Roman&quot;,serif\"><span style=\"font-size:10.0pt\"><span style=\"font-family:&quot;Arial&quot;,sans-serif\"><span style=\"color:#333333\">\u201cLo fundamental es proteger la salud de la poblaci\u00f3n\u201d subray\u00f3 la funcionaria estatal luego de se\u00f1alar que se tomar\u00e1n las medidas sanitarias correspondientes, incluyendo las referentes al regreso a clases presenciales.<\/span><\/span><\/span><\/span><\/span><\/p>\n<p style=\"margin-left:0cm; margin-right:0cm\"><span style=\"font-size:12pt\"><span style=\"font-family:&quot;Times New Roman&quot;,serif\"><span style=\"font-size:10.0pt\"><span style=\"font-family:&quot;Arial&quot;,sans-serif\"><span style=\"color:#333333\">La variante Delta, identificada por primera vez en la India, es a\u00fan m\u00e1s contagiosa y transmisible que otras variantes y actualmente se ha confirmado su presencia en diferentes entidades del pa\u00eds y ahora en Tamaulipas.<\/span><\/span><\/span><\/span><\/span><\/p>\n<p style=\"margin-left:0cm; margin-right:0cm\"><span style=\"font-size:12pt\"><span style=\"font-family:&quot;Times New Roman&quot;,serif\"><strong><span style=\"font-size:10.0pt\"><span style=\"font-family:&quot;Arial&quot;,sans-serif\"><span style=\"color:#333333\">[-Entrepar\u00e9ntesis:<\/span><\/span><\/span><\/strong><span style=\"font-size:10.0pt\"><span style=\"font-family:&quot;Arial&quot;,sans-serif\"><span style=\"color:#333333\">\u00a0Tamaulipas sum\u00f3 este jueves 175 nuevos casos de COVID-19 y 9 fallecimientos a su conteo oficial, inform\u00f3 la secretaria de Salud, GLORIA MOLINA GAMBOA luego de insistir en su llamado a extremar las medidas de prevenci\u00f3n ya conocidas para evitar un repunte en los contagios, complicaciones graves y fallecimientos. Asimismo, poder contribuir a una mayor reactivaci\u00f3n econ\u00f3mica con un menor riesgo de contagios por COVID-19<strong><span style=\"font-family:&quot;Arial&quot;,sans-serif\">-].<\/span><\/strong><\/span><\/span><\/span><\/span><\/span><\/p>\n<p style=\"margin-left:0cm; margin-right:0cm\"><span style=\"font-size:12pt\"><span style=\"font-family:&quot;Times New Roman&quot;,serif\"><em><strong><span style=\"font-size:10.0pt\"><span style=\"font-family:&quot;Arial&quot;,sans-serif\"><span style=\"color:#333333\">GERARDO PE\u00d1A, EN CAMPA\u00d1A;\u00a0\u00bfTRAZA LA COALICI\u00d3N PAN-PRI?<\/span><\/span><\/span><\/strong><\/em><\/span><\/span><\/p>\n<p style=\"margin-left:0cm; margin-right:0cm\"><span style=\"font-size:12pt\"><span style=\"font-family:&quot;Times New Roman&quot;,serif\"><span style=\"font-size:10.0pt\"><span style=\"font-family:&quot;Arial&quot;,sans-serif\"><span style=\"color:#333333\">En Nuevo Laredo, por cierto, el todav\u00eda presidente de la Junta de Coordinaci\u00f3n Pol\u00edtica del Congreso native, GERARDO PE\u00d1A FLORES, inici\u00f3 una serie de di\u00e1logos y reuniones pol\u00edticas con personajes de antecedente priista, por lo que al margen de informar de su trabajo legislativo, no es nada remota la posibilidad de que GERARDO est\u00e9 empezando a tejer finito lo que podr\u00eda ser la coalici\u00f3n PAN-PRI, rumbo a los comicios del 2022.<\/span><\/span><\/span><\/span><\/span><\/p>\n<p style=\"margin-left:0cm; margin-right:0cm\"><span style=\"font-size:12pt\"><span style=\"font-family:&quot;Times New Roman&quot;,serif\"><span style=\"font-size:10.0pt\"><span style=\"font-family:&quot;Arial&quot;,sans-serif\"><span style=\"color:#333333\">Esto, porque GERARDO convers\u00f3 ampliamente de su proyecto con JOS\u00c9 SU\u00c1REZ L\u00d3PEZ, ex presidente municipal tricolor y editor; RAMIRO RAMOS SALINAS, ex presidente estatal del PRI y pre-candidato a Gobernador y ARNULFO TEJADA LARA, ex diputado native, ex dirigente del sector fashionable. \u00a0<\/span><\/span><\/span><\/span><\/span><\/p>\n<p style=\"margin-left:0cm; margin-right:0cm\"><span style=\"font-size:12pt\"><span style=\"font-family:&quot;Times New Roman&quot;,serif\"><span style=\"font-size:10.0pt\"><span style=\"font-family:&quot;Arial&quot;,sans-serif\"><span style=\"color:#333333\">PE\u00d1A FLORES, a quien los que conocen ubican como el verdadero candidato del PAN a gobernador, realiza este recorrido por Tamaulipas, pero a juzgar por la identidad pol\u00edtica de sus contrapartes, todo parece indicar que teje finito para lo que viene.<\/span><\/span><\/span><\/span><\/span><\/p>\n<p style=\"margin-left:0cm; margin-right:0cm\"><span style=\"font-size:12pt\"><span style=\"font-family:&quot;Times New Roman&quot;,serif\"><span style=\"font-size:10.0pt\"><span style=\"font-family:&quot;Arial&quot;,sans-serif\"><span style=\"color:#333333\">\u00bfViene para \u00e9l?<\/span><\/span><\/span><\/span><\/span><\/p>\n<p style=\"margin-left:0cm; margin-right:0cm\"><span style=\"font-size:12pt\"><span style=\"font-family:&quot;Times New Roman&quot;,serif\"><span style=\"font-size:10.0pt\"><span style=\"font-family:&quot;Arial&quot;,sans-serif\"><span style=\"color:#333333\">\u2026 Nosotros decimos que s\u00ed; pero en pol\u00edtica todo puede suceder.<\/span><\/span><\/span><\/span><\/span><\/p>\n<p style=\"margin-left:0cm; margin-right:0cm\"><span style=\"font-size:12pt\"><span style=\"font-family:&quot;Times New Roman&quot;,serif\"><span style=\"font-size:10.0pt\"><span style=\"font-family:&quot;Arial&quot;,sans-serif\"><span style=\"color:#333333\">A prop\u00f3sito del Congreso, los aspirantes a suceder a GERARDO en la Presidencia de la Junta de Coordinaci\u00f3n Pol\u00edtica, ya empezaron a mover a sus \u201cpadrinos\u201d, pues aunque resulta a todas luces evidente que el \u201ccandidato natural\u201d a la presidencia del Poder Legislativo es el Dr. ARMANDO ZERTUCHE ZUANI, los compadres de PEPE BRA\u00d1A tratan de ponerle m\u00e9ritos que de nada le servir\u00e1n en el momento de iniciar la construcci\u00f3n de lo que viene.<\/span><\/span><\/span><\/span><\/span><\/p>\n<p style=\"margin-left:0cm; margin-right:0cm\"><span style=\"font-size:12pt\"><span style=\"font-family:&quot;Times New Roman&quot;,serif\"><span style=\"font-size:10.0pt\"><span style=\"font-family:&quot;Arial&quot;,sans-serif\"><span style=\"color:#333333\">Es decir, no se trata de que BRA\u00d1A sea un alma de El Se\u00f1or y de que en el camino se ense\u00f1a, no. Los tiempos que corren exigen experiencia y conocimiento, pues lo que viene no ser\u00e1 miel sobre hojuelas, pues la inminente alianza PAN-PRI rumbo al 2022, induce la concept de que los debates camarales requerir\u00e1n agudeza de conocimiento y capacidad de reacci\u00f3n.<\/span><\/span><\/span><\/span><\/span><\/p>\n<p style=\"margin-left:0cm; margin-right:0cm\"><span style=\"font-size:12pt\"><span style=\"font-family:&quot;Times New Roman&quot;,serif\"><span style=\"font-size:10.0pt\"><span style=\"font-family:&quot;Arial&quot;,sans-serif\"><span style=\"color:#333333\">Adem\u00e1s, hay que cuidar que los diputados no cedan a la seducci\u00f3n del billete azul.<\/span><\/span><\/span><\/span><\/span><\/p>\n<p style=\"margin-left:0cm; margin-right:0cm\"><span style=\"font-size:12pt\"><span style=\"font-family:&quot;Times New Roman&quot;,serif\"><em><strong><span style=\"font-size:10.0pt\"><span style=\"font-family:&quot;Arial&quot;,sans-serif\"><span style=\"color:#333333\">CON OUTLET TAMAULIPAS\u00a0VERANO INOLVIDABLE<\/span><\/span><\/span><\/strong><\/em><\/span><\/span><\/p>\n<p style=\"margin-left:0cm; margin-right:0cm\"><span style=\"font-size:12pt\"><span style=\"font-family:&quot;Times New Roman&quot;,serif\"><span style=\"font-size:10.0pt\"><span style=\"font-family:&quot;Arial&quot;,sans-serif\"><span style=\"color:#333333\">Cambio de orientaci\u00f3n tem\u00e1tica para participarle que, mediante la estrategia de promoci\u00f3n y venta \u201cTam Outlet\u201d Edici\u00f3n Verano 2021, ser\u00e1n ofrecidos descuentos y tarifas especiales en hoteles de Tamaulipas durante la presente temporada vacacional de verano.<\/span><\/span><\/span><\/span><\/span><\/p>\n<p style=\"margin-left:0cm; margin-right:0cm\"><span style=\"font-size:12pt\"><span style=\"font-family:&quot;Times New Roman&quot;,serif\"><span style=\"font-size:10.0pt\"><span style=\"font-family:&quot;Arial&quot;,sans-serif\"><span style=\"color:#333333\">Esta actividad ser\u00e1 difundida a trav\u00e9s de la plataforma de Worth Journey, principal agencia de viajes en l\u00ednea de M\u00e9xico y Latinoam\u00e9rica.<\/span><\/span><\/span><\/span><\/span><\/p>\n<p style=\"margin-left:0cm; margin-right:0cm\"><span style=\"font-size:12pt\"><span style=\"font-family:&quot;Times New Roman&quot;,serif\"><span style=\"font-size:10.0pt\"><span style=\"font-family:&quot;Arial&quot;,sans-serif\"><span style=\"color:#333333\">El objetivo y los alcances de esta campa\u00f1a fueron presentados previamente ante los diferentes grupos de hoteleros de Tamaulipas. Inform\u00e1ndoles la estrategia implementada, fortaleciendo as\u00ed la oferta del destino en la precise temporada de verano.<\/span><\/span><\/span><\/span><\/span><\/p>\n<p style=\"margin-left:0cm; margin-right:0cm\"><span style=\"font-size:12pt\"><span style=\"font-family:&quot;Times New Roman&quot;,serif\"><span style=\"font-size:10.0pt\"><span style=\"font-family:&quot;Arial&quot;,sans-serif\"><span style=\"color:#333333\">Para lograr un mayor impacto, el \u201cTam Outlet\u201d ser\u00e1 tambi\u00e9n promovido en Travelinn, herramienta especializada y dirigida a los agentes de viajes.<\/span><\/span><\/span><\/span><\/span><\/p>\n<p style=\"margin-left:0cm; margin-right:0cm\"><span style=\"font-size:12pt\"><span style=\"font-family:&quot;Times New Roman&quot;,serif\"><span style=\"font-size:10.0pt\"><span style=\"font-family:&quot;Arial&quot;,sans-serif\"><span style=\"color:#333333\">Aprovechando el movimiento que poseen las plataformas, redes sociales y base de suscriptores de las empresas enunciadas, se difundir\u00e1n los descuentos y promociones que podr\u00e1n elegir los turistas, para visitar en esta temporada vacacional el estado de Tamaulipas.<\/span><\/span><\/span><\/span><\/span><\/p>\n<p style=\"margin-left:0cm; margin-right:0cm\"><span style=\"font-size:12pt\"><span style=\"font-family:&quot;Times New Roman&quot;,serif\"><span style=\"font-size:10.0pt\"><span style=\"font-family:&quot;Arial&quot;,sans-serif\"><span style=\"color:#333333\">Estas ofertas especiales podr\u00e1n ser consultadas del 15 al 16 por medio de Travelinn, mientras que las promociones que ofrezcan Pricel Journey y sus puntos de venta, ser\u00e1n del 17 al 19 del presente.<\/span><\/span><\/span><\/span><\/span><\/p>\n<p style=\"margin-left:0cm; margin-right:0cm\"><span style=\"font-size:12pt\"><span style=\"font-family:&quot;Times New Roman&quot;,serif\"><em><strong><span style=\"font-size:10.0pt\"><span style=\"font-family:&quot;Arial&quot;,sans-serif\"><span style=\"color:#333333\">CdeV REALIZA GIRA\u00a0DE TRABAJO EN REYNOSA<\/span><\/span><\/span><\/strong><\/em><\/span><\/span><\/p>\n<p style=\"margin-left:0cm; margin-right:0cm\"><span style=\"font-size:12pt\"><span style=\"font-family:&quot;Times New Roman&quot;,serif\"><span style=\"font-size:10.0pt\"><span style=\"font-family:&quot;Arial&quot;,sans-serif\"><span style=\"color:#333333\">Vuelvo a Reynosa para compartirle que el gobernador FRANCISCO GARC\u00cdA CABEZA DE VACA, realiz\u00f3 gira de trabajo por esta ciudad fronteriza, donde inaugur\u00f3 vialidades construidas por su Gobierno en colonias populares, a fin de mejorar la calidad de vida y la movilidad de sus habitantes, as\u00ed como fortalecer la infraestructura urbana con la que cuenta el municipio.<\/span><\/span><\/span><\/span><\/span><\/p>\n<p style=\"margin-left:0cm; margin-right:0cm\"><span style=\"font-size:12pt\"><span style=\"font-family:&quot;Times New Roman&quot;,serif\"><span style=\"font-size:10.0pt\"><span style=\"font-family:&quot;Arial&quot;,sans-serif\"><span style=\"color:#333333\">GARC\u00cdA CABEZA DE VACA inaugur\u00f3 de manera oficial la calle Amado Nervo, de la colonia L\u00e1zaro C\u00e1rdenas y la calle R\u00edo de Janeiro de la colonia Balcones de Alcal\u00e1 del municipio fronterizo.<\/span><\/span><\/span><\/span><\/span><\/p>\n<p style=\"margin-left:0cm; margin-right:0cm\"><span style=\"font-size:12pt\"><span style=\"font-family:&quot;Times New Roman&quot;,serif\"><span style=\"font-size:10.0pt\"><span style=\"font-family:&quot;Arial&quot;,sans-serif\"><span style=\"color:#333333\">Estos trabajos de pavimentaci\u00f3n tambi\u00e9n contemplan obras complementarias como instalaci\u00f3n y rehabilitaci\u00f3n de alumbrado p\u00fablico, descargas domiciliarias y tomas de agua potable.<\/span><\/span><\/span><\/span><\/span><\/p>\n<p style=\"margin-left:0cm; margin-right:0cm\"><span style=\"font-size:12pt\"><span style=\"font-family:&quot;Times New Roman&quot;,serif\"><span style=\"font-size:10.0pt\"><span style=\"font-family:&quot;Arial&quot;,sans-serif\"><span style=\"color:#333333\">Como parte de su gira de trabajo, el Gobernador sostuvo reuni\u00f3n de trabajo con integrantes de la Mesa de Seguridad y Justicia y c\u00e1maras empresariales con el objetivo de analizar y crear estrategias que fortalezcan las tareas de seguridad p\u00fablica en la regi\u00f3n.<\/span><\/span><\/span><\/span><\/span><\/p>\n<p style=\"margin-left:0cm; margin-right:0cm\"><span style=\"font-size:12pt\"><span style=\"font-family:&quot;Times New Roman&quot;,serif\"><em><strong><span style=\"font-size:10.0pt\"><span style=\"font-family:&quot;Arial&quot;,sans-serif\"><span style=\"color:#333333\">PUBLICA UAT CONVOCATORIA\u00a0DE LA BECA COVID<\/span><\/span><\/span><\/strong><\/em><\/span><\/span><\/p>\n<p style=\"margin-left:0cm; margin-right:0cm\"><span style=\"font-size:12pt\"><span style=\"font-family:&quot;Times New Roman&quot;,serif\"><span style=\"font-size:10.0pt\"><span style=\"font-family:&quot;Arial&quot;,sans-serif\"><span style=\"color:#333333\">Por \u00faltimo, con el prop\u00f3sito de apoyar a la poblaci\u00f3n estudiantil que se encuentra en desventaja socioecon\u00f3mica, y debido a la contingencia por la pandemia, la Universidad Aut\u00f3noma de Tamaulipas (UAT) invita a sus estudiantes de reingreso a participar en la convocatoria 2021-3 de la Beca COVID-19.<\/span><\/span><\/span><\/span><\/span><\/p>\n<p style=\"margin-left:0cm; margin-right:0cm\"><span style=\"font-size:12pt\"><span style=\"font-family:&quot;Times New Roman&quot;,serif\"><span style=\"font-size:10.0pt\"><span style=\"font-family:&quot;Arial&quot;,sans-serif\"><span style=\"color:#333333\">La Secretar\u00eda de Gesti\u00f3n Escolar, a trav\u00e9s de la Direcci\u00f3n de Becas, inform\u00f3 que este apoyo est\u00e1 dirigido a estudiantes de t\u00e9cnico superior universitario y licenciatura que se reinscribir\u00e1n en el per\u00edodo 2021-3.<\/span><\/span><\/span><\/span><\/span><\/p>\n<p style=\"margin-left:0cm; margin-right:0cm\"><span style=\"font-size:12pt\"><span style=\"font-family:&quot;Times New Roman&quot;,serif\"><span style=\"font-size:10.0pt\"><span style=\"font-family:&quot;Arial&quot;,sans-serif\"><span style=\"color:#333333\">Para conocer los detalles de la convocatoria y el procedimiento de registro, se invita a la comunidad estudiantil de la UAT a ingresar a la p\u00e1gina net\u00a0<\/span><\/span><\/span><a rel=\"nofollow noopener\" target=\"_blank\" href=\"http:\/\/becacovid.uat.edu.mx\/\" style=\"color:blue; text-decoration:underline\"><span style=\"font-size:10.0pt\"><span style=\"font-family:&quot;Arial&quot;,sans-serif\"><span style=\"color:#0782c1\">http:\/\/becacovid.uat.edu.mx<\/span><\/span><\/span><\/a><span style=\"font-size:10.0pt\"><span style=\"font-family:&quot;Arial&quot;,sans-serif\"><span style=\"color:#333333\">, donde tambi\u00e9n se puede acceder al formulario.<\/span><\/span><\/span><\/span><\/span><\/p>\n<p style=\"margin-left:0cm; margin-right:0cm\"><span style=\"font-size:12pt\"><span style=\"font-family:&quot;Times New Roman&quot;,serif\"><span style=\"font-size:10.0pt\"><span style=\"font-family:&quot;Arial&quot;,sans-serif\"><span style=\"color:#333333\">La dependencia universitaria precis\u00f3 que los aspirantes podr\u00e1n registrarse desde el 15 de julio hasta las 23:59 horas del 23 de julio de 2021, para lo cual exhort\u00f3 a los interesados a realizar en tiempo y forma este procedimiento.<\/span><\/span><\/span><\/span><\/span><\/p>\n<p style=\"margin-left:0cm; margin-right:0cm\"><span style=\"font-size:12pt\"><span style=\"font-family:&quot;Times New Roman&quot;,serif\"><span style=\"font-size:10.0pt\"><span style=\"font-family:&quot;Arial&quot;,sans-serif\"><span style=\"color:#333333\">Inform\u00f3 tambi\u00e9n que los resultados se dar\u00e1n a conocer el 16 de agosto mediante las p\u00e1ginas oficiales de web y redes sociales de la Direcci\u00f3n de Becas de la Universidad.<\/span><\/span><\/span><\/span><\/span><\/p>\n<p style=\"margin-left:0cm; margin-right:0cm\"><span style=\"font-size:12pt\"><span style=\"font-family:&quot;Times New Roman&quot;,serif\"><span style=\"font-size:10.0pt\"><span style=\"font-family:&quot;Arial&quot;,sans-serif\"><span style=\"color:#333333\">Por hoy es todo, nos leemos ma\u00f1ana.<\/span><\/span><\/span><\/span><\/span><\/p>\n<\/p><\/div>\n\n<p><em> &#8221; Fuentes noticiasdetamaulipas.com &#8221; <\/em><\/p>\n","protected":false},"excerpt":{"rendered":"<p>Cd. Victoria Fecha de Publicaci\u00f3n: Julio , 16 ,2021 | Tags: Comunicadores, Hacienda, Ribere\u00f1a &#13; Ofrece \u2018chamba\u2019 a sus adversarios &#13; Fiscal\u00eda estatal le gira oficio de cita &#13; Egidio, al banquillo de los acusados &#13; Gerardo Pe\u00f1a, en campa\u00f1a por NLD &#13; Por: \u00c1ngel A. Guerra El pre candidato de Morena a gobernador ALEJANDRO [&hellip;]<\/p>\n","protected":false},"author":4,"featured_media":159330,"comment_status":"open","ping_status":"closed","sticky":false,"template":"","format":"standard","meta":{"om_disable_all_campaigns":false,"jnews-multi-image_gallery":[],"jnews_single_post":[],"jnews_primary_category":[],"jnews_social_meta":[],"footnotes":""},"categories":[40],"tags":[27784,645,27785,22732],"class_list":["post-159329","post","type-post","status-publish","format-standard","has-post-thumbnail","hentry","category-industria","tag-comunicadores","tag-hacienda","tag-riberena","tag-vientos"],"_links":{"self":[{"href":"https:\/\/dimensionturistica.com\/es\/wp-json\/wp\/v2\/posts\/159329","targetHints":{"allow":["GET"]}}],"collection":[{"href":"https:\/\/dimensionturistica.com\/es\/wp-json\/wp\/v2\/posts"}],"about":[{"href":"https:\/\/dimensionturistica.com\/es\/wp-json\/wp\/v2\/types\/post"}],"author":[{"embeddable":true,"href":"https:\/\/dimensionturistica.com\/es\/wp-json\/wp\/v2\/users\/4"}],"replies":[{"embeddable":true,"href":"https:\/\/dimensionturistica.com\/es\/wp-json\/wp\/v2\/comments?post=159329"}],"version-history":[{"count":0,"href":"https:\/\/dimensionturistica.com\/es\/wp-json\/wp\/v2\/posts\/159329\/revisions"}],"wp:featuredmedia":[{"embeddable":true,"href":"https:\/\/dimensionturistica.com\/es\/wp-json\/wp\/v2\/media\/159330"}],"wp:attachment":[{"href":"https:\/\/dimensionturistica.com\/es\/wp-json\/wp\/v2\/media?parent=159329"}],"wp:term":[{"taxonomy":"category","embeddable":true,"href":"https:\/\/dimensionturistica.com\/es\/wp-json\/wp\/v2\/categories?post=159329"},{"taxonomy":"post_tag","embeddable":true,"href":"https:\/\/dimensionturistica.com\/es\/wp-json\/wp\/v2\/tags?post=159329"}],"curies":[{"name":"wp","href":"https:\/\/api.w.org\/{rel}","templated":true}]}}