{"id":159148,"date":"2021-07-15T23:38:52","date_gmt":"2021-07-15T23:38:52","guid":{"rendered":"https:\/\/dimensionturistica.com\/es\/?p=159148"},"modified":"2021-07-15T23:38:53","modified_gmt":"2021-07-15T23:38:53","slug":"lanza-la-ut-maestria-en-gestion-de-destinos-turisticos-sustentables","status":"publish","type":"post","link":"https:\/\/dimensionturistica.com\/es\/lanza-la-ut-maestria-en-gestion-de-destinos-turisticos-sustentables\/","title":{"rendered":"Lanza la UT Maestr\u00eda en Gesti\u00f3n de Destinos Tur\u00edsticos Sustentables"},"content":{"rendered":"<p> <br \/>\n<\/p>\n<div>\n<figure class=\"wp-block-image size-large\"><img decoding=\"async\" loading=\"lazy\" width=\"708\" height=\"472\" src=\"https:\/\/i1.wp.com\/www.cancunmio.com\/wp-content\/uploads\/2021\/07\/UT-CANCUN-BIS-LANZA-POSGRADOS-4.jpeg?resize=708%2C472&amp;ssl=1\" alt=\"\" class=\"wp-image-188551 jetpack-lazy-image\" data-recalc-dims=\"1\" data-lazy-srcset=\"https:\/\/i1.wp.com\/www.cancunmio.com\/wp-content\/uploads\/2021\/07\/UT-CANCUN-BIS-LANZA-POSGRADOS-4.jpeg?w=1280&amp;ssl=1 1280w, https:\/\/i1.wp.com\/www.cancunmio.com\/wp-content\/uploads\/2021\/07\/UT-CANCUN-BIS-LANZA-POSGRADOS-4.jpeg?resize=300%2C200&amp;ssl=1 300w, https:\/\/i1.wp.com\/www.cancunmio.com\/wp-content\/uploads\/2021\/07\/UT-CANCUN-BIS-LANZA-POSGRADOS-4.jpeg?resize=768%2C512&amp;ssl=1 768w\" data-lazy-sizes=\"(max-width: 708px) 100vw, 708px\" data-lazy-src=\"https:\/\/i1.wp.com\/www.cancunmio.com\/wp-content\/uploads\/2021\/07\/UT-CANCUN-BIS-LANZA-POSGRADOS-4.jpeg?resize=708%2C472&amp;is-pending-load=1#038;ssl=1\" srcset=\"data:image\/gif;base64,R0lGODlhAQABAIAAAAAAAP\/\/\/yH5BAEAAAAALAAAAAABAAEAAAIBRAA7\"\/><noscript><img decoding=\"async\" loading=\"lazy\" width=\"708\" height=\"472\" src=\"https:\/\/i1.wp.com\/www.cancunmio.com\/wp-content\/uploads\/2021\/07\/UT-CANCUN-BIS-LANZA-POSGRADOS-4.jpeg?resize=708%2C472&amp;ssl=1\" alt=\"\" class=\"wp-image-188551\" srcset=\"https:\/\/i1.wp.com\/www.cancunmio.com\/wp-content\/uploads\/2021\/07\/UT-CANCUN-BIS-LANZA-POSGRADOS-4.jpeg?w=1280&amp;ssl=1 1280w, https:\/\/i1.wp.com\/www.cancunmio.com\/wp-content\/uploads\/2021\/07\/UT-CANCUN-BIS-LANZA-POSGRADOS-4.jpeg?resize=300%2C200&amp;ssl=1 300w, https:\/\/i1.wp.com\/www.cancunmio.com\/wp-content\/uploads\/2021\/07\/UT-CANCUN-BIS-LANZA-POSGRADOS-4.jpeg?resize=768%2C512&amp;ssl=1 768w\" sizes=\"auto, (max-width: 708px) 100vw, 708px\" data-recalc-dims=\"1\"\/><\/noscript><\/figure>\n<p>La Universidad Tecnol\u00f3gica de Canc\u00fan BIS llev\u00f3 a cabo el lanzamiento del sistema de posgrado que se apertura con las Maestr\u00edas en Gesti\u00f3n de Destinos Tur\u00edsticos Sustentables y la de Ingenier\u00eda aplicada en la Innovaci\u00f3n Tecnol\u00f3gica, beneficiando a egresados y estudiantes de otras universidades interesados en seguir \u201cEscalando con Firmeza\u201d en su preparaci\u00f3n acad\u00e9mica y profesional.<\/p>\n<p>Acompa\u00f1ado del gobernador del estado, C.P. Carlos Joaqu\u00edn Gonz\u00e1lez, el rector Juli\u00e1n Aguilar, destac\u00f3 el compromiso que tiene esta casa de estudios con los ideales del subsistema, buscando estar en un movimiento vanguardista, a trav\u00e9s de promover planes y programas educativos que sean pertinentes en la zona y que ayuden a hacer los sue\u00f1os realidad de los j\u00f3venes que buscan tener m\u00e1s y mejores oportunidades.<\/p>\n<figure class=\"wp-block-image size-large\"><img decoding=\"async\" loading=\"lazy\" width=\"708\" height=\"472\" src=\"https:\/\/i0.wp.com\/www.cancunmio.com\/wp-content\/uploads\/2021\/07\/UT-CANCUN-BIS-LANZA-POSGRADOS-2.jpeg?resize=708%2C472&amp;ssl=1\" alt=\"\" class=\"wp-image-188554 jetpack-lazy-image\" data-recalc-dims=\"1\" data-lazy-srcset=\"https:\/\/i0.wp.com\/www.cancunmio.com\/wp-content\/uploads\/2021\/07\/UT-CANCUN-BIS-LANZA-POSGRADOS-2.jpeg?w=1280&amp;ssl=1 1280w, https:\/\/i0.wp.com\/www.cancunmio.com\/wp-content\/uploads\/2021\/07\/UT-CANCUN-BIS-LANZA-POSGRADOS-2.jpeg?resize=300%2C200&amp;ssl=1 300w, https:\/\/i0.wp.com\/www.cancunmio.com\/wp-content\/uploads\/2021\/07\/UT-CANCUN-BIS-LANZA-POSGRADOS-2.jpeg?resize=768%2C512&amp;ssl=1 768w\" data-lazy-sizes=\"(max-width: 708px) 100vw, 708px\" data-lazy-src=\"https:\/\/i0.wp.com\/www.cancunmio.com\/wp-content\/uploads\/2021\/07\/UT-CANCUN-BIS-LANZA-POSGRADOS-2.jpeg?resize=708%2C472&amp;is-pending-load=1#038;ssl=1\" srcset=\"data:image\/gif;base64,R0lGODlhAQABAIAAAAAAAP\/\/\/yH5BAEAAAAALAAAAAABAAEAAAIBRAA7\"\/><noscript><img decoding=\"async\" loading=\"lazy\" width=\"708\" height=\"472\" src=\"https:\/\/i0.wp.com\/www.cancunmio.com\/wp-content\/uploads\/2021\/07\/UT-CANCUN-BIS-LANZA-POSGRADOS-2.jpeg?resize=708%2C472&amp;ssl=1\" alt=\"\" class=\"wp-image-188554\" srcset=\"https:\/\/i0.wp.com\/www.cancunmio.com\/wp-content\/uploads\/2021\/07\/UT-CANCUN-BIS-LANZA-POSGRADOS-2.jpeg?w=1280&amp;ssl=1 1280w, https:\/\/i0.wp.com\/www.cancunmio.com\/wp-content\/uploads\/2021\/07\/UT-CANCUN-BIS-LANZA-POSGRADOS-2.jpeg?resize=300%2C200&amp;ssl=1 300w, https:\/\/i0.wp.com\/www.cancunmio.com\/wp-content\/uploads\/2021\/07\/UT-CANCUN-BIS-LANZA-POSGRADOS-2.jpeg?resize=768%2C512&amp;ssl=1 768w\" sizes=\"auto, (max-width: 708px) 100vw, 708px\" data-recalc-dims=\"1\"\/><\/noscript><\/figure>\n<p>Para ello, dijo que se hizo un arduo trabajo desde hace ya varios meses para cumplir con los lineamientos establecidos por la Direcci\u00f3n Normal de Universidades Tecnol\u00f3gicas y Polit\u00e9cnicas a cargo del Dr. Herminio Baltazar Cisneros, los cuales se publicaron a fines del 2019 y consideran requisitos como contar con una matr\u00edcula de m\u00e1s de tres mil estudiantes, tener todos sus programas educativos acreditados, contar con adecuada infraestructura y con cuerpos acad\u00e9micos y de investigaci\u00f3n, entre otros.<\/p>\n<p>En el evento, adem\u00e1s del gobernador del estado, C.P. Carlos Joaqu\u00edn Gonz\u00e1lez, se cont\u00f3 con la presencia de la coordinadora acad\u00e9mica y de desarrollo de la Direcci\u00f3n Normal de Universidades Tecnol\u00f3gicas y Polit\u00e9cnicas, Mtra. Yndira Castillo del \u00c1ngel, en representaci\u00f3n del director de esa dependencia, Dr. Herminio Baltazar. Tambi\u00e9n estuvieron presentes la presidenta municipal Mara Lezama; el subsecretario de Educaci\u00f3n en la zona norte, Carlos Gorocica, quien acudi\u00f3 en representaci\u00f3n de la secretaria de Educaci\u00f3n en el estado, Ana Isabel V\u00e1zquez; el presidente de la Asociaci\u00f3n Nacional de Universidades Tecnol\u00f3gicas, Ra\u00fal Mart\u00ednez Hern\u00e1ndez; el presidente de la Comisi\u00f3n de Educaci\u00f3n del Congreso del Estado, Eduardo Mart\u00ednez Arcila y la secretaria estatal de Turismo, Marisol Vanegas, entre otros.\u00a0<\/p>\n<figure class=\"wp-block-image size-large\"><img decoding=\"async\" loading=\"lazy\" width=\"708\" height=\"472\" src=\"https:\/\/i2.wp.com\/www.cancunmio.com\/wp-content\/uploads\/2021\/07\/UT-CANCUN-BIS-LANZA-POSGRADOS-1.jpeg?resize=708%2C472&amp;ssl=1\" alt=\"\" class=\"wp-image-188553 jetpack-lazy-image\" data-recalc-dims=\"1\" data-lazy-srcset=\"https:\/\/i2.wp.com\/www.cancunmio.com\/wp-content\/uploads\/2021\/07\/UT-CANCUN-BIS-LANZA-POSGRADOS-1.jpeg?w=1280&amp;ssl=1 1280w, https:\/\/i2.wp.com\/www.cancunmio.com\/wp-content\/uploads\/2021\/07\/UT-CANCUN-BIS-LANZA-POSGRADOS-1.jpeg?resize=300%2C200&amp;ssl=1 300w, https:\/\/i2.wp.com\/www.cancunmio.com\/wp-content\/uploads\/2021\/07\/UT-CANCUN-BIS-LANZA-POSGRADOS-1.jpeg?resize=768%2C512&amp;ssl=1 768w\" data-lazy-sizes=\"(max-width: 708px) 100vw, 708px\" data-lazy-src=\"https:\/\/i2.wp.com\/www.cancunmio.com\/wp-content\/uploads\/2021\/07\/UT-CANCUN-BIS-LANZA-POSGRADOS-1.jpeg?resize=708%2C472&amp;is-pending-load=1#038;ssl=1\" srcset=\"data:image\/gif;base64,R0lGODlhAQABAIAAAAAAAP\/\/\/yH5BAEAAAAALAAAAAABAAEAAAIBRAA7\"\/><noscript><img decoding=\"async\" loading=\"lazy\" width=\"708\" height=\"472\" src=\"https:\/\/i2.wp.com\/www.cancunmio.com\/wp-content\/uploads\/2021\/07\/UT-CANCUN-BIS-LANZA-POSGRADOS-1.jpeg?resize=708%2C472&amp;ssl=1\" alt=\"\" class=\"wp-image-188553\" srcset=\"https:\/\/i2.wp.com\/www.cancunmio.com\/wp-content\/uploads\/2021\/07\/UT-CANCUN-BIS-LANZA-POSGRADOS-1.jpeg?w=1280&amp;ssl=1 1280w, https:\/\/i2.wp.com\/www.cancunmio.com\/wp-content\/uploads\/2021\/07\/UT-CANCUN-BIS-LANZA-POSGRADOS-1.jpeg?resize=300%2C200&amp;ssl=1 300w, https:\/\/i2.wp.com\/www.cancunmio.com\/wp-content\/uploads\/2021\/07\/UT-CANCUN-BIS-LANZA-POSGRADOS-1.jpeg?resize=768%2C512&amp;ssl=1 768w\" sizes=\"auto, (max-width: 708px) 100vw, 708px\" data-recalc-dims=\"1\"\/><\/noscript><\/figure>\n<p>La maestr\u00eda en Gesti\u00f3n de Destinos Tur\u00edsticos Sustentables ofrecer\u00e1 a los profesionistas una visi\u00f3n amplia del mercado world, las tendencias, el cuidado del medio ambiente y los recursos naturales, culturales e hist\u00f3ricos, adem\u00e1s de ofrecer soluciones innovadoras a las amenazas globales de la industria.<\/p>\n<p>Esta maestr\u00eda estar\u00e1 dirigida a egresados de licenciatura en turismo, ciencias econ\u00f3micas, administrativas, human\u00edsticas o sociales, acad\u00e9micos y profesionales del sector turismo, tanto de instituciones p\u00fablicas como privadas, con formaci\u00f3n m\u00ednima de nivel licenciatura; quienes al concluir sus estudios de posgrado tendr\u00e1n amplias oportunidades laborales,\u00a0\u00a0ya que se podr\u00e1n desempe\u00f1ar en la direcci\u00f3n de las empresas tur\u00edsticas, como directores de proyectos de calidad y certificaciones, gestores de programas p\u00fablicos, incluso hasta la investigaci\u00f3n aplicada y el desarrollo emprendedor.<\/p>\n<figure class=\"wp-block-image size-large\"><img decoding=\"async\" loading=\"lazy\" width=\"708\" height=\"472\" src=\"https:\/\/i1.wp.com\/www.cancunmio.com\/wp-content\/uploads\/2021\/07\/UT-CANCUN-BIS-LANZA-POSGRADOS-5.jpeg?resize=708%2C472&amp;ssl=1\" alt=\"\" class=\"wp-image-188552 jetpack-lazy-image\" data-recalc-dims=\"1\" data-lazy-srcset=\"https:\/\/i1.wp.com\/www.cancunmio.com\/wp-content\/uploads\/2021\/07\/UT-CANCUN-BIS-LANZA-POSGRADOS-5.jpeg?w=1280&amp;ssl=1 1280w, https:\/\/i1.wp.com\/www.cancunmio.com\/wp-content\/uploads\/2021\/07\/UT-CANCUN-BIS-LANZA-POSGRADOS-5.jpeg?resize=300%2C200&amp;ssl=1 300w, https:\/\/i1.wp.com\/www.cancunmio.com\/wp-content\/uploads\/2021\/07\/UT-CANCUN-BIS-LANZA-POSGRADOS-5.jpeg?resize=768%2C512&amp;ssl=1 768w\" data-lazy-sizes=\"(max-width: 708px) 100vw, 708px\" data-lazy-src=\"https:\/\/i1.wp.com\/www.cancunmio.com\/wp-content\/uploads\/2021\/07\/UT-CANCUN-BIS-LANZA-POSGRADOS-5.jpeg?resize=708%2C472&amp;is-pending-load=1#038;ssl=1\" srcset=\"data:image\/gif;base64,R0lGODlhAQABAIAAAAAAAP\/\/\/yH5BAEAAAAALAAAAAABAAEAAAIBRAA7\"\/><noscript><img decoding=\"async\" loading=\"lazy\" width=\"708\" height=\"472\" src=\"https:\/\/i1.wp.com\/www.cancunmio.com\/wp-content\/uploads\/2021\/07\/UT-CANCUN-BIS-LANZA-POSGRADOS-5.jpeg?resize=708%2C472&amp;ssl=1\" alt=\"\" class=\"wp-image-188552\" srcset=\"https:\/\/i1.wp.com\/www.cancunmio.com\/wp-content\/uploads\/2021\/07\/UT-CANCUN-BIS-LANZA-POSGRADOS-5.jpeg?w=1280&amp;ssl=1 1280w, https:\/\/i1.wp.com\/www.cancunmio.com\/wp-content\/uploads\/2021\/07\/UT-CANCUN-BIS-LANZA-POSGRADOS-5.jpeg?resize=300%2C200&amp;ssl=1 300w, https:\/\/i1.wp.com\/www.cancunmio.com\/wp-content\/uploads\/2021\/07\/UT-CANCUN-BIS-LANZA-POSGRADOS-5.jpeg?resize=768%2C512&amp;ssl=1 768w\" sizes=\"auto, (max-width: 708px) 100vw, 708px\" data-recalc-dims=\"1\"\/><\/noscript><\/figure>\n<p>As\u00ed mismo, se dio a conocer que se ofertar\u00e1 la Maestr\u00eda en Ingenier\u00eda aplicada en la Innovaci\u00f3n Tecnol\u00f3gica, dirigida a egresados de programas de ingenier\u00eda o licenciatura af\u00edn a alguna de las l\u00edneas terminales del programa de maestr\u00eda: Tecnolog\u00edas de la Informaci\u00f3n, Mecatr\u00f3nica, Redes de Datos y Telem\u00e1tica o similares, con formaci\u00f3n m\u00ednima de nivel licenciatura.<\/p>\n<p>Con esta especializaci\u00f3n, el campo laboral de estos egresados no tendr\u00e1 l\u00edmite, puesto que actualmente la tecnolog\u00eda est\u00e1 presente en toda actividad humana, y se espera que tengan la oportunidad de incorporarse como directores de proyectos de encargarse de la modernizaci\u00f3n tecnol\u00f3gica en las empresas, con sistemas de automatizaci\u00f3n, eficiencia energ\u00e9tica o uso del web de las cosas; as\u00ed como tambi\u00e9n emprender en empresas con sus dise\u00f1os y prototipos\u00a0\u00a0que ayuden a resolver problemas sociales o corporativos.<\/p>\n<p>La primera generaci\u00f3n iniciar\u00e1 el primer cuatrimestre la UT Canc\u00fan BIS en enero del 2022 de manera semipresencial, con clases los viernes de 5 a ten pm y s\u00e1bados de 9 am a 2 pm, con una duraci\u00f3n de dos a\u00f1os, el curso proped\u00e9utico y seis cuatrimestres que ya incluyen el periodo de estad\u00eda y titulaci\u00f3n. El registro de los aspirantes comenzar\u00e1 a partir del 16 de julio y hasta el 8 de septiembre, mismo periodo en el que se har\u00e1 el pago del curso proped\u00e9utico y examen diagn\u00f3stico de ingl\u00e9s; del 13 de agosto al 10 de septiembre se har\u00e1 la recepci\u00f3n de documentos, del 6 de septiembre al 29 de octubre se realizar\u00e1 el examen diagn\u00f3stico de ingl\u00e9s; el 13 de septiembre iniciar\u00e1 el curso proped\u00e9utico, que concluir\u00e1 el 10 de diciembre.<\/p>\n<p>Posteriormente, del 15 de noviembre al 10 de diciembre el Comit\u00e9 Acad\u00e9mico de Posgrados entrevistar\u00e1 a los aspirantes a cursar alguna de las dos maestr\u00edas; siendo hasta el 14 de diciembre cuando se publiquen los resultados e iniciando el cuatrimestre el 10 de enero del 2022.<\/p>\n<p>Aunque el sistema de posgrados de la UT Canc\u00fan BIS comienza con estos dos programas, ya se tiene una visi\u00f3n de incluir m\u00e1s programas que contribuyan a responder de manera oportuna a las necesidades de desarrollo social y econ\u00f3mico de nuestro estado, que aporten valor a la preparaci\u00f3n profesional y al talento de cada uno de nuestros egresados para que sea en la UT Canc\u00fan BIS, su Alma Mater, donde encuentren m\u00e1s y mejores oportunidades para alcanzar sus sue\u00f1os.\u00a0<\/p>\n<p>As\u00ed mismo estuvieron presentes la delegada federal de la SEP en Quintana Roo, Flora Mar\u00eda Casanova; Sergio Gonz\u00e1lez Rubiera, presidente de la Asociaci\u00f3n Mexicana de Agencias de Viajes de Quintana Roo A.C; Augusto Sosa Espinosa, director de Operadoras Tur\u00edsticas Sosa; Elsa Miriam Cort\u00e9s Franco, presidenta Ejecutiva de la Asociaci\u00f3n de Clubes Vacacionales de Quintana Roo, entre otras personalidades.<\/p>\n<\/p><\/div>\n<p><script data-cfasync=\"false\">(function(d, s, id){\n\t\t\t\t\t  var js, fjs = d.getElementsByTagName(s)[0];\n\t\t\t\t\t  if (d.getElementById(id)) return;\n\t\t\t\t\t  js = d.createElement(s); js.id = id;\n\t\t\t\t\t  js.src = \"\/\/connect.facebook.net\/es_ES\/sdk.js#xfbml=1&version=v3.2\";\n\t\t\t\t\t  fjs.parentNode.insertBefore(js, fjs);\n\t\t\t\t\t}(document, 'script', 'facebook-jssdk'));<\/script><br \/>\n<br \/><\/p>\n<p><em> &#8221; Fuentes www.cancunmio.com &#8221; <\/em><\/p>\n","protected":false},"excerpt":{"rendered":"<p>La Universidad Tecnol\u00f3gica de Canc\u00fan BIS llev\u00f3 a cabo el lanzamiento del sistema de posgrado que se apertura con las Maestr\u00edas en Gesti\u00f3n de Destinos Tur\u00edsticos Sustentables y la de Ingenier\u00eda aplicada en la Innovaci\u00f3n Tecnol\u00f3gica, beneficiando a egresados y estudiantes de otras universidades interesados en seguir \u201cEscalando con Firmeza\u201d en su preparaci\u00f3n acad\u00e9mica y [&hellip;]<\/p>\n","protected":false},"author":4,"featured_media":159149,"comment_status":"open","ping_status":"closed","sticky":false,"template":"","format":"standard","meta":{"om_disable_all_campaigns":false,"jnews-multi-image_gallery":[],"jnews_single_post":[],"jnews_primary_category":[],"jnews_social_meta":[],"footnotes":""},"categories":[39],"tags":[2010,2151],"class_list":["post-159148","post","type-post","status-publish","format-standard","has-post-thumbnail","hentry","category-viajes","tag-cancun","tag-principal"],"_links":{"self":[{"href":"https:\/\/dimensionturistica.com\/es\/wp-json\/wp\/v2\/posts\/159148","targetHints":{"allow":["GET"]}}],"collection":[{"href":"https:\/\/dimensionturistica.com\/es\/wp-json\/wp\/v2\/posts"}],"about":[{"href":"https:\/\/dimensionturistica.com\/es\/wp-json\/wp\/v2\/types\/post"}],"author":[{"embeddable":true,"href":"https:\/\/dimensionturistica.com\/es\/wp-json\/wp\/v2\/users\/4"}],"replies":[{"embeddable":true,"href":"https:\/\/dimensionturistica.com\/es\/wp-json\/wp\/v2\/comments?post=159148"}],"version-history":[{"count":0,"href":"https:\/\/dimensionturistica.com\/es\/wp-json\/wp\/v2\/posts\/159148\/revisions"}],"wp:featuredmedia":[{"embeddable":true,"href":"https:\/\/dimensionturistica.com\/es\/wp-json\/wp\/v2\/media\/159149"}],"wp:attachment":[{"href":"https:\/\/dimensionturistica.com\/es\/wp-json\/wp\/v2\/media?parent=159148"}],"wp:term":[{"taxonomy":"category","embeddable":true,"href":"https:\/\/dimensionturistica.com\/es\/wp-json\/wp\/v2\/categories?post=159148"},{"taxonomy":"post_tag","embeddable":true,"href":"https:\/\/dimensionturistica.com\/es\/wp-json\/wp\/v2\/tags?post=159148"}],"curies":[{"name":"wp","href":"https:\/\/api.w.org\/{rel}","templated":true}]}}