{"id":158917,"date":"2021-07-15T15:03:55","date_gmt":"2021-07-15T15:03:55","guid":{"rendered":"https:\/\/dimensionturistica.com\/es\/?p=158917"},"modified":"2021-07-15T15:03:55","modified_gmt":"2021-07-15T15:03:55","slug":"agencias-de-viajes-se-deslindan-ante-contagios-por-covid-19-en-quintana-roo","status":"publish","type":"post","link":"https:\/\/dimensionturistica.com\/es\/agencias-de-viajes-se-deslindan-ante-contagios-por-covid-19-en-quintana-roo\/","title":{"rendered":"Agencias de viajes se deslindan ante contagios por COVID-19 en Quintana Roo"},"content":{"rendered":"<p> <br \/>\n<\/p>\n<div id=\"cuerpo-nota\">\n<p>En <strong>Quintana Roo<\/strong>, tanto las agencias de viajes como las de excursions se deslindan de responsabilidades por infecciones de <strong>COVID-19<\/strong> en los viajeros, pues el seguro que ofrecen no cubre estos casos, s\u00f3lo accidentes.<\/p>\n<p>Dentro de los m\u00f3dulos de excursions ubicados en Plaza las Am\u00e9ricas, en <strong>Canc\u00fan<\/strong>, private de BestDay asever\u00f3 que no realizan excursiones, pero venden boletos individuales hacia varios destinos.<\/p>\n<aside class=\"htmlinline\"\/>\n<aside class=\"relacionadas con-foto\">\n<h5>Noticias Relacionadas<\/h5>\n<\/aside>\n<p>Al solicitar informaci\u00f3n sobre un viaje a Chich\u00e9n Itz\u00e1, el trabajador afirm\u00f3 que el pago es particular person y neg\u00f3 que la empresa ofrezca paquetes.<\/p>\n<p><img decoding=\"async\" alt=\"\" height=\"497\" src=\"https:\/\/www.poresto.net\/u\/fotografias\/m\/2021\/7\/15\/f768x1-100006_100133_12.jpg\" width=\"768\"\/><\/p>\n<aside class=\"htmlinline\"\/>\n<h3>S\u00edguenos en <a rel=\"nofollow noopener\" target=\"_blank\" href=\"https:\/\/bit.ly\/PorEstoGoogleNews\"><strong>Google News<\/strong><\/a> y recibe la mejor informaci\u00f3n.<\/h3>\n<p>De igual forma, rechaz\u00f3 que se otorgue alg\u00fan seguro de viajero en caso de enfermar de coronavirus, pero reconoci\u00f3 que la empresa cuenta con p\u00f3liza en caso de siniestro.<\/p>\n<p>Por su parte, trabajadores de Canc\u00fan Expertise Excursions, a trav\u00e9s de llamada telef\u00f3nica, afirmaron que el seguro que otorgan es el \u201cnormal\u201d en caso de accidente, no as\u00ed de llegar a contraer coronavirus, enfermedad que ha arrebatado la vida a 3 mil 120 personas en Quintana Roo, seg\u00fan la informaci\u00f3n de la Secretar\u00eda de Salud Estatal.<\/p>\n<p>Empleados de Canc\u00fan Caribe Excursions, con m\u00f3dulo en Plaza Las Am\u00e9ricas, indicaron que ofrecen paquetes para cada destino. Afirmaron contar con seguro en caso de siniestros, pero tampoco cubren casos de contagio por SARS-CoV-2.<\/p>\n<p>Private de la agencia Acuarela Excursions, ubicada en Veracruz, precis\u00f3 que si bien no cuentan con un seguro espec\u00edfico en caso contagio del virus, s\u00ed aplican todos los protocolos para evitarlo.\n<\/p>\n<p><img decoding=\"async\" alt=\"\" height=\"529\" src=\"https:\/\/www.poresto.net\/u\/fotografias\/m\/2021\/7\/15\/f768x1-100007_100134_20.jpg\" width=\"768\"\/>\n<\/p>\n<p>Respecto a los hospitales donde brindar\u00edan la atenci\u00f3n m\u00e9dica, se\u00f1alaron que\u00a0 depende de los convenios que tenga cada aseguradora del transporte donde viajen los usuarios, al ser obligatorio para los veh\u00edculos por disposici\u00f3n Federal.\n<\/p>\n<p>En Quintana Roo, al menos 50 extranjeros que enfermaron de COVID-19 en Canc\u00fan utilizaron su seguro m\u00e9dico specific, pero al agotarse la p\u00f3liza, fueron trasladados al Hospital Basic de Canc\u00fan \u201cJes\u00fas Kumate Rodr\u00edguez\u201d.\n<\/p>\n<p>Aurelio Espinoza Rojas, director ese nosocomio, reconoci\u00f3 que tienen tres extranjeros hospitalizados: dos brasile\u00f1os y una mujer de nacionalidad rusa, quien estuvo intubada y se prev\u00e9 que la pr\u00f3xima semana sea dada de alta al recuperarse satisfactoriamente.\n<\/p>\n<p>JCL\n<\/p>\n<\/div>\n<p><script>\n      window.fbAsyncInit = function() {\n        FB.init({\n          appId      : '{292213061927134}',\n          status     : true,\n\t\t  version:  'v2.7',\n          xfbml      : true\n        });\nFB.Event.subscribe('comment.create', function (response) {grabacom_compa(263652)});\t\nFB.Event.subscribe('comment.remove',  function (response) {grabacom_compa(263652)});\t\nFB.Event.subscribe('edge.create',  function (response) {grabacom_compa(263652)});\nFB.Event.subscribe('edge.remove',  function (response) {grabacom_compa(263652)});\n      };\n(function(d, s, id) {\n  var js, fjs = d.getElementsByTagName(s)[0];\n  if (d.getElementById(id)) return;\n  js = d.createElement(s); js.id = id;\n  js.src = \"\/\/connect.facebook.net\/es_LA\/sdk.js#xfbml=1&version=v2.7&appId=292213061927134\";\n  fjs.parentNode.insertBefore(js, fjs);\n}(document, 'script', 'facebook-jssdk'));\n    <\/script><br \/>\n<br \/><\/p>\n<p><em> &#8221; Fuentes www.poresto.net &#8221; <\/em><\/p>\n","protected":false},"excerpt":{"rendered":"<p>En Quintana Roo, tanto las agencias de viajes como las de excursions se deslindan de responsabilidades por infecciones de COVID-19 en los viajeros, pues el seguro que ofrecen no cubre estos casos, s\u00f3lo accidentes. Dentro de los m\u00f3dulos de excursions ubicados en Plaza las Am\u00e9ricas, en Canc\u00fan, private de BestDay asever\u00f3 que no realizan excursiones, [&hellip;]<\/p>\n","protected":false},"author":4,"featured_media":158918,"comment_status":"open","ping_status":"closed","sticky":false,"template":"","format":"standard","meta":{"om_disable_all_campaigns":false,"jnews-multi-image_gallery":[],"jnews_single_post":[],"jnews_primary_category":[],"jnews_social_meta":[],"footnotes":""},"categories":[40],"tags":[569,1064,544],"class_list":["post-158917","post","type-post","status-publish","format-standard","has-post-thumbnail","hentry","category-industria","tag-agencias-de-viajes","tag-quintana-roo","tag-turismo"],"_links":{"self":[{"href":"https:\/\/dimensionturistica.com\/es\/wp-json\/wp\/v2\/posts\/158917","targetHints":{"allow":["GET"]}}],"collection":[{"href":"https:\/\/dimensionturistica.com\/es\/wp-json\/wp\/v2\/posts"}],"about":[{"href":"https:\/\/dimensionturistica.com\/es\/wp-json\/wp\/v2\/types\/post"}],"author":[{"embeddable":true,"href":"https:\/\/dimensionturistica.com\/es\/wp-json\/wp\/v2\/users\/4"}],"replies":[{"embeddable":true,"href":"https:\/\/dimensionturistica.com\/es\/wp-json\/wp\/v2\/comments?post=158917"}],"version-history":[{"count":0,"href":"https:\/\/dimensionturistica.com\/es\/wp-json\/wp\/v2\/posts\/158917\/revisions"}],"wp:featuredmedia":[{"embeddable":true,"href":"https:\/\/dimensionturistica.com\/es\/wp-json\/wp\/v2\/media\/158918"}],"wp:attachment":[{"href":"https:\/\/dimensionturistica.com\/es\/wp-json\/wp\/v2\/media?parent=158917"}],"wp:term":[{"taxonomy":"category","embeddable":true,"href":"https:\/\/dimensionturistica.com\/es\/wp-json\/wp\/v2\/categories?post=158917"},{"taxonomy":"post_tag","embeddable":true,"href":"https:\/\/dimensionturistica.com\/es\/wp-json\/wp\/v2\/tags?post=158917"}],"curies":[{"name":"wp","href":"https:\/\/api.w.org\/{rel}","templated":true}]}}