{"id":157803,"date":"2021-07-13T18:58:43","date_gmt":"2021-07-13T18:58:43","guid":{"rendered":"https:\/\/dimensionturistica.com\/es\/?p=157803"},"modified":"2021-07-13T18:58:43","modified_gmt":"2021-07-13T18:58:43","slug":"suman-a-las-agencias-de-viajes-a-la-plataforma-de-ventas-catsale","status":"publish","type":"post","link":"https:\/\/dimensionturistica.com\/es\/suman-a-las-agencias-de-viajes-a-la-plataforma-de-ventas-catsale\/","title":{"rendered":"Suman a las agencias de viajes a la plataforma de ventas \u201cCat@Sale\u201d"},"content":{"rendered":"<p> <br \/>\n<\/p>\n<div>\n<div class=\"fecha-movil\">\n<p>\n<span class=\"dia\">martes, 13 de julio de 2021<\/span><br \/>\n<span class=\"brand-circle\"\/><br \/>\n<span class=\"hora\">15:50<\/span>\n<\/p>\n<\/div>\n<p>El director de Calidad Tur\u00edstica de la provincia, Esteban Piskulich, en representaci\u00f3n de la Secretar\u00eda de Gesti\u00f3n Tur\u00edstica de Catamarca, firm\u00f3 un convenio con la Asociaci\u00f3n de Agencias de Viajes de la Provincia de Catamarca, representada por Marcelo Coll, y la Direcci\u00f3n Provincial de Pymes y Formaci\u00f3n dependiente del Ministerio de Industria, Comercio y Empleo de Catamarca<\/p>\n<p>representada por F\u00e9lix Jos\u00e9 Barrera, con el fin de sumar las agencias de viajes de la provincia de Catamarca, que est\u00e1n habilitadas e inscriptas en el Registro Nacional de Agencias de Viaje, a la plataforma de ventas \u201cCat@Sale\u201d, a llevarse a cabo los d\u00edas 15,16 y 17 de julio.<\/p>\n<p>Cat@Sale tiene como objetivo la venta y promoci\u00f3n de productos de locales y en este sentido las agencias de viajes se comprometen a ofrecer descuentos y\/ promociones en la comercializaci\u00f3n del tipo de turismo conocido como \u201creceptivo\u201d.<\/p>\n<p>El convenio tambi\u00e9n prev\u00e9 la invitaci\u00f3n a las Agencias de Viajes a participar de estos d\u00edas de descuentos si lo hubiere en el futuro.<\/p>\n<\/div>\n<p><script>\n      window.fbAsyncInit = function() {\n        FB.init({\n          appId      : '{156514237751510}',\n          status     : true,\n\t\t  version:  'v2.7',\n          xfbml      : true\n        });\nFB.Event.subscribe('comment.create', function (response) {grabacom_compa(402994)});\t\nFB.Event.subscribe('comment.remove',  function (response) {grabacom_compa(402994)});\t\nFB.Event.subscribe('edge.create',  function (response) {grabacom_compa(402994)});\nFB.Event.subscribe('edge.remove',  function (response) {grabacom_compa(402994)});\n      };\n(function(d, s, id) {\n  var js, fjs = d.getElementsByTagName(s)[0];\n  if (d.getElementById(id)) return;\n  js = d.createElement(s); js.id = id;\n  js.src = \"\/\/connect.facebook.net\/es_LA\/sdk.js#xfbml=1&version=v2.7&appId=156514237751510\";\n  fjs.parentNode.insertBefore(js, fjs);\n}(document, 'script', 'facebook-jssdk'));\n    <\/script><br \/>\n<br \/><\/p>\n<p><em> &#8221; Fuentes www.elesquiu.com &#8221; <\/em><\/p>\n","protected":false},"excerpt":{"rendered":"<p>martes, 13 de julio de 2021 15:50 El director de Calidad Tur\u00edstica de la provincia, Esteban Piskulich, en representaci\u00f3n de la Secretar\u00eda de Gesti\u00f3n Tur\u00edstica de Catamarca, firm\u00f3 un convenio con la Asociaci\u00f3n de Agencias de Viajes de la Provincia de Catamarca, representada por Marcelo Coll, y la Direcci\u00f3n Provincial de Pymes y Formaci\u00f3n dependiente [&hellip;]<\/p>\n","protected":false},"author":4,"featured_media":157804,"comment_status":"open","ping_status":"closed","sticky":false,"template":"","format":"standard","meta":{"om_disable_all_campaigns":false,"jnews-multi-image_gallery":[],"jnews_single_post":[],"jnews_primary_category":[],"jnews_social_meta":[],"footnotes":""},"categories":[40],"tags":[27596,2109,544],"class_list":["post-157803","post","type-post","status-publish","format-standard","has-post-thumbnail","hentry","category-industria","tag-catsale","tag-catamarca","tag-turismo"],"_links":{"self":[{"href":"https:\/\/dimensionturistica.com\/es\/wp-json\/wp\/v2\/posts\/157803","targetHints":{"allow":["GET"]}}],"collection":[{"href":"https:\/\/dimensionturistica.com\/es\/wp-json\/wp\/v2\/posts"}],"about":[{"href":"https:\/\/dimensionturistica.com\/es\/wp-json\/wp\/v2\/types\/post"}],"author":[{"embeddable":true,"href":"https:\/\/dimensionturistica.com\/es\/wp-json\/wp\/v2\/users\/4"}],"replies":[{"embeddable":true,"href":"https:\/\/dimensionturistica.com\/es\/wp-json\/wp\/v2\/comments?post=157803"}],"version-history":[{"count":0,"href":"https:\/\/dimensionturistica.com\/es\/wp-json\/wp\/v2\/posts\/157803\/revisions"}],"wp:featuredmedia":[{"embeddable":true,"href":"https:\/\/dimensionturistica.com\/es\/wp-json\/wp\/v2\/media\/157804"}],"wp:attachment":[{"href":"https:\/\/dimensionturistica.com\/es\/wp-json\/wp\/v2\/media?parent=157803"}],"wp:term":[{"taxonomy":"category","embeddable":true,"href":"https:\/\/dimensionturistica.com\/es\/wp-json\/wp\/v2\/categories?post=157803"},{"taxonomy":"post_tag","embeddable":true,"href":"https:\/\/dimensionturistica.com\/es\/wp-json\/wp\/v2\/tags?post=157803"}],"curies":[{"name":"wp","href":"https:\/\/api.w.org\/{rel}","templated":true}]}}