{"id":157468,"date":"2021-07-13T04:24:40","date_gmt":"2021-07-13T04:24:40","guid":{"rendered":"https:\/\/dimensionturistica.com\/es\/?p=157468"},"modified":"2021-07-13T04:24:41","modified_gmt":"2021-07-13T04:24:41","slug":"riquelme-no-descarta-que-haya-mas-casos-covid-entre-jovenes-de-torreon-por-viajes-el-siglo-de-torreon","status":"publish","type":"post","link":"https:\/\/dimensionturistica.com\/es\/riquelme-no-descarta-que-haya-mas-casos-covid-entre-jovenes-de-torreon-por-viajes-el-siglo-de-torreon\/","title":{"rendered":"Riquelme no descarta que haya m\u00e1s casos COVID entre j\u00f3venes de Torre\u00f3n por viajes, El Siglo de Torre\u00f3n"},"content":{"rendered":"<p> <br \/>\n<\/p>\n<p>\nEl gobernador de Coahuila, Miguel \u00c1ngel Riquelme, no descart\u00f3 que pueda haber m\u00e1s casos COVID en Torre\u00f3n tras notificar sobre alrededor de 25 contagios de j\u00f3venes de entre 18 y 25 a\u00f1os que viajaron a Canc\u00fan y Mazatl\u00e1n y a su regreso dieron positivo.\u00a0 <\/p>\n<div>\n<p>Riquelme Sol\u00eds asegur\u00f3 que la Secretar\u00eda de Salud monitorea otras instituciones privadas que organizaron el mismo tipo de viajes.<\/p>\n<p>VER M\u00c1S: <a rel=\"nofollow noopener\" target=\"_blank\" href=\"https:\/\/www.elsiglodetorreon.com.mx\/noticia\/1946956.jovenes-de-torreon-se-van-a-cancun-y-mazatlan-y-regresan-contagiados-de-covid-19.html\" title=\"J\u00f3venes de Torre\u00f3n se van a Canc\u00fan y Mazatl\u00e1n y regresan contagiados de COVID-19\">J\u00f3venes de Torre\u00f3n se van a Canc\u00fan y Mazatl\u00e1n y regresan contagiados de COVID-19<\/a>\u00a0<\/p>\n<p>Se\u00f1al\u00f3 que se manej\u00f3 la alerta para instalar un centro de pruebas PCR, para que de los casos que sean detectados se puedan ir estableciendo los cercos sanitarios de los contactos, para frenar la propagaci\u00f3n del virus.\u00a0 <\/p>\n<p>Reiter\u00f3 que se trata de contagios &#8220;importados&#8221;.\u00a0 <\/p>\n<p>VER M\u00c1S: <a rel=\"nofollow noopener\" target=\"_blank\" href=\"https:\/\/www.elsiglodetorreon.com.mx\/noticia\/1946884.alcalde-de-torreon-pide-extremar-precauciones-ante-repunte-de-casos-covid-en-mexico.html\" title=\"Alcalde de Torre\u00f3n pide extremar precauciones ante repunte de casos COVID en M\u00e9xico\">Alcalde de Torre\u00f3n pide extremar precauciones ante repunte de casos COVID en M\u00e9xico<\/a>\u00a0<\/p>\n<p>&#8220;No sabemos realmente cu\u00e1l es la situaci\u00f3n en el estado de Sinaloa y Quintana Roo, y tampoco queremos evitar que se haga turismo en otras partes del pa\u00eds; sin embargo, de manera responsable como sucedi\u00f3, lo decimos claramente. Fue un tema que gener\u00f3 inter\u00e9s \u00a0entre los integrantes del subcomit\u00e9 de este lunes&#8221;, dijo. <\/p>\n<p>Alert\u00f3 a los padres de familia a tomar las precauciones necesarias \u00a0y de igual forma a las instituciones educativas para que se coordinen con la Secretar\u00eda de Salud en caso de que hayan realizado actividades escolares de esta naturaleza o planeen llevarlas a cabo.<\/p>\n<p><iframe src=\"https:\/\/www.elsiglodetorreon.com.mx\/votacion\/10012.html\" class=\"mt-5\" style=\"border:none;overflow:hidden;min-height:500px;\"><\/iframe><\/p>\n<p>\n<button data-emo=\"1\" data-no=\"0\" id=\"emo1\" class=\"emos btn btn-outline-secondary mb-2\">&#x1f44d; me gusta <small\/><\/button><br \/>\n<button data-emo=\"2\" data-no=\"0\" id=\"emo2\" class=\"emos btn btn-outline-secondary mb-2\">&#x1f60d; me encanta <small\/><\/button><br \/>\n<button data-emo=\"3\" data-no=\"0\" id=\"emo3\" class=\"emos btn btn-outline-secondary mb-2\">&#x1f923; divertido <small\/><\/button><br \/>\n<button data-emo=\"4\" data-no=\"0\" id=\"emo4\" class=\"emos btn btn-outline-secondary mb-2\">&#x1f62e; sorprendido <small\/><\/button><br \/>\n<button data-emo=\"5\" data-no=\"0\" id=\"emo5\" class=\"emos btn btn-outline-secondary mb-2\">&#x1f621; enojado <small\/><\/button><br \/>\n<button data-emo=\"6\" data-no=\"0\" id=\"emo6\" class=\"emos btn btn-outline-secondary mb-2\">&#x1f622; triste <small\/><\/button><\/p>\n<h6 class=\"small\"\/>\n<\/div>\n<p><script>\n  !function(f,b,e,v,n,t,s)\n  {if(f.fbq)return;n=f.fbq=function(){n.callMethod?\n  n.callMethod.apply(n,arguments):n.queue.push(arguments)};\n  if(!f._fbq)f._fbq=n;n.push=n;n.loaded=!0;n.version='2.0';\n  n.queue=[];t=b.createElement(e);t.async=!0;\n  t.src=v;s=b.getElementsByTagName(e)[0];\n  s.parentNode.insertBefore(t,s)}(window, document,'script',\n  'https:\/\/connect.facebook.net\/en_US\/fbevents.js');\n  fbq('init', '871541936550779');\n  fbq('track', 'PageView');\n<\/script><script>(function(d, s, id) { var js, fjs = d.getElementsByTagName(s)[0]; if (d.getElementById(id)) return; js = d.createElement(s); js.id = id; js.src=\"https:\/\/connect.facebook.net\/es_LA\/sdk.js#xfbml=1&version=v3.2&appId=133034970052161&autoLogAppEvents=1\"; fjs.parentNode.insertBefore(js, fjs); }(document, 'script', 'facebook-jssdk'));<\/script><br \/>\n<br \/><\/p>\n<p><em> &#8221; Fuentes www.elsiglodetorreon.com.mx &#8221; <\/em><\/p>\n","protected":false},"excerpt":{"rendered":"<p>El gobernador de Coahuila, Miguel \u00c1ngel Riquelme, no descart\u00f3 que pueda haber m\u00e1s casos COVID en Torre\u00f3n tras notificar sobre alrededor de 25 contagios de j\u00f3venes de entre 18 y 25 a\u00f1os que viajaron a Canc\u00fan y Mazatl\u00e1n y a su regreso dieron positivo.\u00a0 Riquelme Sol\u00eds asegur\u00f3 que la Secretar\u00eda de Salud monitorea otras instituciones [&hellip;]<\/p>\n","protected":false},"author":4,"featured_media":157469,"comment_status":"open","ping_status":"closed","sticky":false,"template":"","format":"standard","meta":{"om_disable_all_campaigns":false,"jnews-multi-image_gallery":[],"jnews_single_post":[],"jnews_primary_category":[],"jnews_social_meta":[],"footnotes":""},"categories":[39],"tags":[55,510],"class_list":["post-157468","post","type-post","status-publish","format-standard","has-post-thumbnail","hentry","category-viajes","tag-coronavirus","tag-covid-19"],"_links":{"self":[{"href":"https:\/\/dimensionturistica.com\/es\/wp-json\/wp\/v2\/posts\/157468","targetHints":{"allow":["GET"]}}],"collection":[{"href":"https:\/\/dimensionturistica.com\/es\/wp-json\/wp\/v2\/posts"}],"about":[{"href":"https:\/\/dimensionturistica.com\/es\/wp-json\/wp\/v2\/types\/post"}],"author":[{"embeddable":true,"href":"https:\/\/dimensionturistica.com\/es\/wp-json\/wp\/v2\/users\/4"}],"replies":[{"embeddable":true,"href":"https:\/\/dimensionturistica.com\/es\/wp-json\/wp\/v2\/comments?post=157468"}],"version-history":[{"count":0,"href":"https:\/\/dimensionturistica.com\/es\/wp-json\/wp\/v2\/posts\/157468\/revisions"}],"wp:featuredmedia":[{"embeddable":true,"href":"https:\/\/dimensionturistica.com\/es\/wp-json\/wp\/v2\/media\/157469"}],"wp:attachment":[{"href":"https:\/\/dimensionturistica.com\/es\/wp-json\/wp\/v2\/media?parent=157468"}],"wp:term":[{"taxonomy":"category","embeddable":true,"href":"https:\/\/dimensionturistica.com\/es\/wp-json\/wp\/v2\/categories?post=157468"},{"taxonomy":"post_tag","embeddable":true,"href":"https:\/\/dimensionturistica.com\/es\/wp-json\/wp\/v2\/tags?post=157468"}],"curies":[{"name":"wp","href":"https:\/\/api.w.org\/{rel}","templated":true}]}}