{"id":157141,"date":"2021-07-12T17:48:08","date_gmt":"2021-07-12T17:48:08","guid":{"rendered":"https:\/\/dimensionturistica.com\/es\/?p=157141"},"modified":"2021-07-12T17:48:09","modified_gmt":"2021-07-12T17:48:09","slug":"hector-lopez-disparan-fiestas-y-viajes-contagios-de-covid-en-leon-periodico-am","status":"publish","type":"post","link":"https:\/\/dimensionturistica.com\/es\/hector-lopez-disparan-fiestas-y-viajes-contagios-de-covid-en-leon-periodico-am\/","title":{"rendered":"H\u00e9ctor L\u00f3pez: Disparan fiestas y viajes contagios de COVID en Le\u00f3n | Peri\u00f3dico AM"},"content":{"rendered":"<p> <br \/>\n<\/p>\n<div>\n<p><strong>Le\u00f3n, Guanajuato.-<\/strong> El <strong>alcalde H\u00e9ctor L\u00f3pez Santillana<\/strong> asegur\u00f3 que <strong><a rel=\"nofollow noopener\" target=\"_blank\" href=\"https:\/\/www.am.com.mx\/guanajuato\/noticias\/COVID-Guanajuato-Confirman-85-casos-nuevos-y-0-muertes-por-coronavirus-en-el-estado-20210710-0026.html\">el aumento\u00a0de contagios de COVID-19 en los \u00faltimos d\u00edas en Le\u00f3n<\/a> <\/strong>se debe a las fiestas de graduaciones y viajes a otros estados, y no a la <strong>Feria de Verano 2021.<\/strong><\/p>\n<p>El <strong>Presidente Municipal<\/strong> indic\u00f3 que<a rel=\"nofollow noopener\" target=\"_blank\" href=\"https:\/\/www.am.com.mx\/guanajuato\/noticias\/Feria-de-Verano-Leon-2021-dejan-entrada-gratis-20210706-0029.html\"><strong> a partir de la gratuidad de la Feria de Verano Le\u00f3n 2021<\/strong><\/a> detectaron un incremento de visitantes, principalmente familias, y aunque a\u00fan esperan los datos de la afluencia, se\u00f1al\u00f3 que esto no ha representado un incremento de los contagios.\u00a0<\/p>\n<p>&#8220;Estoy esperando el corte del d\u00eda de ayer, pero parece ser que los resultados est\u00e1n siendo los esperados en t\u00e9rminos de afluencia de visitantes con el debido cuidado para evitar los contagios\u2026 Los casos de contagio que estamos teniendo no est\u00e1n relacionados con la <strong>Feria de Verano 2021<\/strong>&#8220;, afirm\u00f3.<\/p>\n<div style=\"text-align:center\">\n<figure class=\"image\" style=\"display:inline-block\">\n  <img decoding=\"async\" alt=\"\" data-height=\"481\" data-size=\"w:844,h:508\" data-width=\"800\" hspace=\"5\" src=\"https:\/\/www.am.com.mx\/export\/sites\/am\/img\/2021\/07\/12\/fiestas2.jpg_588183454.jpg\" title=\"\" vspace=\"5\"\/><figcaption>\n    El alcalde H\u00e9ctor L\u00f3pez Santillana asegur\u00f3 que los viajes tambi\u00e9n han disparado los contagios de COVID en Le\u00f3n. Foto: Cortes\u00eda del Municipio de Le\u00f3n.<br \/>\n  <\/figcaption><\/figure>\n<\/div>\n<p>Asegur\u00f3 que al momento no se tienen reportes de contagios al inside de la <strong>Feria de Verano 2021<\/strong>\u00a0y que los que se han conocido hasta ahora se han dado principalmente en fiestas de graduaci\u00f3n y viajes a centros tur\u00edsticos.<\/p>\n<p>&#8220;Por lo pronto ya observamos una modificaci\u00f3n en la tendencia, pero estaremos muy acorde con las autoridades sanitarias para poder tomar las medidas. Hasta este momento no se tiene contemplado (una modificaci\u00f3n de medidas sanitarias)&#8221;, mencion\u00f3.<\/p>\n<div id=\"mc_embed_signup_article\">\n<div class=\"suscribe\">\n\t<img decoding=\"async\" src=\"https:\/\/www.am.com.mx\/arte\/8am\/amanece-logo.svg\" scaletype=\"3\" scalecolor=\"transparent\" alt=\"8am\" height=\"85\" width=\"211\"\/><\/p>\n<p><strong>Recibe free of charge<\/strong> por e mail las 8 noticias esenciales de AM, antes de las 8:00 a.m.<\/p>\n<\/div>\n<p>  <img decoding=\"async\" class=\"img-phone\" src=\"https:\/\/www.am.com.mx\/arte\/8am\/8am-mockup-nota.png\" scaletype=\"3\" scalecolor=\"transparent\" alt=\"8am\" height=\"207\" width=\"205\"\/><\/p>\n<\/div>\n<section class=\"tags\">\n\t\t\t\t\t\t\t\t<span class=\"tags__text\">En esta nota:<\/span><\/p>\n<\/section><\/div>\n\n<p><em> &#8221; Fuentes www.am.com.mx &#8221; <\/em><\/p>\n","protected":false},"excerpt":{"rendered":"<p>Le\u00f3n, Guanajuato.- El alcalde H\u00e9ctor L\u00f3pez Santillana asegur\u00f3 que el aumento\u00a0de contagios de COVID-19 en los \u00faltimos d\u00edas en Le\u00f3n se debe a las fiestas de graduaciones y viajes a otros estados, y no a la Feria de Verano 2021. El Presidente Municipal indic\u00f3 que a partir de la gratuidad de la Feria de Verano [&hellip;]<\/p>\n","protected":false},"author":4,"featured_media":157142,"comment_status":"open","ping_status":"closed","sticky":false,"template":"","format":"standard","meta":{"om_disable_all_campaigns":false,"jnews-multi-image_gallery":[],"jnews_single_post":[],"jnews_primary_category":[],"jnews_social_meta":[],"footnotes":""},"categories":[39],"tags":[510,27501,27500],"class_list":["post-157141","post","type-post","status-publish","format-standard","has-post-thumbnail","hentry","category-viajes","tag-covid-19","tag-feria-de-verano-leon","tag-hector-lopez-santillana"],"_links":{"self":[{"href":"https:\/\/dimensionturistica.com\/es\/wp-json\/wp\/v2\/posts\/157141","targetHints":{"allow":["GET"]}}],"collection":[{"href":"https:\/\/dimensionturistica.com\/es\/wp-json\/wp\/v2\/posts"}],"about":[{"href":"https:\/\/dimensionturistica.com\/es\/wp-json\/wp\/v2\/types\/post"}],"author":[{"embeddable":true,"href":"https:\/\/dimensionturistica.com\/es\/wp-json\/wp\/v2\/users\/4"}],"replies":[{"embeddable":true,"href":"https:\/\/dimensionturistica.com\/es\/wp-json\/wp\/v2\/comments?post=157141"}],"version-history":[{"count":0,"href":"https:\/\/dimensionturistica.com\/es\/wp-json\/wp\/v2\/posts\/157141\/revisions"}],"wp:featuredmedia":[{"embeddable":true,"href":"https:\/\/dimensionturistica.com\/es\/wp-json\/wp\/v2\/media\/157142"}],"wp:attachment":[{"href":"https:\/\/dimensionturistica.com\/es\/wp-json\/wp\/v2\/media?parent=157141"}],"wp:term":[{"taxonomy":"category","embeddable":true,"href":"https:\/\/dimensionturistica.com\/es\/wp-json\/wp\/v2\/categories?post=157141"},{"taxonomy":"post_tag","embeddable":true,"href":"https:\/\/dimensionturistica.com\/es\/wp-json\/wp\/v2\/tags?post=157141"}],"curies":[{"name":"wp","href":"https:\/\/api.w.org\/{rel}","templated":true}]}}